{"id":876,"date":"2024-11-25T09:11:45","date_gmt":"2024-11-25T08:11:45","guid":{"rendered":"https:\/\/www.stimmenkartei.de\/blog\/?p=876"},"modified":"2026-03-15T12:46:00","modified_gmt":"2026-03-15T11:46:00","slug":"synchronsprecher-michael-caine-juergen-thormann","status":"publish","type":"post","link":"https:\/\/www.synchronsprecher.de\/blog\/synchronsprecher-michael-caine-juergen-thormann\/","title":{"rendered":"Synchronsprecher Michael Caine &#8211; J\u00fcrgen Thormann"},"content":{"rendered":"<div class=\"fusion-aligncenter\"><a class=\"fusion-button button-flat fusion-button-default-size button-green fusion-button-green button-1 fusion-button-default-span fusion-button-default-type fusion-no-medium-visibility\" target=\"_blank\" rel=\"noopener noreferrer\" href=\"https:\/\/www.synchronsprecher.de\/blog\/category\/in-memoriam\/\"><span class=\"fusion-button-text awb-button__text awb-button__text--default\">Verstorbene \/ Gestorbene Synchronsprecher \/ Synchronstimmen<\/span><\/a><\/div>\n<p><span style=\"text-decoration: underline;\"><strong>S T E C K B R I E F:<\/strong><\/span><\/p>\n<p><strong>Schauspieler, Regisseur, <span style=\"color: #339966;\" data-darkreader-inline-color=\"\"><a style=\"color: #339966;\" href=\"https:\/\/www.synchronsprecher.de\/werbesprecher.html\" data-darkreader-inline-color=\"\">Werbesprecher<\/a><\/span>, Synchronsprecher, H\u00f6rspielsprecher. J\u00fcrgen Thormann war die deutsche Synchronstimme u.a. von Michael Caine, Max von Sydow, Ian McKellen, Edward Fox. Mehr als 1.265 Sprechrollen. Geboren am 12. Februar 1928 in Rostock. Sternzeichen Wassermann. Verheiratet. Lebte in Berlin.<\/strong><\/p>\n<p><strong>Der wunderbare Synchronschauspieler J\u00fcrgen Thormann war seit mehr als einem halben Jahrhundert die deutsche Stimme des mehrfachen Oscar- und Golden Globe-Preistr\u00e4gers Michael Caine. <\/strong>Per 2020 galt er mit seinem Synchronkollegen Eckart Dux als Veteran und dienst\u00e4ltester Synchronsprecher in Deutschland. J\u00fcrgen Thormann war eine lebende Legende. Seine einmalig wertvolle Stimme, die so edel in der Anmutung erklang, war derart begehrt, dass J\u00fcrgen Thormann gar nicht daran dachte , beruflich aufzuh\u00f6ren. In der Literaturverfilmung <strong>Der Verf\u00fchrer l\u00e4sst sch\u00f6n gr\u00fc\u00dfen\u00a0<\/strong>wurde Thormann 1966 erstmals auf den Hollywoodsuperstar Michael Caine besetzt. Es sind dutzende an Filmen, in denen er Caine zur deutschen Sprache verhalf: <strong>Gottes Werk &amp; Teufels Beitrag, Austin Powers in Goldst\u00e4nder, Miss Undercover, The Dark\u00a0Knight\u00a0<\/strong>und so viele mehr, immerhin spielte Michael Caine bisher in mehr als 160 Filmen. Chapeau.<\/p>\n<p><strong>J\u00fcrgen Thormann war eine wahre Ikone in Synchrongesch\u00e4ft. <\/strong>Zu deren Lebzeiten synchronisierte er u.a. auch <strong>Peter O\u2019Toole, Roy Schneier, Vincent Price\u00a0<\/strong>oder <strong>Jean Rochefort\u00a0<\/strong>in Filmen wie <strong>Gullivers Reisen, Red Zone, Rembrandt <\/strong>oder\u00a0<strong>Immer \u00c4rger mit den M\u00e4dchen.\u00a0<\/strong>Die Liste der Hollywoodstars, denen Thormann half, ihr deutschsprachiges Publikum zu erreichen, war lang. Nicht zu vergessen auch sein gro\u00dfartiges Synchronschauspiel f\u00fcr <strong>Anthony Heald <\/strong>alias Dr. Frederick Chilton im f\u00fcnffach Oscar pr\u00e4mierten Meisterwerk <strong>Das Schweigen der L\u00e4mmer\u00a0<\/strong>oder in <strong>Roter Drache<\/strong>.<\/p>\n<p>Millionen von Kino- und Serienfans kennen seine Stimme. Brillant war auch sein Synchronschauspiel in Produktionen wie <strong>James Bond \u2013 Diamantenfieber, Indianer Jones und der Tempel des Todes, Terminator, Jurassic Park, Shakespeare in Love, The LEGO Batman Movie, Batman Begins, Prinz Eisenherz, Ratatouille <\/strong>oder auch als drei\u00e4ugiger Rabe im Serienhit <strong>Game of Thrones<\/strong>.<\/p>\n<p>Die bemerkenswerte Karriere von J\u00fcrgen Thormann startete auf der B\u00fchne. Viele Jahrzehnte spielte und inszenierte er am Theater und trat als Schauspieler im Kino und Fernsehen selbst vor die Kamera. Wir erinnern uns gerne zur\u00fcck, an die so herzallerliebste deutsche <strong>Fernsehserie Jakob &amp; Adele<\/strong>. Thormann kam auch in Produktionen wie <strong>Tatort, Wolffs Revier\u00a0<\/strong>oder <strong>Dr. Sommerfeld \u2013 Neues vom B\u00fclowbogen\u00a0<\/strong>regelm\u00e4\u00dfig in die deutschen Wohnzimmer.<\/p>\n<p><strong>Zum Synchron kam er bereits in den 1960-er Jahren.\u00a0<\/strong>W\u00e4hrend seiner Theaterzeit in Bonn wurde er f\u00fcr ein Vorsprechen angefragt. Sein erster Satz, erinnert sich der sympathische Thormann, war: \u201eMehr nach rechts.\u201c Er wiederholte diesen einige Male, dann kam die Stimme des Regisseurs aus dem OFF: \u201eWer ist denn dieser furchtbare Mensch, der mir dauernd den Take versaut.\u201c Das war sein Lehrgeld, aber zugleich auch der Beginn einer gro\u00dfartigen Karriere. <strong>Das k\u00fcnstlerische Gesamtschaffen von J\u00fcrgen Thormann im Synchron war seit Jahrzehnten herausragend und wurde 2007 mit dem Deutschen Preis f\u00fcr Synchron gew\u00fcrdigt.<\/strong><\/p>\n<p><strong>Die so wunderbar adlige, facettenreiche Stimme von J\u00fcrgen Thormann brillierte seit Jahrzehnten ebenfalls in unz\u00e4hligen H\u00f6rspielen und H\u00f6rb\u00fcchern. <\/strong>Seine Fans liebten ihn in Produktionen wie <strong>Die drei ???, TKKG, Hui Buh\u00a0<\/strong>und vielen mehr. Und auch als <strong>Werbestimme war<\/strong>\u00a0Thormann nach wie vor einer DER Sprecher der Gegenwart. Nicht nur die <strong>Deutsche Telekom\u00a0<\/strong>oder auch <strong>Meica<\/strong>\/<strong>Curry King\u00a0<\/strong>setzten auf den hohen Wiedererkennungswert seiner derart sympathisch besetzten Stimme.<\/p>\n<p>Nun ist J\u00fcrgen Thormann leider am 22. November 2024 mit 96 Jahren in Berlin verstorben.<\/p>\n<p>Wir verneigen uns tief und sagen DANKE f\u00fcr so viele wundervolle Momente im Studio.<\/p>\n<p>Gute Reise lieber J\u00fcrgen \ud83c\udf39.<\/p>\n<p>&nbsp;<\/p>\n<p style=\"text-align: left;\"><strong><span style=\"text-decoration: underline;\">H \u00d6 R B E I S P I E L E &#8211; <span style=\"color: #339966; text-decoration: underline;\" data-darkreader-inline-color=\"\"><a style=\"color: #339966; text-decoration: underline;\" href=\"https:\/\/www.synchronsprecher.de\/blog\/tonmischung-in-der-werbung\/\" data-darkreader-inline-color=\"\">in der finalen Tonmischung<\/a><\/span>:<\/span><\/strong><\/p>\n<p>&nbsp;<\/p>\n<p>Optik Friederichs &#8211; Nudel<\/p>\n<!--[if lt IE 9]><script>document.createElement('audio');<\/script><![endif]-->\n<audio class=\"wp-audio-shortcode\" id=\"audio-876-1\" preload=\"none\" style=\"width: 100%;\" controls=\"controls\"><source type=\"audio\/mpeg\" src=\"https:\/\/www.stimmenkartei.de\/blog\/wp-content\/uploads\/2019\/03\/Optik-Friederichs-Nudel-30s.mp3?_=1\" \/><a href=\"https:\/\/www.stimmenkartei.de\/blog\/wp-content\/uploads\/2019\/03\/Optik-Friederichs-Nudel-30s.mp3\">https:\/\/www.stimmenkartei.de\/blog\/wp-content\/uploads\/2019\/03\/Optik-Friederichs-Nudel-30s.mp3<\/a><\/audio>\n<p>&nbsp;<\/p>\n<p>Optik Friederichs &#8211; Laterne<\/p>\n<audio class=\"wp-audio-shortcode\" id=\"audio-876-2\" preload=\"none\" style=\"width: 100%;\" controls=\"controls\"><source type=\"audio\/mpeg\" src=\"https:\/\/www.stimmenkartei.de\/blog\/wp-content\/uploads\/2019\/03\/Optik-Friederichs-Laterne.mp3?_=2\" \/><a href=\"https:\/\/www.stimmenkartei.de\/blog\/wp-content\/uploads\/2019\/03\/Optik-Friederichs-Laterne.mp3\">https:\/\/www.stimmenkartei.de\/blog\/wp-content\/uploads\/2019\/03\/Optik-Friederichs-Laterne.mp3<\/a><\/audio>\n<p>&nbsp;<\/p>\n<p>Alpirsbacher Klosterbr\u00e4u<\/p>\n<audio class=\"wp-audio-shortcode\" id=\"audio-876-3\" preload=\"none\" style=\"width: 100%;\" controls=\"controls\"><source type=\"audio\/mpeg\" src=\"https:\/\/www.stimmenkartei.de\/blog\/wp-content\/uploads\/2019\/03\/Alpirsbacher-Glueck-22s.mp3?_=3\" \/><a href=\"https:\/\/www.stimmenkartei.de\/blog\/wp-content\/uploads\/2019\/03\/Alpirsbacher-Glueck-22s.mp3\">https:\/\/www.stimmenkartei.de\/blog\/wp-content\/uploads\/2019\/03\/Alpirsbacher-Glueck-22s.mp3<\/a><\/audio>\n<p>&nbsp;<\/p>\n<p>Alpirsbacher Weltmeister<\/p>\n<audio class=\"wp-audio-shortcode\" id=\"audio-876-4\" preload=\"none\" style=\"width: 100%;\" controls=\"controls\"><source type=\"audio\/mpeg\" src=\"https:\/\/www.stimmenkartei.de\/blog\/wp-content\/uploads\/2019\/03\/Alpirsbacher-Weltmeister-22s.mp3?_=4\" \/><a href=\"https:\/\/www.stimmenkartei.de\/blog\/wp-content\/uploads\/2019\/03\/Alpirsbacher-Weltmeister-22s.mp3\">https:\/\/www.stimmenkartei.de\/blog\/wp-content\/uploads\/2019\/03\/Alpirsbacher-Weltmeister-22s.mp3<\/a><\/audio>\n<p>&nbsp;<\/p>\n<p>Freyersbacher Mineralwasser<\/p>\n<audio class=\"wp-audio-shortcode\" id=\"audio-876-5\" preload=\"none\" style=\"width: 100%;\" controls=\"controls\"><source type=\"audio\/mpeg\" src=\"https:\/\/www.stimmenkartei.de\/blog\/wp-content\/uploads\/2019\/03\/Freyersbacher-Fl\u00f6te-20s.mp3?_=5\" \/><a href=\"https:\/\/www.stimmenkartei.de\/blog\/wp-content\/uploads\/2019\/03\/Freyersbacher-Fl\u00f6te-20s.mp3\">https:\/\/www.stimmenkartei.de\/blog\/wp-content\/uploads\/2019\/03\/Freyersbacher-Fl\u00f6te-20s.mp3<\/a><\/audio>\n<p>&nbsp;<\/p>\n<p>DRK<\/p>\n<audio class=\"wp-audio-shortcode\" id=\"audio-876-6\" preload=\"none\" style=\"width: 100%;\" controls=\"controls\"><source type=\"audio\/mpeg\" src=\"https:\/\/www.stimmenkartei.de\/blog\/wp-content\/uploads\/2019\/03\/DRK-OPA-25s.mp3?_=6\" \/><a href=\"https:\/\/www.stimmenkartei.de\/blog\/wp-content\/uploads\/2019\/03\/DRK-OPA-25s.mp3\">https:\/\/www.stimmenkartei.de\/blog\/wp-content\/uploads\/2019\/03\/DRK-OPA-25s.mp3<\/a><\/audio>\n<p>&nbsp;<\/p>\n<p>Stadt Achern<\/p>\n<audio class=\"wp-audio-shortcode\" id=\"audio-876-7\" preload=\"none\" style=\"width: 100%;\" controls=\"controls\"><source type=\"audio\/mpeg\" src=\"https:\/\/www.stimmenkartei.de\/blog\/wp-content\/uploads\/2019\/03\/Achern-Image-20s.mp3?_=7\" \/><a href=\"https:\/\/www.stimmenkartei.de\/blog\/wp-content\/uploads\/2019\/03\/Achern-Image-20s.mp3\">https:\/\/www.stimmenkartei.de\/blog\/wp-content\/uploads\/2019\/03\/Achern-Image-20s.mp3<\/a><\/audio>\n<p>&nbsp;<\/p>\n<p>EUROPA-PARK &#8211; RULANTICA<\/p>\n<audio class=\"wp-audio-shortcode\" id=\"audio-876-8\" preload=\"none\" style=\"width: 100%;\" controls=\"controls\"><source type=\"audio\/mpeg\" src=\"https:\/\/www.synchronsprecher.de\/blog\/wp-content\/uploads\/2019\/03\/Europa-Park-Rulantica-Badehose-v2-33s-.mp3?_=8\" \/><a href=\"https:\/\/www.synchronsprecher.de\/blog\/wp-content\/uploads\/2019\/03\/Europa-Park-Rulantica-Badehose-v2-33s-.mp3\">https:\/\/www.synchronsprecher.de\/blog\/wp-content\/uploads\/2019\/03\/Europa-Park-Rulantica-Badehose-v2-33s-.mp3<\/a><\/audio>\n<p>&nbsp;<\/p>\n<p>Meica Curry King 1<\/p>\n<div id=\"kgvid_kgvid_0_wrapper\" class=\"kgvid_wrapper kgvid_wrapper_auto_left kgvid_wrapper_auto_right\">\n\t\t\t<div id=\"video_kgvid_0_div\" class=\"fitvidsignore kgvid_videodiv\" data-id=\"kgvid_0\" data-kgvid_video_vars=\"{&quot;id&quot;:&quot;kgvid_0&quot;,&quot;attachment_id&quot;:&quot;8577&quot;,&quot;player_type&quot;:&quot;Video.js v8&quot;,&quot;width&quot;:&quot;1920&quot;,&quot;height&quot;:1080,&quot;fullwidth&quot;:&quot;false&quot;,&quot;fixed_aspect&quot;:&quot;true&quot;,&quot;countable&quot;:true,&quot;count_views&quot;:&quot;start_complete&quot;,&quot;start&quot;:&quot;&quot;,&quot;autoplay&quot;:&quot;false&quot;,&quot;pauseothervideos&quot;:&quot;true&quot;,&quot;set_volume&quot;:&quot;0.9&quot;,&quot;muted&quot;:&quot;false&quot;,&quot;meta&quot;:true,&quot;endofvideooverlay&quot;:&quot;&quot;,&quot;resize&quot;:&quot;true&quot;,&quot;auto_res&quot;:&quot;automatisch&quot;,&quot;pixel_ratio&quot;:&quot;true&quot;,&quot;right_click&quot;:&quot;on&quot;,&quot;playback_rate&quot;:&quot;false&quot;,&quot;title&quot;:&quot;&quot;,&quot;skip_buttons&quot;:[],&quot;nativecontrolsfortouch&quot;:&quot;false&quot;,&quot;locale&quot;:&quot;de&quot;,&quot;enable_resolutions_plugin&quot;:false}\" itemprop=\"video\" itemscope itemtype=\"https:\/\/schema.org\/VideoObject\"><meta itemprop=\"thumbnailUrl\" content=\"https:\/\/www.synchronsprecher.de\/blog\/wp-content\/uploads\/2024\/11\/Meica_Curry_King_1_thumb1.jpg\"><meta itemprop=\"embedUrl\" content=\"https:\/\/www.synchronsprecher.de\/blog\/?attachment_id=8577&#038;videopack%5Benable%5D=true\"><meta itemprop=\"contentUrl\" content=\"https:\/\/www.synchronsprecher.de\/blog\/wp-content\/uploads\/2020\/09\/Meica_Curry_King_1.mp4\"><meta itemprop=\"name\" content=\"\"><meta itemprop=\"description\" content=\"Video\"><meta itemprop=\"uploadDate\" content=\"2024-11-25T18:08:52+01:00\">\n\t\t\t\t<video id=\"video_kgvid_0\" playsinline controls preload=\"metadata\" poster=\"https:\/\/www.synchronsprecher.de\/blog\/wp-content\/uploads\/2024\/11\/Meica_Curry_King_1_thumb1.jpg\" width=\"1920\" height=\"1080\" class=\"fitvidsignore video-js kg-video-js-skin\">\n\t\t\t\t\t<source src=\"https:\/\/www.synchronsprecher.de\/blog\/wp-content\/uploads\/2020\/09\/Meica_Curry_King_1.mp4?id=0\" type=\"video\/mp4\" data-res=\"1080p\">\n\t\t\t\t<\/video>\n\t\t\t<\/div>\n\t\t\t<div style=\"display:none\" id=\"video_kgvid_0_meta\" class=\"kgvid_video_meta kgvid_video_meta_hover \">\n\t\t\t\t<span class='kgvid_meta_icons'><\/span>\n\t\t\t\t<span id='video_kgvid_0_title' class='kgvid_title'><\/span>\n<\/div>\n\t\t<\/div>\n<p>Meica Curry King 2<\/p>\n<div id=\"kgvid_kgvid_1_wrapper\" class=\"kgvid_wrapper kgvid_wrapper_auto_left kgvid_wrapper_auto_right\">\n\t\t\t<div id=\"video_kgvid_1_div\" class=\"fitvidsignore kgvid_videodiv\" data-id=\"kgvid_1\" data-kgvid_video_vars=\"{&quot;id&quot;:&quot;kgvid_1&quot;,&quot;attachment_id&quot;:&quot;8579&quot;,&quot;player_type&quot;:&quot;Video.js v8&quot;,&quot;width&quot;:&quot;1920&quot;,&quot;height&quot;:1080,&quot;fullwidth&quot;:&quot;false&quot;,&quot;fixed_aspect&quot;:&quot;true&quot;,&quot;countable&quot;:true,&quot;count_views&quot;:&quot;start_complete&quot;,&quot;start&quot;:&quot;&quot;,&quot;autoplay&quot;:&quot;false&quot;,&quot;pauseothervideos&quot;:&quot;true&quot;,&quot;set_volume&quot;:&quot;0.9&quot;,&quot;muted&quot;:&quot;false&quot;,&quot;meta&quot;:true,&quot;endofvideooverlay&quot;:&quot;&quot;,&quot;resize&quot;:&quot;true&quot;,&quot;auto_res&quot;:&quot;automatisch&quot;,&quot;pixel_ratio&quot;:&quot;true&quot;,&quot;right_click&quot;:&quot;on&quot;,&quot;playback_rate&quot;:&quot;false&quot;,&quot;title&quot;:&quot;&quot;,&quot;skip_buttons&quot;:[],&quot;nativecontrolsfortouch&quot;:&quot;false&quot;,&quot;locale&quot;:&quot;de&quot;,&quot;enable_resolutions_plugin&quot;:false}\" itemprop=\"video\" itemscope itemtype=\"https:\/\/schema.org\/VideoObject\"><meta itemprop=\"thumbnailUrl\" content=\"https:\/\/www.synchronsprecher.de\/blog\/wp-content\/uploads\/2024\/11\/Meica_Curry_King_2_thumb1.jpg\"><meta itemprop=\"embedUrl\" content=\"https:\/\/www.synchronsprecher.de\/blog\/?attachment_id=8579&#038;videopack%5Benable%5D=true\"><meta itemprop=\"contentUrl\" content=\"https:\/\/www.synchronsprecher.de\/blog\/wp-content\/uploads\/2020\/09\/Meica_Curry_King_2.mp4\"><meta itemprop=\"name\" content=\"\"><meta itemprop=\"description\" content=\"Video\"><meta itemprop=\"uploadDate\" content=\"2024-11-25T18:09:50+01:00\">\n\t\t\t\t<video id=\"video_kgvid_1\" playsinline controls preload=\"metadata\" poster=\"https:\/\/www.synchronsprecher.de\/blog\/wp-content\/uploads\/2024\/11\/Meica_Curry_King_2_thumb1.jpg\" width=\"1920\" height=\"1080\" class=\"fitvidsignore video-js kg-video-js-skin\">\n\t\t\t\t\t<source src=\"https:\/\/www.synchronsprecher.de\/blog\/wp-content\/uploads\/2020\/09\/Meica_Curry_King_2.mp4?id=1\" type=\"video\/mp4\" data-res=\"1080p\">\n\t\t\t\t<\/video>\n\t\t\t<\/div>\n\t\t\t<div style=\"display:none\" id=\"video_kgvid_1_meta\" class=\"kgvid_video_meta kgvid_video_meta_hover \">\n\t\t\t\t<span class='kgvid_meta_icons'><\/span>\n\t\t\t\t<span id='video_kgvid_1_title' class='kgvid_title'><\/span>\n<\/div>\n\t\t<\/div>\n<p>CINEPLEX<\/p>\n<div id=\"kgvid_kgvid_2_wrapper\" class=\"kgvid_wrapper kgvid_wrapper_auto_left kgvid_wrapper_auto_right\">\n\t\t\t<div id=\"video_kgvid_2_div\" class=\"fitvidsignore kgvid_videodiv\" data-id=\"kgvid_2\" data-kgvid_video_vars=\"{&quot;id&quot;:&quot;kgvid_2&quot;,&quot;attachment_id&quot;:&quot;8582&quot;,&quot;player_type&quot;:&quot;Video.js v8&quot;,&quot;width&quot;:&quot;1920&quot;,&quot;height&quot;:1080,&quot;fullwidth&quot;:&quot;false&quot;,&quot;fixed_aspect&quot;:&quot;true&quot;,&quot;countable&quot;:true,&quot;count_views&quot;:&quot;start_complete&quot;,&quot;start&quot;:&quot;&quot;,&quot;autoplay&quot;:&quot;false&quot;,&quot;pauseothervideos&quot;:&quot;true&quot;,&quot;set_volume&quot;:&quot;0.9&quot;,&quot;muted&quot;:&quot;false&quot;,&quot;meta&quot;:true,&quot;endofvideooverlay&quot;:&quot;&quot;,&quot;resize&quot;:&quot;true&quot;,&quot;auto_res&quot;:&quot;automatisch&quot;,&quot;pixel_ratio&quot;:&quot;true&quot;,&quot;right_click&quot;:&quot;on&quot;,&quot;playback_rate&quot;:&quot;false&quot;,&quot;title&quot;:&quot;&quot;,&quot;skip_buttons&quot;:[],&quot;nativecontrolsfortouch&quot;:&quot;false&quot;,&quot;locale&quot;:&quot;de&quot;,&quot;enable_resolutions_plugin&quot;:false}\" itemprop=\"video\" itemscope itemtype=\"https:\/\/schema.org\/VideoObject\"><meta itemprop=\"thumbnailUrl\" content=\"https:\/\/www.synchronsprecher.de\/blog\/wp-content\/uploads\/2024\/11\/CINEPLEX_thumb1.jpg\"><meta itemprop=\"embedUrl\" content=\"https:\/\/www.synchronsprecher.de\/blog\/?attachment_id=8582&#038;videopack%5Benable%5D=true\"><meta itemprop=\"contentUrl\" content=\"https:\/\/www.synchronsprecher.de\/blog\/wp-content\/uploads\/2020\/09\/CINEPLEX.mp4\"><meta itemprop=\"name\" content=\"\"><meta itemprop=\"description\" content=\"Video\"><meta itemprop=\"uploadDate\" content=\"2024-11-25T18:10:48+01:00\">\n\t\t\t\t<video id=\"video_kgvid_2\" playsinline controls preload=\"metadata\" poster=\"https:\/\/www.synchronsprecher.de\/blog\/wp-content\/uploads\/2024\/11\/CINEPLEX_thumb1.jpg\" width=\"1920\" height=\"1080\" class=\"fitvidsignore video-js kg-video-js-skin\">\n\t\t\t\t\t<source src=\"https:\/\/www.synchronsprecher.de\/blog\/wp-content\/uploads\/2020\/09\/CINEPLEX.mp4?id=2\" type=\"video\/mp4\" data-res=\"358p\">\n\t\t\t\t<\/video>\n\t\t\t<\/div>\n\t\t\t<div style=\"display:none\" id=\"video_kgvid_2_meta\" class=\"kgvid_video_meta kgvid_video_meta_hover \">\n\t\t\t\t<span class='kgvid_meta_icons'><\/span>\n\t\t\t\t<span id='video_kgvid_2_title' class='kgvid_title'><\/span>\n<\/div>\n\t\t<\/div>\n<p>Audi<\/p>\n<div id=\"kgvid_kgvid_3_wrapper\" class=\"kgvid_wrapper kgvid_wrapper_auto_left kgvid_wrapper_auto_right\">\n\t\t\t<div id=\"video_kgvid_3_div\" class=\"fitvidsignore kgvid_videodiv\" data-id=\"kgvid_3\" data-kgvid_video_vars=\"{&quot;id&quot;:&quot;kgvid_3&quot;,&quot;attachment_id&quot;:&quot;8584&quot;,&quot;player_type&quot;:&quot;Video.js v8&quot;,&quot;width&quot;:&quot;1920&quot;,&quot;height&quot;:1080,&quot;fullwidth&quot;:&quot;false&quot;,&quot;fixed_aspect&quot;:&quot;true&quot;,&quot;countable&quot;:true,&quot;count_views&quot;:&quot;start_complete&quot;,&quot;start&quot;:&quot;&quot;,&quot;autoplay&quot;:&quot;false&quot;,&quot;pauseothervideos&quot;:&quot;true&quot;,&quot;set_volume&quot;:&quot;0.9&quot;,&quot;muted&quot;:&quot;false&quot;,&quot;meta&quot;:true,&quot;endofvideooverlay&quot;:&quot;&quot;,&quot;resize&quot;:&quot;true&quot;,&quot;auto_res&quot;:&quot;automatisch&quot;,&quot;pixel_ratio&quot;:&quot;true&quot;,&quot;right_click&quot;:&quot;on&quot;,&quot;playback_rate&quot;:&quot;false&quot;,&quot;title&quot;:&quot;&quot;,&quot;skip_buttons&quot;:[],&quot;nativecontrolsfortouch&quot;:&quot;false&quot;,&quot;locale&quot;:&quot;de&quot;,&quot;enable_resolutions_plugin&quot;:false}\" itemprop=\"video\" itemscope itemtype=\"https:\/\/schema.org\/VideoObject\"><meta itemprop=\"thumbnailUrl\" content=\"https:\/\/www.synchronsprecher.de\/blog\/wp-content\/uploads\/2024\/11\/Audi_thumb1.jpg\"><meta itemprop=\"embedUrl\" content=\"https:\/\/www.synchronsprecher.de\/blog\/?attachment_id=8584&#038;videopack%5Benable%5D=true\"><meta itemprop=\"contentUrl\" content=\"https:\/\/www.synchronsprecher.de\/blog\/wp-content\/uploads\/2020\/09\/Audi.mp4\"><meta itemprop=\"name\" content=\"\"><meta itemprop=\"description\" content=\"Video\"><meta itemprop=\"uploadDate\" content=\"2024-11-25T18:11:33+01:00\">\n\t\t\t\t<video id=\"video_kgvid_3\" playsinline controls preload=\"metadata\" poster=\"https:\/\/www.synchronsprecher.de\/blog\/wp-content\/uploads\/2024\/11\/Audi_thumb1.jpg\" width=\"1920\" height=\"1080\" class=\"fitvidsignore video-js kg-video-js-skin\">\n\t\t\t\t\t<source src=\"https:\/\/www.synchronsprecher.de\/blog\/wp-content\/uploads\/2020\/09\/Audi.mp4?id=3\" type=\"video\/mp4\" data-res=\"1080p\">\n\t\t\t\t<\/video>\n\t\t\t<\/div>\n\t\t\t<div style=\"display:none\" id=\"video_kgvid_3_meta\" class=\"kgvid_video_meta kgvid_video_meta_hover \">\n\t\t\t\t<span class='kgvid_meta_icons'><\/span>\n\t\t\t\t<span id='video_kgvid_3_title' class='kgvid_title'><\/span>\n<\/div>\n\t\t<\/div>\n<p>Der Golfeinstieg<\/p>\n<div id=\"kgvid_kgvid_4_wrapper\" class=\"kgvid_wrapper kgvid_wrapper_auto_left kgvid_wrapper_auto_right\">\n\t\t\t<div id=\"video_kgvid_4_div\" class=\"fitvidsignore kgvid_videodiv\" data-id=\"kgvid_4\" data-kgvid_video_vars=\"{&quot;id&quot;:&quot;kgvid_4&quot;,&quot;attachment_id&quot;:&quot;8586&quot;,&quot;player_type&quot;:&quot;Video.js v8&quot;,&quot;width&quot;:&quot;1920&quot;,&quot;height&quot;:1080,&quot;fullwidth&quot;:&quot;false&quot;,&quot;fixed_aspect&quot;:&quot;true&quot;,&quot;countable&quot;:true,&quot;count_views&quot;:&quot;start_complete&quot;,&quot;start&quot;:&quot;&quot;,&quot;autoplay&quot;:&quot;false&quot;,&quot;pauseothervideos&quot;:&quot;true&quot;,&quot;set_volume&quot;:&quot;0.9&quot;,&quot;muted&quot;:&quot;false&quot;,&quot;meta&quot;:true,&quot;endofvideooverlay&quot;:&quot;&quot;,&quot;resize&quot;:&quot;true&quot;,&quot;auto_res&quot;:&quot;automatisch&quot;,&quot;pixel_ratio&quot;:&quot;true&quot;,&quot;right_click&quot;:&quot;on&quot;,&quot;playback_rate&quot;:&quot;false&quot;,&quot;title&quot;:&quot;&quot;,&quot;skip_buttons&quot;:[],&quot;nativecontrolsfortouch&quot;:&quot;false&quot;,&quot;locale&quot;:&quot;de&quot;,&quot;enable_resolutions_plugin&quot;:false}\" itemprop=\"video\" itemscope itemtype=\"https:\/\/schema.org\/VideoObject\"><meta itemprop=\"thumbnailUrl\" content=\"https:\/\/www.synchronsprecher.de\/blog\/wp-content\/uploads\/2024\/11\/Der_Golfeinstieg_thumb1.jpg\"><meta itemprop=\"embedUrl\" content=\"https:\/\/www.synchronsprecher.de\/blog\/?attachment_id=8586&#038;videopack%5Benable%5D=true\"><meta itemprop=\"contentUrl\" content=\"https:\/\/www.synchronsprecher.de\/blog\/wp-content\/uploads\/2020\/09\/Der_Golfeinstieg.mp4\"><meta itemprop=\"name\" content=\"\"><meta itemprop=\"description\" content=\"Video\"><meta itemprop=\"uploadDate\" content=\"2024-11-25T18:13:45+01:00\">\n\t\t\t\t<video id=\"video_kgvid_4\" playsinline controls preload=\"metadata\" poster=\"https:\/\/www.synchronsprecher.de\/blog\/wp-content\/uploads\/2024\/11\/Der_Golfeinstieg_thumb1.jpg\" width=\"1920\" height=\"1080\" class=\"fitvidsignore video-js kg-video-js-skin\">\n\t\t\t\t\t<source src=\"https:\/\/www.synchronsprecher.de\/blog\/wp-content\/uploads\/2020\/09\/Der_Golfeinstieg.mp4?id=4\" type=\"video\/mp4\" data-res=\"1080p\">\n\t\t\t\t<\/video>\n\t\t\t<\/div>\n\t\t\t<div style=\"display:none\" id=\"video_kgvid_4_meta\" class=\"kgvid_video_meta kgvid_video_meta_hover \">\n\t\t\t\t<span class='kgvid_meta_icons'><\/span>\n\t\t\t\t<span id='video_kgvid_4_title' class='kgvid_title'><\/span>\n<\/div>\n\t\t<\/div>\n<p>Audrey und der Tod<\/p>\n<div id=\"kgvid_kgvid_5_wrapper\" class=\"kgvid_wrapper kgvid_wrapper_auto_left kgvid_wrapper_auto_right\">\n\t\t\t<div id=\"video_kgvid_5_div\" class=\"fitvidsignore kgvid_videodiv\" data-id=\"kgvid_5\" data-kgvid_video_vars=\"{&quot;id&quot;:&quot;kgvid_5&quot;,&quot;attachment_id&quot;:&quot;8589&quot;,&quot;player_type&quot;:&quot;Video.js v8&quot;,&quot;width&quot;:&quot;1920&quot;,&quot;height&quot;:1080,&quot;fullwidth&quot;:&quot;false&quot;,&quot;fixed_aspect&quot;:&quot;true&quot;,&quot;countable&quot;:true,&quot;count_views&quot;:&quot;start_complete&quot;,&quot;start&quot;:&quot;&quot;,&quot;autoplay&quot;:&quot;false&quot;,&quot;pauseothervideos&quot;:&quot;true&quot;,&quot;set_volume&quot;:&quot;0.9&quot;,&quot;muted&quot;:&quot;false&quot;,&quot;meta&quot;:true,&quot;endofvideooverlay&quot;:&quot;&quot;,&quot;resize&quot;:&quot;true&quot;,&quot;auto_res&quot;:&quot;automatisch&quot;,&quot;pixel_ratio&quot;:&quot;true&quot;,&quot;right_click&quot;:&quot;on&quot;,&quot;playback_rate&quot;:&quot;false&quot;,&quot;title&quot;:&quot;&quot;,&quot;skip_buttons&quot;:[],&quot;nativecontrolsfortouch&quot;:&quot;false&quot;,&quot;locale&quot;:&quot;de&quot;,&quot;enable_resolutions_plugin&quot;:false}\" itemprop=\"video\" itemscope itemtype=\"https:\/\/schema.org\/VideoObject\"><meta itemprop=\"thumbnailUrl\" content=\"https:\/\/www.synchronsprecher.de\/blog\/wp-content\/uploads\/2024\/11\/Audrey_und_der_Tod_thumb1.jpg\"><meta itemprop=\"embedUrl\" content=\"https:\/\/www.synchronsprecher.de\/blog\/?attachment_id=8589&#038;videopack%5Benable%5D=true\"><meta itemprop=\"contentUrl\" content=\"https:\/\/www.synchronsprecher.de\/blog\/wp-content\/uploads\/2020\/09\/Audrey_und_der_Tod.mp4\"><meta itemprop=\"name\" content=\"\"><meta itemprop=\"description\" content=\"Video\"><meta itemprop=\"uploadDate\" content=\"2024-11-25T18:14:48+01:00\">\n\t\t\t\t<video id=\"video_kgvid_5\" playsinline controls preload=\"metadata\" poster=\"https:\/\/www.synchronsprecher.de\/blog\/wp-content\/uploads\/2024\/11\/Audrey_und_der_Tod_thumb1.jpg\" width=\"1920\" height=\"1080\" class=\"fitvidsignore video-js kg-video-js-skin\">\n\t\t\t\t\t<source src=\"https:\/\/www.synchronsprecher.de\/blog\/wp-content\/uploads\/2020\/09\/Audrey_und_der_Tod.mp4?id=5\" type=\"video\/mp4\" data-res=\"360p\">\n\t\t\t\t<\/video>\n\t\t\t<\/div>\n\t\t\t<div style=\"display:none\" id=\"video_kgvid_5_meta\" class=\"kgvid_video_meta kgvid_video_meta_hover \">\n\t\t\t\t<span class='kgvid_meta_icons'><\/span>\n\t\t\t\t<span id='video_kgvid_5_title' class='kgvid_title'><\/span>\n<\/div>\n\t\t<\/div>\n<p>Radiospot: Weingut von Gleichenstein<br \/>\n<div id=\"kgvid_kgvid_6_wrapper\" class=\"kgvid_wrapper kgvid_wrapper_auto_left kgvid_wrapper_auto_right\">\n\t\t\t<div id=\"video_kgvid_6_div\" class=\"fitvidsignore kgvid_videodiv\" data-id=\"kgvid_6\" data-kgvid_video_vars=\"{&quot;id&quot;:&quot;kgvid_6&quot;,&quot;attachment_id&quot;:&quot;8573&quot;,&quot;player_type&quot;:&quot;Video.js v8&quot;,&quot;width&quot;:&quot;1920&quot;,&quot;height&quot;:1080,&quot;fullwidth&quot;:&quot;false&quot;,&quot;fixed_aspect&quot;:&quot;true&quot;,&quot;countable&quot;:true,&quot;count_views&quot;:&quot;start_complete&quot;,&quot;start&quot;:&quot;&quot;,&quot;autoplay&quot;:&quot;false&quot;,&quot;pauseothervideos&quot;:&quot;true&quot;,&quot;set_volume&quot;:&quot;0.9&quot;,&quot;muted&quot;:&quot;false&quot;,&quot;meta&quot;:true,&quot;endofvideooverlay&quot;:&quot;&quot;,&quot;resize&quot;:&quot;true&quot;,&quot;auto_res&quot;:&quot;automatisch&quot;,&quot;pixel_ratio&quot;:&quot;true&quot;,&quot;right_click&quot;:&quot;on&quot;,&quot;playback_rate&quot;:&quot;false&quot;,&quot;title&quot;:&quot;&quot;,&quot;skip_buttons&quot;:[],&quot;nativecontrolsfortouch&quot;:&quot;false&quot;,&quot;locale&quot;:&quot;de&quot;,&quot;enable_resolutions_plugin&quot;:false}\" itemprop=\"video\" itemscope itemtype=\"https:\/\/schema.org\/VideoObject\"><meta itemprop=\"thumbnailUrl\" content=\"https:\/\/www.synchronsprecher.de\/blog\/wp-content\/uploads\/2024\/11\/Funkspot-mit-Michael-Caine-Stimme-Juergen-Thormann-fuer-Weingut-von-Gleichenstein_thumb1.jpg\"><meta itemprop=\"embedUrl\" content=\"https:\/\/www.synchronsprecher.de\/blog\/?attachment_id=8573&#038;videopack%5Benable%5D=true\"><meta itemprop=\"contentUrl\" content=\"https:\/\/www.synchronsprecher.de\/blog\/wp-content\/uploads\/2020\/09\/Funkspot-mit-Michael-Caine-Stimme-Juergen-Thormann-fuer-Weingut-von-Gleichenstein.mp4\"><meta itemprop=\"name\" content=\"\"><meta itemprop=\"description\" content=\"Video\"><meta itemprop=\"uploadDate\" content=\"2024-11-25T18:00:51+01:00\">\n\t\t\t\t<video id=\"video_kgvid_6\" playsinline controls preload=\"metadata\" poster=\"https:\/\/www.synchronsprecher.de\/blog\/wp-content\/uploads\/2024\/11\/Funkspot-mit-Michael-Caine-Stimme-Juergen-Thormann-fuer-Weingut-von-Gleichenstein_thumb1.jpg\" width=\"1920\" height=\"1080\" class=\"fitvidsignore video-js kg-video-js-skin\">\n\t\t\t\t\t<source src=\"https:\/\/www.synchronsprecher.de\/blog\/wp-content\/uploads\/2020\/09\/Funkspot-mit-Michael-Caine-Stimme-Juergen-Thormann-fuer-Weingut-von-Gleichenstein.mp4?id=6\" type=\"video\/mp4\" data-res=\"720p\">\n\t\t\t\t<\/video>\n\t\t\t<\/div>\n\t\t\t<div style=\"display:none\" id=\"video_kgvid_6_meta\" class=\"kgvid_video_meta kgvid_video_meta_hover \">\n\t\t\t\t<span class='kgvid_meta_icons'><\/span>\n\t\t\t\t<span id='video_kgvid_6_title' class='kgvid_title'><\/span>\n<\/div>\n\t\t<\/div><\/p>\n<p><span style=\"text-decoration: underline;\">Hier geht es weiter mit:<\/span><\/p>\n<ul style=\"list-style-type: square;\">\n<li><span style=\"color: #339966;\" data-darkreader-inline-color=\"\"><a style=\"color: #339966;\" href=\"https:\/\/www.synchronsprecher.de\/synchronsprecher\/bruce-willis-manfred-lehmann\" data-darkreader-inline-color=\"\">Manfred Lehmann<\/a>,<\/span> der deutschen Bruce Willis Stimme<\/li>\n<li><span style=\"color: #339966;\" data-darkreader-inline-color=\"\"><a style=\"color: #339966;\" href=\"https:\/\/www.synchronsprecher.de\/synchronsprecher\/samuel-l-jackson-engelbert-von-nordhausen\" data-darkreader-inline-color=\"\">Engelbert von Nordhausen<\/a>,<\/span> der deutschen Samuel L Jackson Stimme<\/li>\n<li><span style=\"color: #339966;\" data-darkreader-inline-color=\"\"><a style=\"color: #339966;\" href=\"https:\/\/www.synchronsprecher.de\/synchronsprecher\/robert-redford-christian-schult.html\" data-darkreader-inline-color=\"\">Christian Schult<\/a><\/span>, der deutschen Robert Redford Stimme<\/li>\n<li><span style=\"color: #339966;\" data-darkreader-inline-color=\"\"><a style=\"color: #339966;\" href=\"https:\/\/www.synchronsprecher.de\/synchronsprecher\/nicolas-cage-vin-diesel-martin-kessler.html\" data-darkreader-inline-color=\"\">Martin Ke\u00dfler<\/a><\/span>, der deutschen Vin Diesel &amp; Nicolas Cage Stimme<\/li>\n<li><a href=\"https:\/\/www.synchronsprecher.de\/synchronsprecher\/alec-baldwin-klaus-dieter-klebsch.html\"><span style=\"color: #339966;\" data-darkreader-inline-color=\"\">Klaus Dieter Klebsch<\/span><\/a>, die deutsche Alec Baldwin &amp; Dr. House Stimme<\/li>\n<\/ul>\n<p>Oder:<\/p>\n<ul style=\"list-style-type: square;\">\n<li><span style=\"color: #339966;\" data-darkreader-inline-color=\"\"><a style=\"color: #339966;\" href=\"https:\/\/www.synchronsprecher.de\/werbesprecher.html\" data-darkreader-inline-color=\"\">Sprecher f\u00fcr Imagefilm<\/a><\/span><\/li>\n<li><span style=\"color: #339966;\" data-darkreader-inline-color=\"\"><a style=\"color: #339966;\" href=\"https:\/\/www.synchronsprecher.de\/leistungen\/voice-over-sprecher.html\" data-darkreader-inline-color=\"\">Voice Over<\/a><\/span><\/li>\n<li><span style=\"color: #339966;\" data-darkreader-inline-color=\"\"><a style=\"color: #339966;\" href=\"https:\/\/www.synchronsprecher.de\/leistungen\/sprecher-fuer-erklaervideo.html\" data-darkreader-inline-color=\"\">Sprecher f\u00fcr Erkl\u00e4rvideo<\/a><\/span><\/li>\n<li><span style=\"color: #339966;\" data-darkreader-inline-color=\"\"><a style=\"color: #339966;\" href=\"https:\/\/www.synchronsprecher.de\/leistungen\/dokumentation-sprecher-buchen.html\" data-darkreader-inline-color=\"\">Sprecher f\u00fcr Dokumentation<\/a><\/span><\/li>\n<li><span style=\"color: #339966;\" data-darkreader-inline-color=\"\"><a style=\"color: #339966;\" href=\"https:\/\/www.synchronsprecher.de\/Sprachen\/index.html\" data-darkreader-inline-color=\"\">Native Sprecher<\/a><\/span><\/li>\n<li><span style=\"color: #339966;\" data-darkreader-inline-color=\"\"><a style=\"color: #339966;\" href=\"https:\/\/www.synchronsprecher.de\/blog\/radiowerbung-produktion-tonstudio-agentur\/\" data-darkreader-inline-color=\"\">Radiowerbung + Produktion + Tonstudio &#8211; Agentur<\/a><\/span><\/li>\n<\/ul>\n<p>&nbsp;<\/p>\n<div class=\"fusion-aligncenter\"><a class=\"fusion-button button-flat fusion-button-default-size button-green fusion-button-green button-2 fusion-button-default-span fusion-button-default-type fusion-no-medium-visibility\" target=\"_blank\" rel=\"noopener noreferrer\" href=\"https:\/\/www.synchronsprecher.de\/blog\/category\/in-memoriam\/\"><span class=\"fusion-button-text awb-button__text awb-button__text--default\">Verstorbene \/ Gestorbene Synchronsprecher \/ Synchronstimmen<\/span><\/a><\/div>\n<p>&nbsp;<\/p>\n<p><img decoding=\"async\" class=\"aligncenter wp-image-7755 size-medium\" src=\"https:\/\/www.synchronsprecher.de\/blog\/wp-content\/uploads\/2023\/09\/logo_14-19-300x58.png\" alt=\"\" width=\"300\" height=\"58\" data-wp-pid=\"7755\" srcset=\"https:\/\/www.synchronsprecher.de\/blog\/wp-content\/uploads\/2023\/09\/logo_14-19-200x38.png 200w, https:\/\/www.synchronsprecher.de\/blog\/wp-content\/uploads\/2023\/09\/logo_14-19-300x58.png 300w, https:\/\/www.synchronsprecher.de\/blog\/wp-content\/uploads\/2023\/09\/logo_14-19-400x77.png 400w, https:\/\/www.synchronsprecher.de\/blog\/wp-content\/uploads\/2023\/09\/logo_14-19-600x115.png 600w, https:\/\/www.synchronsprecher.de\/blog\/wp-content\/uploads\/2023\/09\/logo_14-19-768x148.png 768w, https:\/\/www.synchronsprecher.de\/blog\/wp-content\/uploads\/2023\/09\/logo_14-19-800x154.png 800w, https:\/\/www.synchronsprecher.de\/blog\/wp-content\/uploads\/2023\/09\/logo_14-19.png 884w\" sizes=\"(max-width: 300px) 100vw, 300px\" \/><\/p>\n<h1 style=\"text-align: center;\"><span style=\"font-size: 14px;\"><span style=\"color: #339966; --darkreader-inline-color: var(--darkreader-text-339966, #6ecf9e);\" data-darkreader-inline-color=\"\">\u00a0<a style=\"color: #339966; --darkreader-inline-color: var(--darkreader-text-339966, #6ecf9e);\" href=\"https:\/\/www.synchronsprecher.de\/blog\/tonstudio-fuer-werbung\/\" data-darkreader-inline-color=\"\">TONSTUDIO F\u00dcR WERBUNG<\/a><\/span> I KONTAKT I BOOKING I<span style=\"color: #339966; --darkreader-inline-color: var(--darkreader-text-339966, #6ecf9e);\" data-darkreader-inline-color=\"\"> <a style=\"color: #339966; --darkreader-inline-color: var(--darkreader-text-339966, #6ecf9e);\" href=\"https:\/\/www.synchronsprecher.de\/sprecheragentur.html\" data-darkreader-inline-color=\"\">SPRECHERAGENTUR<\/a><\/span> I MANAGEMENT I SPRACHPROBEN I TONSTUDIO I <span style=\"color: #339966; --darkreader-inline-color: var(--darkreader-text-339966, #6ecf9e);\" data-darkreader-inline-color=\"\"><a style=\"color: #339966; --darkreader-inline-color: var(--darkreader-text-339966, #6ecf9e);\" href=\"https:\/\/www.synchronsprecher.de\/werbesprecher.html\" data-darkreader-inline-color=\"\">PROFISPRECHER<\/a> <\/span>I STUDIO I <span style=\"color: #339966; --darkreader-inline-color: var(--darkreader-text-008000, #72ff72);\" data-darkreader-inline-color=\"\"><a style=\"color: #339966; --darkreader-inline-color: var(--darkreader-text-008000, #72ff72);\" href=\"https:\/\/www.synchronsprecher.de\/blog\/audio-agentur\/\" data-darkreader-inline-color=\"\">AUDIO AGENTUR<\/a><\/span><\/span><\/h1>\n","protected":false},"excerpt":{"rendered":"<p>S T E C K B R I E F: Schauspieler, Regisseur, Werbesprecher, Synchronsprecher, H\u00f6rspielsprecher. J\u00fcrgen Thormann war die deutsche Synchronstimme u.a. von Michael Caine, Max von Sydow, Ian McKellen, Edward Fox. Mehr als 1.265 Sprechrollen. Geboren am 12. Februar 1928 in Rostock. Sternzeichen Wassermann. Verheiratet. Lebte in Berlin. Der wunderbare Synchronschauspieler J\u00fcrgen Thormann war seit mehr als einem halben Jahrhundert die deutsche Stimme des mehrfachen Oscar- und Golden Globe-Preistr\u00e4gers Michael Caine. Per 2020 galt er mit seinem Synchronkollegen Eckart Dux als Veteran und dienst\u00e4ltester Synchronsprecher in Deutschland. J\u00fcrgen Thormann war eine lebende Legende. Seine [&#8230;]<\/p>\n","protected":false},"author":2,"featured_media":4326,"comment_status":"closed","ping_status":"open","sticky":false,"template":"","format":"standard","meta":{"_acf_changed":false,"footnotes":""},"categories":[13396],"tags":[105,143,1556,1557,1986,2067,2124,2224,4514,4515,4516,12279,4517,4518,4519,4520,4521,4522,4523,4524,4525,4526,4527,4528,4529,4530,4531,4532,4533,4534,4535,4536,4537,4538,4539,4540,4541,4542,4543,4544,4545,4546,4547,4548,4549,4550,4551,4552,4553,4554,4555,4556,4557,4558,4559,4560,4561,4562,4563,4564,4565,4566,4567,4568,4569,4570,4571,4572,4573,5760,5819,12281,5820,12280,5821,5822,8659,12278],"class_list":["post-876","post","type-post","status-publish","format-standard","has-post-thumbnail","hentry","category-in-memoriam","tag-agentur-juergen-thormann","tag-agentur-von-juergen-thormann","tag-curry-king-sprecher","tag-curry-king-stimme","tag-deutsche-sprecher-von-michael-caine","tag-deutsche-stimme-von-michael-caine","tag-deutsche-synchronstimme-von-michael-caine","tag-deutscher-synchronsprecher-von-michael-caine","tag-juergen-thormann","tag-juergen-thormann-2018","tag-juergen-thormann-2019","tag-juergen-thormann-2020","tag-juergen-thormann-agentur","tag-juergen-thormann-aktuell","tag-juergen-thormann-alter","tag-juergen-thormann-aufnahme","tag-juergen-thormann-aufnehmen","tag-juergen-thormann-beispiel","tag-juergen-thormann-berlin","tag-juergen-thormann-bild","tag-juergen-thormann-bilder","tag-juergen-thormann-bio","tag-juergen-thormann-booking","tag-juergen-thormann-buchen","tag-juergen-thormann-buecher","tag-juergen-thormann-download","tag-juergen-thormann-fernsehen","tag-juergen-thormann-film","tag-juergen-thormann-filme","tag-juergen-thormann-filme-und-fernsehsendungen","tag-juergen-thormann-foto","tag-juergen-thormann-fotos","tag-juergen-thormann-funkspot","tag-juergen-thormann-gandalf","tag-juergen-thormann-geboren","tag-juergen-thormann-homepage","tag-juergen-thormann-hoerbeispiel","tag-juergen-thormann-hoerbuch","tag-juergen-thormann-hoerbuecher","tag-juergen-thormann-hoerprobe","tag-juergen-thormann-hoerspiel","tag-juergen-thormann-interview","tag-juergen-thormann-kontakt","tag-juergen-thormann-lebenslauf","tag-juergen-thormann-michael-caine","tag-juergen-thormann-mp3","tag-juergen-thormann-neuigkeiten","tag-juergen-thormann-news","tag-juergen-thormann-pattensen","tag-juergen-thormann-peter-otoole","tag-juergen-thormann-radiospot","tag-juergen-thormann-radiowerbung","tag-juergen-thormann-schauspieler","tag-juergen-thormann-sprachprobe","tag-juergen-thormann-sprecher","tag-juergen-thormann-sprecheragentur","tag-juergen-thormann-sprechprobe","tag-juergen-thormann-stimme","tag-juergen-thormann-studio","tag-juergen-thormann-synchron","tag-juergen-thormann-synchronagentur","tag-juergen-thormann-synchronsprecher","tag-juergen-thormann-synchronstimme","tag-juergen-thormann-telefonnummer","tag-juergen-thormann-theater","tag-juergen-thormann-tonprobe","tag-juergen-thormann-tv-total","tag-juergen-thormann-video","tag-juergen-thormann-vita","tag-max-von-sidow-juergen-thormann","tag-michael-caine-2019","tag-michael-caine-2020","tag-michael-caine-filme","tag-michael-caine-news","tag-michael-caine-stimme","tag-michael-caine-synchronsprecher","tag-sprecherkartei-juergen-thormann","tag-synchronsprecher-michael-caine-juergen-thormann"],"acf":[],"yoast_head":"<!-- This site is optimized with the Yoast SEO plugin v27.4 - https:\/\/yoast.com\/product\/yoast-seo-wordpress\/ -->\n<title>Synchronsprecher Michael Caine - J\u00fcrgen Thormann - Synchronsprecher<\/title>\n<meta name=\"description\" content=\"Synchronsprecher Michael Caine - J\u00fcrgen Thormann, Synchronstimme Caine Michael. Thormann J\u00fcrgen. Hier direkt buchen!\" \/>\n<meta name=\"robots\" content=\"index, follow, max-snippet:-1, max-image-preview:large, max-video-preview:-1\" \/>\n<link rel=\"canonical\" href=\"https:\/\/www.synchronsprecher.de\/blog\/synchronsprecher-michael-caine-juergen-thormann\/\" \/>\n<meta name=\"author\" content=\"Corsta Danner\" \/>\n<script type=\"application\/ld+json\" class=\"yoast-schema-graph\">{\"@context\":\"https:\\\/\\\/schema.org\",\"@graph\":[{\"@type\":\"BreadcrumbList\",\"@id\":\"https:\\\/\\\/www.synchronsprecher.de\\\/blog\\\/synchronsprecher-michael-caine-juergen-thormann\\\/#breadcrumb\",\"itemListElement\":[{\"@type\":\"ListItem\",\"position\":1,\"name\":\"Startseite\",\"item\":\"https:\\\/\\\/www.synchronsprecher.de\\\/blog\\\/\"},{\"@type\":\"ListItem\",\"position\":2,\"name\":\"Synchronsprecher Michael Caine &#8211; J\u00fcrgen Thormann\"}]}]}<\/script>\n<!-- \/ Yoast SEO plugin. -->","yoast_head_json":{"title":"Synchronsprecher Michael Caine - J\u00fcrgen Thormann - Synchronsprecher","description":"Synchronsprecher Michael Caine - J\u00fcrgen Thormann, Synchronstimme Caine Michael. Thormann J\u00fcrgen. Hier direkt buchen!","robots":{"index":"index","follow":"follow","max-snippet":"max-snippet:-1","max-image-preview":"max-image-preview:large","max-video-preview":"max-video-preview:-1"},"canonical":"https:\/\/www.synchronsprecher.de\/blog\/synchronsprecher-michael-caine-juergen-thormann\/","author":"Corsta Danner","schema":{"@context":"https:\/\/schema.org","@graph":[{"@type":"BreadcrumbList","@id":"https:\/\/www.synchronsprecher.de\/blog\/synchronsprecher-michael-caine-juergen-thormann\/#breadcrumb","itemListElement":[{"@type":"ListItem","position":1,"name":"Startseite","item":"https:\/\/www.synchronsprecher.de\/blog\/"},{"@type":"ListItem","position":2,"name":"Synchronsprecher Michael Caine &#8211; J\u00fcrgen Thormann"}]}]}},"_links":{"self":[{"href":"https:\/\/www.synchronsprecher.de\/blog\/wp-json\/wp\/v2\/posts\/876","targetHints":{"allow":["GET"]}}],"collection":[{"href":"https:\/\/www.synchronsprecher.de\/blog\/wp-json\/wp\/v2\/posts"}],"about":[{"href":"https:\/\/www.synchronsprecher.de\/blog\/wp-json\/wp\/v2\/types\/post"}],"author":[{"embeddable":true,"href":"https:\/\/www.synchronsprecher.de\/blog\/wp-json\/wp\/v2\/users\/2"}],"replies":[{"embeddable":true,"href":"https:\/\/www.synchronsprecher.de\/blog\/wp-json\/wp\/v2\/comments?post=876"}],"version-history":[{"count":30,"href":"https:\/\/www.synchronsprecher.de\/blog\/wp-json\/wp\/v2\/posts\/876\/revisions"}],"predecessor-version":[{"id":16008,"href":"https:\/\/www.synchronsprecher.de\/blog\/wp-json\/wp\/v2\/posts\/876\/revisions\/16008"}],"wp:featuredmedia":[{"embeddable":true,"href":"https:\/\/www.synchronsprecher.de\/blog\/wp-json\/wp\/v2\/media\/4326"}],"wp:attachment":[{"href":"https:\/\/www.synchronsprecher.de\/blog\/wp-json\/wp\/v2\/media?parent=876"}],"wp:term":[{"taxonomy":"category","embeddable":true,"href":"https:\/\/www.synchronsprecher.de\/blog\/wp-json\/wp\/v2\/categories?post=876"},{"taxonomy":"post_tag","embeddable":true,"href":"https:\/\/www.synchronsprecher.de\/blog\/wp-json\/wp\/v2\/tags?post=876"}],"curies":[{"name":"wp","href":"https:\/\/api.w.org\/{rel}","templated":true}]}}