{"id":7501,"date":"2023-03-31T17:09:14","date_gmt":"2023-03-31T15:09:14","guid":{"rendered":"https:\/\/www.synchronsprecher.de\/blog\/?p=7501"},"modified":"2023-04-01T11:35:51","modified_gmt":"2023-04-01T09:35:51","slug":"guardians-of-the-galaxy-3-trailer-sprecher","status":"publish","type":"post","link":"https:\/\/www.synchronsprecher.de\/blog\/guardians-of-the-galaxy-3-trailer-sprecher\/","title":{"rendered":"Guardians of the Galaxy 3 Trailer \u2013 Sprecher"},"content":{"rendered":"<p style=\"font-weight: 400;\">W\u00e4ren wir nicht alle gerne Superhelden? Nun\u2026 Chris Pratt hat es geschafft. In der\u00a0\u00a0 Marvel Saga \u201eGuardians of the Galaxy\u201c spiel er nun zum dritten und -Vorsicht Spoiler-\u00a0 vermutlich letzten Mal an der Seite seiner chaotischen Superheldentruppe seine Parade Rolle als Peter Quill (Star-Lord), welche von keinem Geringeren als Leonhard Mahlich synchronisiert wird.<\/p>\n<p style=\"font-weight: 400;\">Mit nur 5 Jahren kam Mahlich klassisch, als Kind von Schauspieler und Synchron-sprecher Holger Mahlich und Schauspielerin und Synchronsprecherin Mica\u00ebla Krei\u00dfler, zum Synchron. So wurde er \u00fcber die Jahre nicht nur die deutsche Feststimme von Chris Pratt, sondern leiht unter anderem auch Liam Hemsworth, Kevin Hart, Jesse Eisenberg oder DJ Khaled seine au\u00dfergew\u00f6hnliche Stimme.<\/p>\n<p style=\"font-weight: 400;\">Leonhard ist unter anderem auch<a href=\"https:\/\/www.synchronsprecher.de\/werbesprecher.html\"><strong> Sprecher f\u00fcr<\/strong> <strong>Werbung<\/strong><\/a>, H\u00f6rb\u00fccher und Dokumentationen und war bis heute in \u00fcber 885 Sprech-Rollen als Synchronsprecher in Filmen und Serien t\u00e4tig.<\/p>\n<p style=\"font-weight: 400;\">Und hier ist der aktuelle \u201eGuardians of the Galaxy 3\u201c Trailer:<\/p>\n<div id=\"kgvid_kgvid_0_wrapper\" class=\"kgvid_wrapper kgvid_wrapper_auto_left kgvid_wrapper_auto_right\">\n\t\t\t<div id=\"video_kgvid_0_div\" class=\"fitvidsignore kgvid_videodiv\" data-id=\"kgvid_0\" data-kgvid_video_vars=\"{&quot;id&quot;:&quot;kgvid_0&quot;,&quot;attachment_id&quot;:&quot;7506&quot;,&quot;player_type&quot;:&quot;Video.js v8&quot;,&quot;width&quot;:&quot;1920&quot;,&quot;height&quot;:1080,&quot;fullwidth&quot;:&quot;false&quot;,&quot;fixed_aspect&quot;:&quot;true&quot;,&quot;countable&quot;:true,&quot;count_views&quot;:&quot;start_complete&quot;,&quot;start&quot;:&quot;&quot;,&quot;autoplay&quot;:&quot;false&quot;,&quot;pauseothervideos&quot;:&quot;true&quot;,&quot;set_volume&quot;:&quot;0.9&quot;,&quot;muted&quot;:&quot;false&quot;,&quot;meta&quot;:true,&quot;endofvideooverlay&quot;:&quot;&quot;,&quot;resize&quot;:&quot;true&quot;,&quot;auto_res&quot;:&quot;automatisch&quot;,&quot;pixel_ratio&quot;:&quot;true&quot;,&quot;right_click&quot;:&quot;on&quot;,&quot;playback_rate&quot;:&quot;false&quot;,&quot;title&quot;:&quot;&quot;,&quot;skip_buttons&quot;:[],&quot;nativecontrolsfortouch&quot;:&quot;false&quot;,&quot;locale&quot;:&quot;de&quot;,&quot;enable_resolutions_plugin&quot;:false}\" itemprop=\"video\" itemscope itemtype=\"https:\/\/schema.org\/VideoObject\"><meta itemprop=\"thumbnailUrl\" content=\"https:\/\/www.synchronsprecher.de\/blog\/wp-content\/uploads\/2023\/03\/GUARDIANS_OF_THE_GALAXY_3_thumb2.jpg\"><meta itemprop=\"embedUrl\" content=\"https:\/\/www.synchronsprecher.de\/blog\/?attachment_id=7506&#038;videopack%5Benable%5D=true\"><meta itemprop=\"contentUrl\" content=\"https:\/\/www.synchronsprecher.de\/blog\/wp-content\/uploads\/2023\/03\/GUARDIANS_OF_THE_GALAXY_3.mp4\"><meta itemprop=\"name\" content=\"\"><meta itemprop=\"description\" content=\"Video\"><meta itemprop=\"uploadDate\" content=\"2023-03-31T17:14:42+02:00\">\n\t\t\t\t<video id=\"video_kgvid_0\" playsinline controls preload=\"metadata\" poster=\"https:\/\/www.synchronsprecher.de\/blog\/wp-content\/uploads\/2023\/03\/GUARDIANS_OF_THE_GALAXY_3_thumb2.jpg\" width=\"1920\" height=\"1080\" class=\"fitvidsignore video-js kg-video-js-skin\">\n\t\t\t\t\t<source src=\"https:\/\/www.synchronsprecher.de\/blog\/wp-content\/uploads\/2023\/03\/GUARDIANS_OF_THE_GALAXY_3.mp4?id=0\" type=\"video\/mp4\" data-res=\"960p\">\n\t\t\t\t<\/video>\n\t\t\t<\/div>\n\t\t\t<div style=\"display:none\" id=\"video_kgvid_0_meta\" class=\"kgvid_video_meta kgvid_video_meta_hover \">\n\t\t\t\t<span class='kgvid_meta_icons'><\/span>\n\t\t\t\t<span id='video_kgvid_0_title' class='kgvid_title'><\/span>\n<\/div>\n\t\t<\/div>\n<p>&nbsp;<\/p>\n<p style=\"font-weight: 400;\"><u>Hier findest Du noch eine kleine \u00dcbersicht der wichtigsten Synchronsprecher des neuen Films:<\/u><\/p>\n<table style=\"font-weight: 400;\" width=\"529\">\n<thead>\n<tr>\n<td width=\"198\"><strong><u>Rolle<\/u><\/strong><\/td>\n<td width=\"170\"><strong><u>Schauspieler<\/u><\/strong><\/td>\n<td width=\"161\"><strong><u>Synchronsprecher<\/u><\/strong><\/td>\n<\/tr>\n<\/thead>\n<tbody>\n<tr>\n<td width=\"198\">Peter Quill (Star-Lord)<\/td>\n<td width=\"170\">Chris Pratt<\/td>\n<td width=\"161\"><a href=\"https:\/\/www.synchronsprecher.de\/synchronsprecher.html?Link1=004C0065006F006E00680061007200640020004D00610068006C006900630068005F005F00320030003200330030003300330031003100300035003200310030005F00300030003100320035002F\">Leonhard Mahlich<\/a><\/td>\n<\/tr>\n<tr>\n<td width=\"198\">Gamora<\/td>\n<td width=\"170\">Zoe Saldana<\/td>\n<td width=\"161\"><a href=\"https:\/\/www.synchronsprecher.de\/synchronsprecher.html?Link1=00540061006E006A0061002000470065006B0065002F\"><strong>Tanja<\/strong> Geke<\/a><\/td>\n<\/tr>\n<tr>\n<td width=\"198\">Adam Warlock<\/td>\n<td width=\"170\">Will Poulter<\/td>\n<td width=\"161\"><a href=\"https:\/\/www.synchronsprecher.de\/synchronsprecher.html?Link1=004B006F006E0072006100640020004200F60073006800650072007A005F005F00320030003200330030003300310034003100310030003900350030005F00370034003200320031002F\">Konrad B\u00f6sherz<\/a><\/td>\n<\/tr>\n<tr>\n<td width=\"198\">Nebula<\/td>\n<td width=\"170\">Karen Gillan<\/td>\n<td width=\"161\"><a href=\"https:\/\/www.synchronsprecher.de\/synchronsprecher.html?Link1=0052007500620069006E0061005F004E006100740068005F00320030003200320030003500310033003100360032003900300038005F00380030003600310031002F\"><strong>Rubina<\/strong> Nath<\/a><\/td>\n<\/tr>\n<tr>\n<td width=\"198\">Groot<\/td>\n<td width=\"170\">Vin Diesel<\/td>\n<td width=\"161\"><a href=\"https:\/\/www.synchronsprecher.de\/synchronsprecher.html?Link1=004D0061007200740069006E002000320020004B006500730073006C00650072002F\"><strong>Martin<\/strong> Ke\u00dfler<\/a><\/td>\n<\/tr>\n<tr>\n<td width=\"198\">Kraglin<\/td>\n<td width=\"170\">Sean Gunn<\/td>\n<td width=\"161\"><a href=\"https:\/\/www.synchronsprecher.de\/synchronsprecher.html?Link1=0047006500720072006900740020005300630068006D0069006400740046006F00730073005F005300630068006D0069006400740046006F00730073005F00320030003200300030003100300038003100300034003000330034005F00330038003100310037002F\">Gerrit Schmidt-Fo\u00df<\/a><\/td>\n<\/tr>\n<tr>\n<td width=\"198\">Drax the Destroyer<\/td>\n<td width=\"170\">Dave Bautista<\/td>\n<td width=\"161\">Alexander Duda<\/td>\n<\/tr>\n<tr>\n<td width=\"198\">Mantis<\/td>\n<td width=\"170\">Pom Klementieff<\/td>\n<td width=\"161\"><a href=\"https:\/\/www.synchronsprecher.de\/synchronsprecher.html?Link1=00440061006E00690065006C00610020004D006F006C0069006E0061005F005F00320030003200330030003300310036003100340032003600310033005F00360036003100310034002F\">Daniela Molina<\/a><\/td>\n<\/tr>\n<\/tbody>\n<\/table>\n<p style=\"font-weight: 400;\"><strong>Deutscher Titel:<\/strong><br \/>\nGuardians of the galaxy Vol. 3<br \/>\n<strong><br \/>\nOriginaltitel:<\/strong><br \/>\nGuardians of the galaxy Vol. 3<\/p>\n<p style=\"font-weight: 400;\"><strong>Produktionsland:<\/strong><br \/>\nUSA<br \/>\n<strong><br \/>\nOriginalsprache:<\/strong><br \/>\nEnglisch<\/p>\n<p style=\"font-weight: 400;\"><strong>Budget:<\/strong><br \/>\n200 Mio. USD<\/p>\n<p style=\"font-weight: 400;\"><strong>Erscheinungsjahr:<\/strong><br \/>\n2023<\/p>\n<p style=\"font-weight: 400;\"><strong>L\u00e4nge:<\/strong><br \/>\nca. 150 Minuten<\/p>\n<p style=\"font-weight: 400;\"><strong>Altersfreigabe:<\/strong><br \/>\n12<\/p>\n<p style=\"font-weight: 400;\"><strong>Regie:<\/strong><br \/>\nJames Gunn<\/p>\n<p style=\"font-weight: 400;\"><strong>Drehbuch:<\/strong><br \/>\nJames Gunn<\/p>\n<p style=\"font-weight: 400;\"><strong>Produktion:<br \/>\n<\/strong>Kevin Feige, Louis D\u2019Esposito, Victoria Alonso, Nikolas Korda, Sara Smith, Jonathan Schwartz,<br \/>\nDavid J. Grant, Mary Livanos, Simon Hatt<\/p>\n<p style=\"font-weight: 400;\"><strong>Musik:<\/strong><br \/>\nJohn Murphy<\/p>\n<p style=\"font-weight: 400;\"><strong>Kinostart:<\/strong><br \/>\n03.05.2023<\/p>\n<p>&nbsp;<\/p>\n<p><a id=\"buchungsanfrage-button\" title=\"\" href=\"https:\/\/www.synchronsprecher.de\/top100sprecher.html\">Entdecken hier weitere Synchronsprecher<\/a><\/p>\n<p>&nbsp;<\/p>\n<style>\n.kgvid_wrapper {<br \/>    width: 100% !important;<br \/>}<br \/><\/style>\n<p>&nbsp;<\/p>\n","protected":false},"excerpt":{"rendered":"<p>W\u00e4ren wir nicht alle gerne Superhelden? Nun\u2026 Chris Pratt hat es geschafft. In der\u00a0\u00a0 Marvel Saga \u201eGuardians of the Galaxy\u201c spiel er nun zum dritten und -Vorsicht Spoiler-\u00a0 vermutlich letzten Mal an der Seite seiner chaotischen Superheldentruppe seine Parade Rolle als Peter Quill (Star-Lord), welche von keinem Geringeren als Leonhard Mahlich synchronisiert wird. Mit nur 5 Jahren kam Mahlich klassisch, als Kind von Schauspieler und Synchron-sprecher Holger Mahlich und Schauspielerin und Synchronsprecherin Mica\u00ebla Krei\u00dfler, zum Synchron. So wurde er \u00fcber die Jahre nicht nur die deutsche Feststimme von Chris Pratt, sondern leiht unter anderem auch [&#8230;]<\/p>\n","protected":false},"author":2,"featured_media":7511,"comment_status":"open","ping_status":"open","sticky":false,"template":"","format":"standard","meta":{"_acf_changed":false,"footnotes":""},"categories":[4],"tags":[],"class_list":["post-7501","post","type-post","status-publish","format-standard","has-post-thumbnail","hentry","category-news"],"acf":[],"yoast_head":"<!-- This site is optimized with the Yoast SEO plugin v27.5 - https:\/\/yoast.com\/product\/yoast-seo-wordpress\/ -->\n<title>Guardians of the Galaxy 3 Trailer \u2013 Sprecher - Synchronsprecher<\/title>\n<meta name=\"description\" content=\"Guardians of the Galaxy 3 Trailer \u2013 Sprecher Synchronsprecher und Synchronsprecherinnen - www.synchronsprecher.de\" \/>\n<meta name=\"robots\" content=\"index, follow, max-snippet:-1, max-image-preview:large, max-video-preview:-1\" \/>\n<link rel=\"canonical\" href=\"https:\/\/www.synchronsprecher.de\/blog\/guardians-of-the-galaxy-3-trailer-sprecher\/\" \/>\n<meta name=\"author\" content=\"Corsta Danner\" \/>\n<script type=\"application\/ld+json\" class=\"yoast-schema-graph\">{\"@context\":\"https:\\\/\\\/schema.org\",\"@graph\":[{\"@type\":\"BreadcrumbList\",\"@id\":\"https:\\\/\\\/www.synchronsprecher.de\\\/blog\\\/guardians-of-the-galaxy-3-trailer-sprecher\\\/#breadcrumb\",\"itemListElement\":[{\"@type\":\"ListItem\",\"position\":1,\"name\":\"Startseite\",\"item\":\"https:\\\/\\\/www.synchronsprecher.de\\\/blog\\\/\"},{\"@type\":\"ListItem\",\"position\":2,\"name\":\"Guardians of the Galaxy 3 Trailer \u2013 Sprecher\"}]}]}<\/script>\n<!-- \/ Yoast SEO plugin. -->","yoast_head_json":{"title":"Guardians of the Galaxy 3 Trailer \u2013 Sprecher - Synchronsprecher","description":"Guardians of the Galaxy 3 Trailer \u2013 Sprecher Synchronsprecher und Synchronsprecherinnen - www.synchronsprecher.de","robots":{"index":"index","follow":"follow","max-snippet":"max-snippet:-1","max-image-preview":"max-image-preview:large","max-video-preview":"max-video-preview:-1"},"canonical":"https:\/\/www.synchronsprecher.de\/blog\/guardians-of-the-galaxy-3-trailer-sprecher\/","author":"Corsta Danner","schema":{"@context":"https:\/\/schema.org","@graph":[{"@type":"BreadcrumbList","@id":"https:\/\/www.synchronsprecher.de\/blog\/guardians-of-the-galaxy-3-trailer-sprecher\/#breadcrumb","itemListElement":[{"@type":"ListItem","position":1,"name":"Startseite","item":"https:\/\/www.synchronsprecher.de\/blog\/"},{"@type":"ListItem","position":2,"name":"Guardians of the Galaxy 3 Trailer \u2013 Sprecher"}]}]}},"_links":{"self":[{"href":"https:\/\/www.synchronsprecher.de\/blog\/wp-json\/wp\/v2\/posts\/7501","targetHints":{"allow":["GET"]}}],"collection":[{"href":"https:\/\/www.synchronsprecher.de\/blog\/wp-json\/wp\/v2\/posts"}],"about":[{"href":"https:\/\/www.synchronsprecher.de\/blog\/wp-json\/wp\/v2\/types\/post"}],"author":[{"embeddable":true,"href":"https:\/\/www.synchronsprecher.de\/blog\/wp-json\/wp\/v2\/users\/2"}],"replies":[{"embeddable":true,"href":"https:\/\/www.synchronsprecher.de\/blog\/wp-json\/wp\/v2\/comments?post=7501"}],"version-history":[{"count":3,"href":"https:\/\/www.synchronsprecher.de\/blog\/wp-json\/wp\/v2\/posts\/7501\/revisions"}],"predecessor-version":[{"id":7508,"href":"https:\/\/www.synchronsprecher.de\/blog\/wp-json\/wp\/v2\/posts\/7501\/revisions\/7508"}],"wp:featuredmedia":[{"embeddable":true,"href":"https:\/\/www.synchronsprecher.de\/blog\/wp-json\/wp\/v2\/media\/7511"}],"wp:attachment":[{"href":"https:\/\/www.synchronsprecher.de\/blog\/wp-json\/wp\/v2\/media?parent=7501"}],"wp:term":[{"taxonomy":"category","embeddable":true,"href":"https:\/\/www.synchronsprecher.de\/blog\/wp-json\/wp\/v2\/categories?post=7501"},{"taxonomy":"post_tag","embeddable":true,"href":"https:\/\/www.synchronsprecher.de\/blog\/wp-json\/wp\/v2\/tags?post=7501"}],"curies":[{"name":"wp","href":"https:\/\/api.w.org\/{rel}","templated":true}]}}