{"id":6207,"date":"2022-09-23T12:27:08","date_gmt":"2022-09-23T10:27:08","guid":{"rendered":"https:\/\/www.synchronsprecher.de\/blog\/?p=6207"},"modified":"2026-04-10T10:54:18","modified_gmt":"2026-04-10T08:54:18","slug":"sound-design","status":"publish","type":"post","link":"https:\/\/www.synchronsprecher.de\/blog\/sound-design\/","title":{"rendered":"Sound Design"},"content":{"rendered":"<h2 style=\"text-align: center;\"><span style=\"font-size: 18pt;\"><a href=\"https:\/\/www.synchronsprecher.de\" target=\"_blank\" rel=\"noopener\"><img decoding=\"async\" class=\"aligncenter wp-image-16882 size-medium\" src=\"https:\/\/www.synchronsprecher.de\/blog\/wp-content\/uploads\/2026\/03\/Warum-Marken-auf-professionelle-Sprecher-setzen-\u2013-und-warum-das-entscheidend-fuer-Ihren-Erfolg-ist-300x75.png\" alt=\"\" width=\"300\" height=\"75\" data-wp-pid=\"16882\" srcset=\"https:\/\/www.synchronsprecher.de\/blog\/wp-content\/uploads\/2026\/03\/Warum-Marken-auf-professionelle-Sprecher-setzen-\u2013-und-warum-das-entscheidend-fuer-Ihren-Erfolg-ist-200x50.png 200w, https:\/\/www.synchronsprecher.de\/blog\/wp-content\/uploads\/2026\/03\/Warum-Marken-auf-professionelle-Sprecher-setzen-\u2013-und-warum-das-entscheidend-fuer-Ihren-Erfolg-ist-300x75.png 300w, https:\/\/www.synchronsprecher.de\/blog\/wp-content\/uploads\/2026\/03\/Warum-Marken-auf-professionelle-Sprecher-setzen-\u2013-und-warum-das-entscheidend-fuer-Ihren-Erfolg-ist-400x100.png 400w, https:\/\/www.synchronsprecher.de\/blog\/wp-content\/uploads\/2026\/03\/Warum-Marken-auf-professionelle-Sprecher-setzen-\u2013-und-warum-das-entscheidend-fuer-Ihren-Erfolg-ist-600x150.png 600w, https:\/\/www.synchronsprecher.de\/blog\/wp-content\/uploads\/2026\/03\/Warum-Marken-auf-professionelle-Sprecher-setzen-\u2013-und-warum-das-entscheidend-fuer-Ihren-Erfolg-ist-768x192.png 768w, https:\/\/www.synchronsprecher.de\/blog\/wp-content\/uploads\/2026\/03\/Warum-Marken-auf-professionelle-Sprecher-setzen-\u2013-und-warum-das-entscheidend-fuer-Ihren-Erfolg-ist-800x200.png 800w, https:\/\/www.synchronsprecher.de\/blog\/wp-content\/uploads\/2026\/03\/Warum-Marken-auf-professionelle-Sprecher-setzen-\u2013-und-warum-das-entscheidend-fuer-Ihren-Erfolg-ist-1024x256.png 1024w, https:\/\/www.synchronsprecher.de\/blog\/wp-content\/uploads\/2026\/03\/Warum-Marken-auf-professionelle-Sprecher-setzen-\u2013-und-warum-das-entscheidend-fuer-Ihren-Erfolg-ist.png 1200w\" sizes=\"(max-width: 300px) 100vw, 300px\" \/><\/a><span style=\"color: #c7a488; font-size: 32px;\">Sound Design<\/span><\/span><\/h2>\n<p><img decoding=\"async\" class=\"aligncenter size-large wp-image-6223\" src=\"https:\/\/www.synchronsprecher.de\/blog\/wp-content\/uploads\/2022\/08\/Bild-1024x486.png\" alt=\"\" width=\"1024\" height=\"486\" data-wp-pid=\"6223\" srcset=\"https:\/\/www.synchronsprecher.de\/blog\/wp-content\/uploads\/2022\/08\/Bild-200x95.png 200w, https:\/\/www.synchronsprecher.de\/blog\/wp-content\/uploads\/2022\/08\/Bild-300x142.png 300w, https:\/\/www.synchronsprecher.de\/blog\/wp-content\/uploads\/2022\/08\/Bild-400x190.png 400w, https:\/\/www.synchronsprecher.de\/blog\/wp-content\/uploads\/2022\/08\/Bild-600x285.png 600w, https:\/\/www.synchronsprecher.de\/blog\/wp-content\/uploads\/2022\/08\/Bild-768x365.png 768w, https:\/\/www.synchronsprecher.de\/blog\/wp-content\/uploads\/2022\/08\/Bild-800x380.png 800w, https:\/\/www.synchronsprecher.de\/blog\/wp-content\/uploads\/2022\/08\/Bild-1024x486.png 1024w, https:\/\/www.synchronsprecher.de\/blog\/wp-content\/uploads\/2022\/08\/Bild-1200x570.png 1200w, https:\/\/www.synchronsprecher.de\/blog\/wp-content\/uploads\/2022\/08\/Bild-1536x729.png 1536w\" sizes=\"(max-width: 1024px) 100vw, 1024px\" \/><\/p>\n<p>&nbsp;<\/p>\n<div>\n<div style=\"background-color: whitesmoke; padding-left: 40px;\" data-darkreader-inline-bgcolor=\"\">\n<h2 style=\"text-align: left;\"><span style=\"text-decoration: underline;\"><span style=\"font-size: 32px; color: #c7a488; text-decoration: underline;\">3 wichtige Punkte:<\/span><\/span><\/h2>\n<p class=\"s5\">Damit Ihr Video auch auf der Tonebene \u00fcberzeugt, sollten in der Postproduktion daher folgende 3 Punkte bedacht werden:<\/p>\n<p>1. Welche Stimmung soll in Ihrem Video erzeugt werden? Neben der passenden Musikauswahl ist hier das <span class=\"s2\"><b>Audio\u00a0Design<\/b><\/span>\u00a0ma\u00dfgeblich. Denn der Ton verst\u00e4rkt die Wirkung der Bilder und sorgt f\u00fcr die G\u00e4nsehautmomente, so dass der Zuschauer noch tiefer in Ihren Film eintauchen kann.<\/p>\n<p class=\"s5\">2. Welche Eigenschaften Ihres Produktes wollen Sie akustisch hervorheben? Ein flauschiges Handtuch nach der W\u00e4sche, eine scharfe Klinge, ein gestochen scharfes Bild \u2013 vieles l\u00e4sst sich auf der Tonebene durch Ger\u00e4usche und Sound Design unterstreichen.<\/p>\n<p class=\"s5\">3. Wie soll Ihre Marke oder Ihr Produkt klingen? Soll das akustische Erlebnis so real wie m\u00f6glich dargestellt werden? Oder soll durch die\u00a0<span class=\"s2\">Klanggestaltung<\/span>\u00a0das H\u00f6rerlebnis verst\u00e4rkt oder gar \u00fcbertrieben werden (larger than life) und somit<span class=\"s2\">\u00a0<\/span>beim Betrachter st\u00e4rkere Emotionen geweckt werden? Wenn Sie es schaffen, das Gef\u00fchlszentrum Ihrer Kunden zu erreichen, wird sich das auch sehr positiv auf die Markenwirkung auswirken.<\/p>\n<\/div>\n<p>&nbsp;<\/p>\n<div style=\"background-color: whitesmoke; padding-left: 40px;\" data-darkreader-inline-bgcolor=\"\">\n<h2><span style=\"text-decoration: underline; font-size: 32px; color: #c7a488;\"><strong>Sound Design Beispiel 1<\/strong><\/span><\/h2>\n<p class=\"s5\"><span class=\"s6\">IMAGEFILM RATIONAL COOKING CENTER<\/span><\/p>\n<div id=\"kgvid_kgvid_0_wrapper\" class=\"kgvid_wrapper kgvid_wrapper_auto_left kgvid_wrapper_auto_right\">\n\t\t\t<div id=\"video_kgvid_0_div\" class=\"fitvidsignore kgvid_videodiv\" data-id=\"kgvid_0\" data-kgvid_video_vars=\"{&quot;id&quot;:&quot;kgvid_0&quot;,&quot;attachment_id&quot;:&quot;6214&quot;,&quot;player_type&quot;:&quot;Video.js v8&quot;,&quot;width&quot;:&quot;1920&quot;,&quot;height&quot;:1080,&quot;fullwidth&quot;:&quot;false&quot;,&quot;fixed_aspect&quot;:&quot;true&quot;,&quot;countable&quot;:true,&quot;count_views&quot;:&quot;start_complete&quot;,&quot;start&quot;:&quot;&quot;,&quot;autoplay&quot;:&quot;false&quot;,&quot;pauseothervideos&quot;:&quot;true&quot;,&quot;set_volume&quot;:&quot;0.9&quot;,&quot;muted&quot;:&quot;false&quot;,&quot;meta&quot;:true,&quot;endofvideooverlay&quot;:&quot;&quot;,&quot;resize&quot;:&quot;true&quot;,&quot;auto_res&quot;:&quot;automatisch&quot;,&quot;pixel_ratio&quot;:&quot;true&quot;,&quot;right_click&quot;:&quot;on&quot;,&quot;playback_rate&quot;:&quot;false&quot;,&quot;title&quot;:&quot;RATIONAL&quot;,&quot;skip_buttons&quot;:[],&quot;nativecontrolsfortouch&quot;:&quot;false&quot;,&quot;locale&quot;:&quot;de&quot;,&quot;enable_resolutions_plugin&quot;:false}\" itemprop=\"video\" itemscope itemtype=\"https:\/\/schema.org\/VideoObject\"><meta itemprop=\"thumbnailUrl\" content=\"https:\/\/www.synchronsprecher.de\/blog\/wp-content\/uploads\/2022\/08\/SelfCookingCenter-XS-Ihr-Kombidaempfer-RATIONAL_thumb1.jpg\"><meta itemprop=\"embedUrl\" content=\"https:\/\/www.synchronsprecher.de\/blog\/?attachment_id=6214&#038;videopack%5Benable%5D=true\"><meta itemprop=\"contentUrl\" content=\"https:\/\/www.synchronsprecher.de\/blog\/wp-content\/uploads\/2022\/08\/SelfCookingCenter-XS-Ihr-Kombidaempfer-RATIONAL.mp4\"><meta itemprop=\"name\" content=\"RATIONAL\"><meta itemprop=\"description\" content=\"Video\"><meta itemprop=\"uploadDate\" content=\"2022-08-02T15:53:08+02:00\">\n\t\t\t\t<video id=\"video_kgvid_0\" playsinline controls preload=\"metadata\" poster=\"https:\/\/www.synchronsprecher.de\/blog\/wp-content\/uploads\/2022\/08\/SelfCookingCenter-XS-Ihr-Kombidaempfer-RATIONAL_thumb1.jpg\" width=\"1920\" height=\"1080\" class=\"fitvidsignore video-js kg-video-js-skin\">\n\t\t\t\t\t<source src=\"https:\/\/www.synchronsprecher.de\/blog\/wp-content\/uploads\/2022\/08\/SelfCookingCenter-XS-Ihr-Kombidaempfer-RATIONAL.mp4?id=0\" type=\"video\/mp4\" data-res=\"1080p\">\n\t\t\t\t<\/video>\n\t\t\t<\/div>\n\t\t\t<div style=\"display:none\" id=\"video_kgvid_0_meta\" class=\"kgvid_video_meta kgvid_video_meta_hover \">\n\t\t\t\t<span class='kgvid_meta_icons'><\/span>\n\t\t\t\t<span id='video_kgvid_0_title' class='kgvid_title'>RATIONAL<\/span>\n<\/div>\n\t\t<\/div>\n<p class=\"s5\"><span class=\"s2\">Die multimediale Welt bietet Ihnen also die M\u00f6glichkeit, Ihre Inhalte auf allen Ebenen zu transportieren: Sprache, Bild und Sound Design! <\/span><\/p>\n<p class=\"s5\"><span class=\"s2\">Mit dem\u00a0<\/span><span class=\"s2\">passenden <\/span><strong><span class=\"s2\">Sound Design<\/span><\/strong>\u00a0hauchen wir Ihrem Film LEBEN ein und erwecken ihn zu einem audiovisuellen Gesamtkunstwerk mit suggestiver Wirkung. Denn ein gutes <strong>Sound Design<\/strong> ist sprichw\u00f6rtlich so wichtig &#8222;wie das Salz in der Suppe&#8220;.<\/p>\n<\/div>\n<p>&nbsp;<\/p>\n<div style=\"background-color: whitesmoke; padding-left: 40px;\" data-darkreader-inline-bgcolor=\"\">\n<h2><span style=\"text-decoration: underline; font-size: 32px; color: #c7a488;\"><strong>Sound Design Beispiel 2<\/strong><\/span><\/h2>\n<p><span class=\"s6\">HILZINGER IMAGEFILM\u00a0<\/span><\/p>\n<div id=\"kgvid_kgvid_1_wrapper\" class=\"kgvid_wrapper kgvid_wrapper_auto_left kgvid_wrapper_auto_right\">\n\t\t\t<div id=\"video_kgvid_1_div\" class=\"fitvidsignore kgvid_videodiv\" data-id=\"kgvid_1\" data-kgvid_video_vars=\"{&quot;id&quot;:&quot;kgvid_1&quot;,&quot;attachment_id&quot;:&quot;6229&quot;,&quot;player_type&quot;:&quot;Video.js v8&quot;,&quot;width&quot;:&quot;1920&quot;,&quot;height&quot;:1080,&quot;fullwidth&quot;:&quot;false&quot;,&quot;fixed_aspect&quot;:&quot;true&quot;,&quot;countable&quot;:true,&quot;count_views&quot;:&quot;start_complete&quot;,&quot;start&quot;:&quot;&quot;,&quot;autoplay&quot;:&quot;false&quot;,&quot;pauseothervideos&quot;:&quot;true&quot;,&quot;set_volume&quot;:&quot;0.9&quot;,&quot;muted&quot;:&quot;false&quot;,&quot;meta&quot;:true,&quot;endofvideooverlay&quot;:&quot;&quot;,&quot;resize&quot;:&quot;true&quot;,&quot;auto_res&quot;:&quot;automatisch&quot;,&quot;pixel_ratio&quot;:&quot;true&quot;,&quot;right_click&quot;:&quot;on&quot;,&quot;playback_rate&quot;:&quot;false&quot;,&quot;title&quot;:&quot;Hilzinger TV&quot;,&quot;skip_buttons&quot;:[],&quot;nativecontrolsfortouch&quot;:&quot;false&quot;,&quot;locale&quot;:&quot;de&quot;,&quot;enable_resolutions_plugin&quot;:false}\" itemprop=\"video\" itemscope itemtype=\"https:\/\/schema.org\/VideoObject\"><meta itemprop=\"thumbnailUrl\" content=\"https:\/\/www.synchronsprecher.de\/blog\/wp-content\/uploads\/2022\/08\/Hilzinger-TV_thumb2.jpg\"><meta itemprop=\"embedUrl\" content=\"https:\/\/www.synchronsprecher.de\/blog\/?attachment_id=6229&#038;videopack%5Benable%5D=true\"><meta itemprop=\"contentUrl\" content=\"https:\/\/www.synchronsprecher.de\/blog\/wp-content\/uploads\/2022\/08\/Hilzinger-TV.mp4\"><meta itemprop=\"name\" content=\"Hilzinger TV\"><meta itemprop=\"description\" content=\"Video\"><meta itemprop=\"uploadDate\" content=\"2022-08-02T20:07:36+02:00\">\n\t\t\t\t<video id=\"video_kgvid_1\" playsinline controls preload=\"metadata\" poster=\"https:\/\/www.synchronsprecher.de\/blog\/wp-content\/uploads\/2022\/08\/Hilzinger-TV_thumb2.jpg\" width=\"1920\" height=\"1080\" class=\"fitvidsignore video-js kg-video-js-skin\">\n\t\t\t\t\t<source src=\"https:\/\/www.synchronsprecher.de\/blog\/wp-content\/uploads\/2022\/08\/Hilzinger-TV.mp4?id=1\" type=\"video\/mp4\" data-res=\"720p\">\n\t\t\t\t<\/video>\n\t\t\t<\/div>\n\t\t\t<div style=\"display:none\" id=\"video_kgvid_1_meta\" class=\"kgvid_video_meta kgvid_video_meta_hover \">\n\t\t\t\t<span class='kgvid_meta_icons'><\/span>\n\t\t\t\t<span id='video_kgvid_1_title' class='kgvid_title'>Hilzinger TV<\/span>\n<\/div>\n\t\t<\/div>\n<\/div>\n<p>&nbsp;<\/p>\n<p style=\"text-align: center;\"><span style=\"color: #c7a488; font-size: 20px;\" data-darkreader-inline-color=\"\"><em>Der Erfolg eines Filmes h\u00e4ngt zu 60 Prozent von seinen Sound Design und seiner Musik ab.<\/em><\/span><\/p>\n<p style=\"text-align: center;\"><span style=\"color: #c7a488; font-size: 14px;\" data-darkreader-inline-color=\"\"><em>Steven Spielberg<\/em><\/span><\/p>\n<h3 style=\"text-align: left;\"><\/h3>\n<h3 style=\"text-align: center;\"><span style=\"font-size: 14pt;\"><u><b>Beratung:<\/b><\/u><\/span><\/h3>\n<p style=\"text-align: center;\">Gerne unterst\u00fctzen wir auch Ihr Vorhaben mit dem passenden <strong>Sound Design<\/strong> aus unserer Kratievschmiede.<\/p>\n<p style=\"text-align: center;\">Hier geht es direkt zur Sprecherauswahl:<\/p>\n<p style=\"text-align: center;\"><a href=\"https:\/\/www.synchronsprecher.de\/werbesprecher.html\"><img decoding=\"async\" class=\"wp-image-6397 size-medium alignnone\" src=\"https:\/\/www.synchronsprecher.de\/blog\/wp-content\/uploads\/2021\/06\/Sprecher-jetzt-finden-300x41.png\" alt=\"\" width=\"300\" height=\"41\" data-wp-pid=\"6397\" srcset=\"https:\/\/www.synchronsprecher.de\/blog\/wp-content\/uploads\/2021\/06\/Sprecher-jetzt-finden-200x27.png 200w, https:\/\/www.synchronsprecher.de\/blog\/wp-content\/uploads\/2021\/06\/Sprecher-jetzt-finden-300x41.png 300w, https:\/\/www.synchronsprecher.de\/blog\/wp-content\/uploads\/2021\/06\/Sprecher-jetzt-finden-400x54.png 400w, https:\/\/www.synchronsprecher.de\/blog\/wp-content\/uploads\/2021\/06\/Sprecher-jetzt-finden-600x81.png 600w, https:\/\/www.synchronsprecher.de\/blog\/wp-content\/uploads\/2021\/06\/Sprecher-jetzt-finden-768x104.png 768w, https:\/\/www.synchronsprecher.de\/blog\/wp-content\/uploads\/2021\/06\/Sprecher-jetzt-finden-800x108.png 800w, https:\/\/www.synchronsprecher.de\/blog\/wp-content\/uploads\/2021\/06\/Sprecher-jetzt-finden-1024x139.png 1024w, https:\/\/www.synchronsprecher.de\/blog\/wp-content\/uploads\/2021\/06\/Sprecher-jetzt-finden.png 1188w\" sizes=\"(max-width: 300px) 100vw, 300px\" \/><\/a><\/p>\n<p>&nbsp;<\/p>\n<div style=\"text-align: center; margin-top: 30px;\"><a style=\"background-color: #c7a488; color: #fff; padding: 16px 32px; text-decoration: none; border-radius: 30px; font-weight: bold; display: inline-block; font-size: 16px; box-shadow: 0 4px 12px rgba(0,0,0,0.1);\" href=\"https:\/\/www.synchronsprecher.de\/blog\/sound-logo-erstellen-lassen-audio-branding-vom-profi\/\"><br \/>\n\ud83d\udc49 Erfahren Sie hier mehr zu dem Thema Sound Logo erstellen lassen<\/a><\/div>\n<p>&nbsp;<br \/>\n&nbsp;<br \/>\n<a href=\"https:\/\/www.synchronsprecher.de\" target=\"_blank\" rel=\"noopener\"><img decoding=\"async\" class=\"aligncenter wp-image-7755 size-medium\" src=\"https:\/\/www.synchronsprecher.de\/blog\/wp-content\/uploads\/2023\/09\/logo_14-19-300x58.png\" alt=\"\" width=\"300\" height=\"58\" data-wp-pid=\"7755\" srcset=\"https:\/\/www.synchronsprecher.de\/blog\/wp-content\/uploads\/2023\/09\/logo_14-19-200x38.png 200w, https:\/\/www.synchronsprecher.de\/blog\/wp-content\/uploads\/2023\/09\/logo_14-19-300x58.png 300w, https:\/\/www.synchronsprecher.de\/blog\/wp-content\/uploads\/2023\/09\/logo_14-19-400x77.png 400w, https:\/\/www.synchronsprecher.de\/blog\/wp-content\/uploads\/2023\/09\/logo_14-19-600x115.png 600w, https:\/\/www.synchronsprecher.de\/blog\/wp-content\/uploads\/2023\/09\/logo_14-19-768x148.png 768w, https:\/\/www.synchronsprecher.de\/blog\/wp-content\/uploads\/2023\/09\/logo_14-19-800x154.png 800w, https:\/\/www.synchronsprecher.de\/blog\/wp-content\/uploads\/2023\/09\/logo_14-19.png 884w\" sizes=\"(max-width: 300px) 100vw, 300px\" \/><\/a><\/p>\n<h1 style=\"text-align: center;\"><span style=\"font-size: 14px;\"><span style=\"color: #c7a488;\" data-darkreader-inline-color=\"\">\u00a0<span style=\"--darkreader-inline-color: var(--darkreader-text-008000, #72ff72);\"><a style=\"color: #c7a488; --darkreader-inline-color: var(--darkreader-text-008000, #72ff72);\" href=\"https:\/\/www.synchronsprecher.de\/blog\/tonstudio-fuer-werbung\/\" data-darkreader-inline-color=\"\">TONSTUDIO F\u00dcR WERBUNG<\/a><\/span><\/span> I KONTAKT I BOOKING I <span style=\"color: #008000;\" data-darkreader-inline-color=\"\"><a style=\"color: #008000;\" href=\"https:\/\/www.synchronsprecher.de\/sprecheragentur.html\" data-darkreader-inline-color=\"\"><span style=\"color: #c7a488;\" data-darkreader-inline-color=\"\">SPRECHERAGENTUR<\/span><\/a><\/span> I MANAGEMENT I SPRACHPROBEN I TONSTUDIO I <span style=\"color: #c7a488; --darkreader-inline-color: var(--darkreader-text-008000, #72ff72);\" data-darkreader-inline-color=\"\"><a style=\"color: #c7a488; --darkreader-inline-color: var(--darkreader-text-008000, #72ff72);\" href=\"https:\/\/www.synchronsprecher.de\/werbesprecher.html\" data-darkreader-inline-color=\"\">PROFISPRECHER<\/a> <\/span>I STUDIO I <span style=\"color: #c7a488; --darkreader-inline-color: var(--darkreader-text-008000, #72ff72);\" data-darkreader-inline-color=\"\"><a style=\"color: #c7a488; --darkreader-inline-color: var(--darkreader-text-008000, #72ff72);\" href=\"https:\/\/www.synchronsprecher.de\/blog\/audio-agentur\/\" data-darkreader-inline-color=\"\">AUDIO AGENTUR<\/a><\/span><\/span><\/h1>\n<h1 style=\"text-align: center;\"><\/h1>\n<\/div>\n","protected":false},"excerpt":{"rendered":"<p>Sound Design &nbsp; 3 wichtige Punkte: Damit Ihr Video auch auf der Tonebene \u00fcberzeugt, sollten in der Postproduktion daher folgende 3 Punkte bedacht werden: 1. Welche Stimmung soll in Ihrem Video erzeugt werden? Neben der passenden Musikauswahl ist hier das Audio\u00a0Design\u00a0ma\u00dfgeblich. Denn der Ton verst\u00e4rkt die Wirkung der Bilder und sorgt f\u00fcr die G\u00e4nsehautmomente, so dass der Zuschauer noch tiefer in Ihren Film eintauchen kann. 2. Welche Eigenschaften Ihres Produktes wollen Sie akustisch hervorheben? Ein flauschiges Handtuch nach der W\u00e4sche, eine scharfe Klinge, ein gestochen scharfes Bild \u2013 vieles l\u00e4sst sich auf der Tonebene durch [&#8230;]<\/p>\n","protected":false},"author":2,"featured_media":6220,"comment_status":"open","ping_status":"open","sticky":false,"template":"","format":"standard","meta":{"_acf_changed":false,"footnotes":""},"categories":[1],"tags":[7825],"class_list":["post-6207","post","type-post","status-publish","format-standard","has-post-thumbnail","hentry","category-allgemein","tag-sound-design"],"acf":[],"yoast_head":"<!-- This site is optimized with the Yoast SEO plugin v27.4 - https:\/\/yoast.com\/product\/yoast-seo-wordpress\/ -->\n<title>Sound Design - f\u00fcr Werbefilm, Imagefilm, Werbespot, Online Clip<\/title>\n<meta name=\"description\" content=\"Sound Design f\u00fcr Imagefilm, Werbeclip, Werbevideo, Erkl\u00e4rfilm, Werbespot, Produktfilm \u2705 www.synchronsprecher.de \u2705\" \/>\n<meta name=\"robots\" content=\"index, follow, max-snippet:-1, max-image-preview:large, max-video-preview:-1\" \/>\n<link rel=\"canonical\" href=\"https:\/\/www.synchronsprecher.de\/blog\/sound-design\/\" \/>\n<meta name=\"author\" content=\"Corsta Danner\" \/>\n<script type=\"application\/ld+json\" class=\"yoast-schema-graph\">{\"@context\":\"https:\\\/\\\/schema.org\",\"@graph\":[{\"@type\":\"BreadcrumbList\",\"@id\":\"https:\\\/\\\/www.synchronsprecher.de\\\/blog\\\/sound-design\\\/#breadcrumb\",\"itemListElement\":[{\"@type\":\"ListItem\",\"position\":1,\"name\":\"Startseite\",\"item\":\"https:\\\/\\\/www.synchronsprecher.de\\\/blog\\\/\"},{\"@type\":\"ListItem\",\"position\":2,\"name\":\"Sound Design\"}]}]}<\/script>\n<!-- \/ Yoast SEO plugin. -->","yoast_head_json":{"title":"Sound Design - f\u00fcr Werbefilm, Imagefilm, Werbespot, Online Clip","description":"Sound Design f\u00fcr Imagefilm, Werbeclip, Werbevideo, Erkl\u00e4rfilm, Werbespot, Produktfilm \u2705 www.synchronsprecher.de \u2705","robots":{"index":"index","follow":"follow","max-snippet":"max-snippet:-1","max-image-preview":"max-image-preview:large","max-video-preview":"max-video-preview:-1"},"canonical":"https:\/\/www.synchronsprecher.de\/blog\/sound-design\/","author":"Corsta Danner","schema":{"@context":"https:\/\/schema.org","@graph":[{"@type":"BreadcrumbList","@id":"https:\/\/www.synchronsprecher.de\/blog\/sound-design\/#breadcrumb","itemListElement":[{"@type":"ListItem","position":1,"name":"Startseite","item":"https:\/\/www.synchronsprecher.de\/blog\/"},{"@type":"ListItem","position":2,"name":"Sound Design"}]}]}},"_links":{"self":[{"href":"https:\/\/www.synchronsprecher.de\/blog\/wp-json\/wp\/v2\/posts\/6207","targetHints":{"allow":["GET"]}}],"collection":[{"href":"https:\/\/www.synchronsprecher.de\/blog\/wp-json\/wp\/v2\/posts"}],"about":[{"href":"https:\/\/www.synchronsprecher.de\/blog\/wp-json\/wp\/v2\/types\/post"}],"author":[{"embeddable":true,"href":"https:\/\/www.synchronsprecher.de\/blog\/wp-json\/wp\/v2\/users\/2"}],"replies":[{"embeddable":true,"href":"https:\/\/www.synchronsprecher.de\/blog\/wp-json\/wp\/v2\/comments?post=6207"}],"version-history":[{"count":26,"href":"https:\/\/www.synchronsprecher.de\/blog\/wp-json\/wp\/v2\/posts\/6207\/revisions"}],"predecessor-version":[{"id":17482,"href":"https:\/\/www.synchronsprecher.de\/blog\/wp-json\/wp\/v2\/posts\/6207\/revisions\/17482"}],"wp:featuredmedia":[{"embeddable":true,"href":"https:\/\/www.synchronsprecher.de\/blog\/wp-json\/wp\/v2\/media\/6220"}],"wp:attachment":[{"href":"https:\/\/www.synchronsprecher.de\/blog\/wp-json\/wp\/v2\/media?parent=6207"}],"wp:term":[{"taxonomy":"category","embeddable":true,"href":"https:\/\/www.synchronsprecher.de\/blog\/wp-json\/wp\/v2\/categories?post=6207"},{"taxonomy":"post_tag","embeddable":true,"href":"https:\/\/www.synchronsprecher.de\/blog\/wp-json\/wp\/v2\/tags?post=6207"}],"curies":[{"name":"wp","href":"https:\/\/api.w.org\/{rel}","templated":true}]}}