{"id":3607,"date":"2024-08-01T10:46:16","date_gmt":"2024-08-01T08:46:16","guid":{"rendered":"https:\/\/www.synchronsprecher.de\/blog\/?p=3607"},"modified":"2026-03-15T12:47:12","modified_gmt":"2026-03-15T11:47:12","slug":"synchronsprecher-elvis-presley-rainer-brandt","status":"publish","type":"post","link":"https:\/\/www.synchronsprecher.de\/blog\/synchronsprecher-elvis-presley-rainer-brandt\/","title":{"rendered":"Synchronsprecher Elvis Presley &#8211; Rainer Brandt"},"content":{"rendered":"<div class=\"fusion-aligncenter\"><a class=\"fusion-button button-flat fusion-button-default-size button-green fusion-button-green button-1 fusion-button-default-span fusion-button-default-type fusion-no-medium-visibility\" target=\"_blank\" rel=\"noopener noreferrer\" href=\"https:\/\/www.synchronsprecher.de\/blog\/category\/in-memoriam\/\"><span class=\"fusion-button-text awb-button__text awb-button__text--default\">Verstorbene \/ Gestorbene Synchronsprecher \/ Synchronstimmen<\/span><\/a><\/div>\n<p><span style=\"text-decoration: underline;\"><strong>S T E C K B R I E F:<\/strong><\/span><\/p>\n<p><strong>Schauspieler, Synchronsprecher, Synchronregisseur, <span style=\"color: #339966;\" data-darkreader-inline-color=\"\"><a style=\"color: #339966;\" href=\"https:\/\/www.synchronsprecher.de\/werbesprecher.html\" data-darkreader-inline-color=\"\">Werbesprecher<\/a>,<\/span>\u00a0Dialogbuchautor. <\/strong><strong>Deutsche Stimme u.a. von Elvis Presley, Jean-Paul Belmondo, Tony Curtis, John Lennon, Franco Nero, Oliver Reed George Hilton, Rik Battaglia, Brad Harris. <\/strong><strong>Mehr als 725 Sprechrollen. Geboren am 19. Januar 1936 in Berlin. Sternzeichen Steinbock. Verheiratet. Eine Tochter. Ein Sohn. Lebt in Berlin. \u2013 gestorben am 1. August 2024.<\/strong><\/p>\n<p><strong>Synchronschauspieler Rainer Brandt war die deutsche Stimme von Elvis Presley. <\/strong>In den meisten seiner Filme verhalf er dem 1977 verstorbenen <strong>King of Rock \u201an\u2018 Roll\u00a0<\/strong>zur deutschen Sprache. Mit ordentlich H\u00fcftschwung hinter dem Mikrofon synchronschauspielte Brandt den King im ersten Presley-Farbfilm <strong>Gold aus hei\u00dfer Kehle\u00a0<\/strong>im Jahr 1957. Rainer Brandt war auch ge\u00fcbt im Hochseefischen. Im stimmlichen Schauspiel f\u00fcr Elvis Presley alias Ross Carpenter lebte er auf Hawaii und fuhr als Kapit\u00e4n des Fischerboots Kingfisher Touristen im Zentralpazifik aufs Meer. Der Musikfilm <strong>Girls! Girls! Girls!\u00a0<\/strong>(1962) wurde f\u00fcr einen <strong>Golden Globe\u00a0<\/strong>nominiert. Schlagkr\u00e4ftig und brillant auch das Synchronschauspiel von Rainer Brandt f\u00fcr Elvis in der Rolle als Charlie Rogers, was er in <strong>K\u00f6nig der hei\u00dfen Rhythmen\u00a0<\/strong>1964 zeigte. Immerhin setzte Brandt akustisch mit fern\u00f6stlichen Kampfk\u00fcnsten gleich drei Jugendliche au\u00dfer Gefecht.<\/p>\n<p><strong>Mal von der Synchronisation abgesehen, was hatten Elvis Presley und Rainer Brandt in den f\u00fcnfziger Jahren gemeinsam?\u00a0<\/strong>Na das mit viel Pomade geb\u00e4ndigte Haupthaar. Die sch\u00f6ne Schmalztolle war zu dieser Zeit tats\u00e4chlich stilgebend f\u00fcr eine ganze Generation. Und wer hat sie quasi erfunden? <strong>Hollywoodstar Tony Curtis<\/strong>, der auch vom wunderbaren Rainer Brandt synchronisiert wurde. Beispielsweise im f\u00fcr den Oscar und den Golden Globe Nominierten US-amerikanisch-jugoslawischen Abenteuerfilm\u00a0<strong>Taras Bulba\u00a0<\/strong>mit <strong>Yul Brynner\u00a0<\/strong>in der Titelrolle. Der kahlk\u00f6pfige Brynner z\u00e4hlte in den f\u00fcnfziger Jahren zu den beliebtesten Hollywooddarstellern. Sein Durchbruch gelang ihm 1956 als <strong>K\u00f6nig von Siam <\/strong>in <strong>Der K\u00f6nig und ich<\/strong>. Das <strong>Farbfilm-Meisterwerk\u00a0<\/strong>aus dem Hause 20th Century Fox war f\u00fcr <strong>neun Academy Awards\u00a0<\/strong><b>nominiert und<\/b>\u00a0<strong>gewann f\u00fcnf Oscars<\/strong>, u.a. Yul Brynner als bester Hauptdarsteller.<\/p>\n<p>Unvergessen auch die gro\u00dfartigen Synchronarbeiten von Rainer Brandt f\u00fcr den vielfach ausgezeichneten franz\u00f6sischen Schauspieler <strong>Jean-Paul Belmondo<\/strong>, der 1998 die <strong>Goldene Kamera\u00a0<\/strong>f\u00fcr sein <strong>Lebenswerk\u00a0<\/strong>erhielt. <strong>Der vierschichtige Rainer Brandt verk\u00f6rperte Belmondo stimmlich in den unterschiedlichsten Charakterrollen. <\/strong>Als gerissener Allroundganove Alexandre Dupr\u00e9 in der Action-Kom\u00f6die <strong>Der Puppenspieler\u00a0<\/strong>(1980) oder mit noch mehr Action als Ex-Agent des franz\u00f6sischen Geheimdienstes.\u00a0<strong>Der\u00a0<\/strong><b>Profi wurde<\/b>\u00a01983 mit der <strong>Goldenen Leinwand\u00a0<\/strong>ausgezeichnet. Gro\u00dfartiges Schauspiel von Jean-Paul Belmondo alias Henri Fortin im franz\u00f6sischen Filmdrama\u00a0<strong>Les\u00a0<\/strong><b>Miserables<\/b>, mit einem ebenso herausragenden Synchronschauspiel von Rainer Brandt. Die Verfilmung des Klassikers wurde 1996 mit einem <strong>Golden Globe Award\u00a0<\/strong>als <strong>Bester ausl\u00e4ndischer Film\u00a0<\/strong>ausgezeichnet.<\/p>\n<p>\u201cShe loves you yeah yeah yeah, she loves you yeah yeah yeah\u2026\u201d, \u201cIt\u2019s been a hard dar\u2019s night and I\u2019ve been working like a dog\u2026\u201d Ja, richtig vermutet, <strong>Synchronschauspieler Rainer Brandt war auch schon einer der Beatles. <\/strong>1964 wurde die Tony Curtis-Tolle stimmlich gegen den Pilzkopf von <strong>John Lennon\u00a0<\/strong>eingetauscht. Im musikalischen Comedy-Film <strong>A Hard Day\u2019s Night\u00a0<\/strong>synchronschauspielte Brandt den Oscar- und mehrfachen Grammy-Preistr\u00e4ger auf dem H\u00f6hepunkt von Beatlemania. Der Film zeigt 36 Stunden aus dem Leben der englischen Rockband The Beatles. 40 Jahre sp\u00e4ter wurde der Kassenerfolg vom\u00a0<strong>Time Magazine als einer der besten 100 Filme aller Zeiten bewertet<\/strong>. A Hard Day\u2019s Night gilt als einer der weltweit einflussreichsten Musikfilme und inspiriert zahlreiche Spionagefilme und Musikvideos. Der gro\u00dfartige Rainer Brandt synchronisierte John Lennon auch im <strong>Beatles-Film Hi-Hi-Hilfe!<\/strong>.<\/p>\n<p><strong>Rainer Brandt war eine lebende Synchron-Legende.<\/strong> \u00dcber 60 Jahren kam seine Stimme in gro\u00dfartigen Produktionen in dem deutschen Sprachraum zum Einsatz. Als CIA-Agent Felix Leiter stimmenschauspielte er f\u00fcr <strong>Jack Lord\u00a0<\/strong>im ersten James Bond-Film <strong>James Bond \u2013 007 jagt Dr. No<\/strong>. Dem wunderbaren Schauspieler <strong>Mario Adorf\u00a0<\/strong>verhalf er zu einer h\u00e4rteren Schurkenstimme und synchronisierte ihn alias Frederick Sander in <strong>Winnetou 1. Teil\u00a0<\/strong>(1963), ebenso im Western <strong>Der letzte Ritt nach Santa Cruz<\/strong>, als Adorf wieder in die Stimmlage eines B\u00f6sewichts zu bringen war. Rainer Brandt synchronisierte viele Western, 2012 auch wieder einmal f\u00fcr <strong>Franco Nero\u00a0<\/strong>im Meisterwerk von <strong>Quentin Tarantino<\/strong>. <strong>Django Unchained<\/strong>\u2013 mit <strong>Jamie Foxx, Christoph Walz, Leonardo DiCaprio\u00a0<\/strong>und <strong>Samuel L. Jackson<\/strong>, wurde f\u00fcr f\u00fcnf Oscars nominiert und mit <strong>zwei Academy Awards\u00a0<\/strong>ausgezeichnet.<\/p>\n<p><strong>Schauspieler wollte Rainer Brandt werden, also ging es f\u00fcr ihn im Alter von 18 Jahren zum Vorstellen in ein Filmstudio. <\/strong>Doch er hatte sich zuvor gedanklich verlaufen und landete in einem Synchronstudio. Dort traf er auf Regisseur <strong>Alfred\u00a0Vorher\u00a0<\/strong>(<strong>Der Alte, Derrick, Traumschiff, Die Schwarzwaldklinik\u00a0<\/strong>uvm.). Dieser hatte das richtige Gesp\u00fcr f\u00fcr den jungen Brandt und lies in direkt vorsprechen. Der talentierte Berliner \u00fcberzeugte und landete direkt im Synchron. Parallel zu seiner Arbeit als Synchronsprecher absolvierte er eine <strong>klassische Schauspielausbildung<\/strong>. Noch in den f\u00fcnfziger Jahren begann der talentierte Synchronsprecher f\u00fcr das DDR-Filmunternehmen <strong>DEFA<\/strong>, sp\u00e4ter f\u00fcr <strong>Karlheinz\u00a0Brunnemann\u00a0<\/strong>und auch bei der <strong>Deutschen Synchron\u00a0<\/strong>zu arbeiten, ehe er eine eigene Synchronfirma gr\u00fcndete. Die <strong>Brandtfilm <\/strong>wird heute von seiner Tochter <strong>Judith Brandt<\/strong>, die ebenfalls Synchronsprecherin ist (<strong>Sophie Marceau, Monica Bellucci<\/strong>), geleitet. Eine K\u00fcnstlerfamilie. Rainer Brandt ist mit Schauspielerin <strong>Ursula Heyer<\/strong>, der deutschen Stimme von Denver Clan-Bist <strong>Joan Collins\u00a0<\/strong>verheiratet. Auch Sohn Andrej war lange Jahre im Synchron aktiv, sprach u.a. <strong>Bradley Gregg<\/strong>in <strong>Die Klasse von 1999<\/strong>, lebt und arbeitet heute als Kameramann in S\u00fcdafrika<\/p>\n<p><strong>Nicht nur wegen seines unglaublichen stimmlichen Facettenreichtums wurde Rainer Brandt oftmals als Synchron-Papst bezeichnet. <\/strong>Seine Kreativit\u00e4t zeigte sich seit Jahrzehnten ebenso im Bereich der <strong>Synchronregie <\/strong>und als <strong>Dialogbuchautor<\/strong>. <strong>Brandt war es, der in den siebziger und achtziger Jahren eine v\u00f6llige neue Art der Synchronisation entwickelte.\u00a0<\/strong>Eine humorvolle, die sich nicht v\u00f6llig am Original orientierte. Genannt <strong>Schnodderdeutsch<\/strong>. Man kann es als einem Mischmasch aus Berlinismen, Jiddisch, ein bisschen Unterwelt und etwas Gosse bezeichnen, wie es die\u00a0<strong>taz\u00a0<\/strong>einst beschrieb. In diesem Schnodderdeutsch wird \u00e4u\u00dferst fantasievoll viel Humor eingebaut. Somit hatte Rainer Brandt als verantwortlicher Dialogbuchautor und Synchronregisseur ma\u00dfgeblich zum Erfolg der britischen Serie <strong>Die Zwei\u00a0<\/strong>im deutschen Sprachraum beigetragen. Erinnern wir uns wie <strong>Roger Moore\u00a0<\/strong>alias Lord Brett Sinclair und <strong>Tony Curtis\u00a0<\/strong>als Danny Wilde mit hei\u00dfen \u00d6fen durch die Landschaften brausten, um irgendwelche Gangster zu jagen. Mega Cool. <strong>Doch zum Kult wurde die Serie tats\u00e4chlich wegen der deutschen Synchronisation. <\/strong><strong>Chapeau Rainer Brandt.\u00a0<\/strong>Einige der Dialoge, die Brandt den Leinwandhelden in den Mund schrieb, haben sogar <strong>Einzug in die deutsche Alltagssprache\u00a0<\/strong>gehalten, u.a.: \u201eIch glaub, mich tritt ein Pferd\u201c oder auch \u201eVersuch macht kluch\u201c und \u201eSleep well in your Bettgestell.\u201c <strong>Als Dialogbuchautor war Brandt ebenso am Erfolg zahlreicher Bud Spencer und Terence Hill Italo-Western beteiligt. <\/strong>Viele erfolgreiche Formate verdanken ihren Durchbruch im deutschen Sprachraum seiner gro\u00dfartigen Dialog-Schreibe: <strong>M*A*S*H, Rauchende Colts, Alle unter einem Dach, Seinfeld, Frasier, Alien Nation\u00a0<\/strong>uvm.<\/p>\n<p><strong>Ehre wem Ehre geb\u00fchrt. Der Art Directors Club hatte Synchron-Papst und Schnodderdeutsch-Erfinder Rainer Brandt 2010 zum Ehrenmitglied ernannt. <\/strong>Vier Jahre sp\u00e4ter wurde der gro\u00dfartige Synchronschauspieler in der Kategorie <strong>Synchron-Kunst\u00a0<\/strong>mit dem <strong>Berliner B<\/strong><b>\u00e4r ausgezeichnet<\/b>. Der Kulturpreis wird seit 1991 von der B.Z. an herausragende K\u00fcnstler vergeben, wie in der Vergangenheit z.B. an <strong>Harald Juhnke<\/strong>, <strong>G\u00f6tz George\u00a0<\/strong>und Grimme-Preistr\u00e4ger <strong>Armin Mueller-Stahl<\/strong>&#8211; der f\u00fcr seine Rolle in <strong>Shine \u2013 Der Weg ins Licht<\/strong>, bereits f\u00fcr den Oscar nominiert war. <strong>Rainer Brandt war eine lebende Legende, ein Multitalent in verschiedensten k\u00fcnstlerischen Formen des filmischen Wirkens.\u00a0<\/strong><\/p>\n<p><strong><span style=\"text-decoration: underline;\">H \u00d6 R B E I S P I E L E &#8211; <span style=\"color: #339966; text-decoration: underline;\" data-darkreader-inline-color=\"\"><a style=\"color: #339966; text-decoration: underline;\" href=\"https:\/\/www.synchronsprecher.de\/blog\/tonmischung-in-der-werbung\/\" data-darkreader-inline-color=\"\">in der finalen Tonmischung<\/a><\/span>:<\/span><\/strong><\/p>\n<p>H\u00f6rprobe 1:<\/p>\n<!--[if lt IE 9]><script>document.createElement('audio');<\/script><![endif]-->\n<audio class=\"wp-audio-shortcode\" id=\"audio-3607-1\" preload=\"none\" style=\"width: 100%;\" controls=\"controls\"><source type=\"audio\/mpeg\" src=\"https:\/\/www.synchronsprecher.de\/blog\/wp-content\/uploads\/2020\/03\/Brandt-1-Probe-.mp3?_=1\" \/><a href=\"https:\/\/www.synchronsprecher.de\/blog\/wp-content\/uploads\/2020\/03\/Brandt-1-Probe-.mp3\">https:\/\/www.synchronsprecher.de\/blog\/wp-content\/uploads\/2020\/03\/Brandt-1-Probe-.mp3<\/a><\/audio>\n<p>H\u00f6rprobe 2:<\/p>\n<audio class=\"wp-audio-shortcode\" id=\"audio-3607-2\" preload=\"none\" style=\"width: 100%;\" controls=\"controls\"><source type=\"audio\/mpeg\" src=\"https:\/\/www.synchronsprecher.de\/blog\/wp-content\/uploads\/2020\/03\/Brandt-.mp3?_=2\" \/><a href=\"https:\/\/www.synchronsprecher.de\/blog\/wp-content\/uploads\/2020\/03\/Brandt-.mp3\">https:\/\/www.synchronsprecher.de\/blog\/wp-content\/uploads\/2020\/03\/Brandt-.mp3<\/a><\/audio>\n<p>H\u00f6rprobe 3:<\/p>\n<audio class=\"wp-audio-shortcode\" id=\"audio-3607-3\" preload=\"none\" style=\"width: 100%;\" controls=\"controls\"><source type=\"audio\/mpeg\" src=\"https:\/\/www.synchronsprecher.de\/blog\/wp-content\/uploads\/2020\/03\/Brandt-2.mp3?_=3\" \/><a href=\"https:\/\/www.synchronsprecher.de\/blog\/wp-content\/uploads\/2020\/03\/Brandt-2.mp3\">https:\/\/www.synchronsprecher.de\/blog\/wp-content\/uploads\/2020\/03\/Brandt-2.mp3<\/a><\/audio>\n<p>H\u00f6rprobe 4:<\/p>\n<audio class=\"wp-audio-shortcode\" id=\"audio-3607-4\" preload=\"none\" style=\"width: 100%;\" controls=\"controls\"><source type=\"audio\/mpeg\" src=\"https:\/\/www.synchronsprecher.de\/blog\/wp-content\/uploads\/2020\/03\/Brandt-3.mp3?_=4\" \/><a href=\"https:\/\/www.synchronsprecher.de\/blog\/wp-content\/uploads\/2020\/03\/Brandt-3.mp3\">https:\/\/www.synchronsprecher.de\/blog\/wp-content\/uploads\/2020\/03\/Brandt-3.mp3<\/a><\/audio>\n<p>H\u00f6rprobe 5:<\/p>\n<audio class=\"wp-audio-shortcode\" id=\"audio-3607-5\" preload=\"none\" style=\"width: 100%;\" controls=\"controls\"><source type=\"audio\/mpeg\" src=\"https:\/\/www.synchronsprecher.de\/blog\/wp-content\/uploads\/2020\/03\/Brandt-4.mp3?_=5\" \/><a href=\"https:\/\/www.synchronsprecher.de\/blog\/wp-content\/uploads\/2020\/03\/Brandt-4.mp3\">https:\/\/www.synchronsprecher.de\/blog\/wp-content\/uploads\/2020\/03\/Brandt-4.mp3<\/a><\/audio>\n<p>Rainer Brandt und Lothar Blumhagen\u00a0in der Sendung Palazzo \/ &#8222;Die Zwei&#8220;<\/p>\n<div id=\"kgvid_kgvid_0_wrapper\" class=\"kgvid_wrapper kgvid_wrapper_auto_left kgvid_wrapper_auto_right\">\n\t\t\t<div id=\"video_kgvid_0_div\" class=\"fitvidsignore kgvid_videodiv\" data-id=\"kgvid_0\" data-kgvid_video_vars=\"{&quot;id&quot;:&quot;kgvid_0&quot;,&quot;attachment_id&quot;:3041,&quot;player_type&quot;:&quot;Video.js v8&quot;,&quot;width&quot;:&quot;656&quot;,&quot;height&quot;:369,&quot;fullwidth&quot;:&quot;false&quot;,&quot;fixed_aspect&quot;:&quot;true&quot;,&quot;countable&quot;:true,&quot;count_views&quot;:&quot;start_complete&quot;,&quot;start&quot;:&quot;&quot;,&quot;autoplay&quot;:&quot;false&quot;,&quot;pauseothervideos&quot;:&quot;true&quot;,&quot;set_volume&quot;:&quot;0.9&quot;,&quot;muted&quot;:&quot;false&quot;,&quot;meta&quot;:true,&quot;endofvideooverlay&quot;:&quot;&quot;,&quot;resize&quot;:&quot;true&quot;,&quot;auto_res&quot;:&quot;automatisch&quot;,&quot;pixel_ratio&quot;:&quot;true&quot;,&quot;right_click&quot;:&quot;on&quot;,&quot;playback_rate&quot;:&quot;false&quot;,&quot;title&quot;:&quot;Rainer Brandt und Lothar Blumhagen in der Sendung Parlazzo&quot;,&quot;skip_buttons&quot;:[],&quot;nativecontrolsfortouch&quot;:&quot;false&quot;,&quot;locale&quot;:&quot;de&quot;,&quot;enable_resolutions_plugin&quot;:false}\" itemprop=\"video\" itemscope itemtype=\"https:\/\/schema.org\/VideoObject\"><meta itemprop=\"embedUrl\" content=\"https:\/\/www.synchronsprecher.de\/blog\/?attachment_id=3041&#038;videopack%5Benable%5D=true\"><meta itemprop=\"contentUrl\" content=\"https:\/\/www.synchronsprecher.de\/blog\/wp-content\/uploads\/2020\/02\/Rainer-Brandt-und-Lothar-Blumhagen-in-der-Sendung-Parlazzo.mp4\"><meta itemprop=\"name\" content=\"Rainer Brandt und Lothar Blumhagen in der Sendung Parlazzo\"><meta itemprop=\"description\" content=\"Video\"><meta itemprop=\"uploadDate\" content=\"2020-02-10T14:51:59+01:00\">\n\t\t\t\t<video id=\"video_kgvid_0\" playsinline controls preload=\"metadata\" width=\"656\" height=\"369\" class=\"fitvidsignore video-js kg-video-js-skin\">\n\t\t\t\t\t<source src=\"https:\/\/www.synchronsprecher.de\/blog\/wp-content\/uploads\/2020\/02\/Rainer-Brandt-und-Lothar-Blumhagen-in-der-Sendung-Parlazzo.mp4?id=0\" type=\"video\/mp4\" data-res=\"480p\">\n\t\t\t\t<\/video>\n\t\t\t<\/div>\n\t\t\t<div style=\"display:none\" id=\"video_kgvid_0_meta\" class=\"kgvid_video_meta kgvid_video_meta_hover \">\n\t\t\t\t<span class='kgvid_meta_icons'><\/span>\n\t\t\t\t<span id='video_kgvid_0_title' class='kgvid_title'>Rainer Brandt und Lothar Blumhagen in der Sendung Parlazzo<\/span>\n<\/div>\n\t\t<\/div>\n<p>&nbsp;<\/p>\n<p><span style=\"text-decoration: underline;\">Hier geht es weiter mit:<\/span><\/p>\n<ul style=\"list-style-type: square;\">\n<li><span style=\"color: #339966;\" data-darkreader-inline-color=\"\"><a style=\"color: #339966;\" href=\"https:\/\/www.synchronsprecher.de\/synchronsprecher\/bruce-willis-manfred-lehmann\" data-darkreader-inline-color=\"\">Manfred Lehmann<\/a>,<\/span> der deutschen Bruce Willis Stimme<\/li>\n<li><span style=\"color: #339966;\" data-darkreader-inline-color=\"\"><a style=\"color: #339966;\" href=\"https:\/\/www.synchronsprecher.de\/synchronsprecher\/samuel-l-jackson-engelbert-von-nordhausen\" data-darkreader-inline-color=\"\">Engelbert von Nordhausen<\/a>,<\/span> der deutschen Samuel L Jackson Stimme<\/li>\n<li><span style=\"color: #339966;\" data-darkreader-inline-color=\"\"><a style=\"color: #339966;\" href=\"https:\/\/www.synchronsprecher.de\/synchronsprecher\/robert-redford-christian-schult.html\" data-darkreader-inline-color=\"\">Christian Schult<\/a><\/span>, der deutschen Robert Redford Stimme<\/li>\n<li><span style=\"color: #339966;\" data-darkreader-inline-color=\"\"><a style=\"color: #339966;\" href=\"https:\/\/www.synchronsprecher.de\/synchronsprecher\/nicolas-cage-vin-diesel-martin-kessler.html\" data-darkreader-inline-color=\"\">Martin Ke\u00dfler<\/a><\/span>, der deutschen Vin Diesel &amp; Nicolas Cage Stimme<\/li>\n<\/ul>\n<p>Oder:<\/p>\n<ul style=\"list-style-type: square;\">\n<li><span style=\"color: #339966;\" data-darkreader-inline-color=\"\"><a style=\"color: #339966;\" href=\"https:\/\/www.synchronsprecher.de\/werbesprecher.html\" data-darkreader-inline-color=\"\">Sprecher f\u00fcr Imagefilm<\/a><\/span><\/li>\n<li><span style=\"color: #339966;\" data-darkreader-inline-color=\"\"><a style=\"color: #339966;\" href=\"https:\/\/www.synchronsprecher.de\/leistungen\/voice-over-sprecher.html\" data-darkreader-inline-color=\"\">Voice Over<\/a><\/span><\/li>\n<li><span style=\"color: #339966;\" data-darkreader-inline-color=\"\"><a style=\"color: #339966;\" href=\"https:\/\/www.synchronsprecher.de\/leistungen\/sprecher-fuer-erklaervideo.html\" data-darkreader-inline-color=\"\">Sprecher f\u00fcr Erkl\u00e4rvideo<\/a><\/span><\/li>\n<li><span style=\"color: #339966;\" data-darkreader-inline-color=\"\"><a style=\"color: #339966;\" href=\"https:\/\/www.synchronsprecher.de\/leistungen\/dokumentation-sprecher-buchen.html\" data-darkreader-inline-color=\"\">Sprecher f\u00fcr Dokumentation<\/a><\/span><\/li>\n<li><span style=\"color: #339966;\" data-darkreader-inline-color=\"\"><a style=\"color: #339966;\" href=\"https:\/\/www.synchronsprecher.de\/Sprachen\/index.html\" data-darkreader-inline-color=\"\">Native Sprecher<\/a><\/span><\/li>\n<li><span style=\"color: #339966;\" data-darkreader-inline-color=\"\"><a style=\"color: #339966;\" href=\"https:\/\/www.synchronsprecher.de\/blog\/radiowerbung-produktion-tonstudio-agentur\/\" data-darkreader-inline-color=\"\">Radiowerbung + Produktion + Tonstudio &#8211; Agentur<\/a><\/span><\/li>\n<\/ul>\n<p>&nbsp;<\/p>\n<div class=\"fusion-aligncenter\"><a class=\"fusion-button button-flat fusion-button-default-size button-green fusion-button-green button-2 fusion-button-default-span fusion-button-default-type fusion-no-medium-visibility\" target=\"_blank\" rel=\"noopener noreferrer\" href=\"https:\/\/www.synchronsprecher.de\/blog\/category\/in-memoriam\/\"><span class=\"fusion-button-text awb-button__text awb-button__text--default\">Verstorbene \/ Gestorbene Synchronsprecher \/ Synchronstimmen<\/span><\/a><\/div>\n<p>&nbsp;<\/p>\n<p><img decoding=\"async\" class=\"aligncenter wp-image-7755 size-medium\" src=\"https:\/\/www.synchronsprecher.de\/blog\/wp-content\/uploads\/2023\/09\/logo_14-19-300x58.png\" alt=\"\" width=\"300\" height=\"58\" data-wp-pid=\"7755\" srcset=\"https:\/\/www.synchronsprecher.de\/blog\/wp-content\/uploads\/2023\/09\/logo_14-19-200x38.png 200w, https:\/\/www.synchronsprecher.de\/blog\/wp-content\/uploads\/2023\/09\/logo_14-19-300x58.png 300w, https:\/\/www.synchronsprecher.de\/blog\/wp-content\/uploads\/2023\/09\/logo_14-19-400x77.png 400w, https:\/\/www.synchronsprecher.de\/blog\/wp-content\/uploads\/2023\/09\/logo_14-19-600x115.png 600w, https:\/\/www.synchronsprecher.de\/blog\/wp-content\/uploads\/2023\/09\/logo_14-19-768x148.png 768w, https:\/\/www.synchronsprecher.de\/blog\/wp-content\/uploads\/2023\/09\/logo_14-19-800x154.png 800w, https:\/\/www.synchronsprecher.de\/blog\/wp-content\/uploads\/2023\/09\/logo_14-19.png 884w\" sizes=\"(max-width: 300px) 100vw, 300px\" \/><\/p>\n<h1 style=\"text-align: center;\"><span style=\"font-size: 14px;\"><span style=\"color: #339966; --darkreader-inline-color: var(--darkreader-text-339966, #6ecf9e);\" data-darkreader-inline-color=\"\">\u00a0<a style=\"color: #339966; --darkreader-inline-color: var(--darkreader-text-339966, #6ecf9e);\" href=\"https:\/\/www.synchronsprecher.de\/blog\/tonstudio-fuer-werbung\/\" data-darkreader-inline-color=\"\">TONSTUDIO F\u00dcR WERBUNG<\/a><\/span> I KONTAKT I BOOKING I<span style=\"color: #339966; --darkreader-inline-color: var(--darkreader-text-339966, #6ecf9e);\" data-darkreader-inline-color=\"\"> <a style=\"color: #339966; --darkreader-inline-color: var(--darkreader-text-339966, #6ecf9e);\" href=\"https:\/\/www.synchronsprecher.de\/sprecheragentur.html\" data-darkreader-inline-color=\"\">SPRECHERAGENTUR<\/a><\/span> I MANAGEMENT I SPRACHPROBEN I TONSTUDIO I <span style=\"color: #339966; --darkreader-inline-color: var(--darkreader-text-339966, #6ecf9e);\" data-darkreader-inline-color=\"\"><a style=\"color: #339966; --darkreader-inline-color: var(--darkreader-text-339966, #6ecf9e);\" href=\"https:\/\/www.synchronsprecher.de\/werbesprecher.html\" data-darkreader-inline-color=\"\">PROFISPRECHER<\/a> <\/span>I STUDIO I <span style=\"color: #339966; --darkreader-inline-color: var(--darkreader-text-008000, #72ff72);\" data-darkreader-inline-color=\"\"><a style=\"color: #339966; --darkreader-inline-color: var(--darkreader-text-008000, #72ff72);\" href=\"https:\/\/www.synchronsprecher.de\/blog\/audio-agentur\/\" data-darkreader-inline-color=\"\">AUDIO AGENTUR<\/a><\/span><\/span><\/h1>\n","protected":false},"excerpt":{"rendered":"<p>S T E C K B R I E F: Schauspieler, Synchronsprecher, Synchronregisseur, Werbesprecher,\u00a0Dialogbuchautor. Deutsche Stimme u.a. von Elvis Presley, Jean-Paul Belmondo, Tony Curtis, John Lennon, Franco Nero, Oliver Reed George Hilton, Rik Battaglia, Brad Harris. Mehr als 725 Sprechrollen. Geboren am 19. Januar 1936 in Berlin. Sternzeichen Steinbock. Verheiratet. Eine Tochter. Ein Sohn. Lebt in Berlin. \u2013 gestorben am 1. August 2024. Synchronschauspieler Rainer Brandt war die deutsche Stimme von Elvis Presley. In den meisten seiner Filme verhalf er dem 1977 verstorbenen King of Rock \u201an\u2018 Roll\u00a0zur deutschen Sprache. Mit ordentlich H\u00fcftschwung hinter dem [&#8230;]<\/p>\n","protected":false},"author":2,"featured_media":4514,"comment_status":"open","ping_status":"open","sticky":false,"template":"","format":"standard","meta":{"_acf_changed":false,"footnotes":""},"categories":[13396],"tags":[13555,13560,13580,13564,13571,13558,13559,13566,13575,13576,13574,13561,13567,13565,13579,13569,13577,13557,13572,13556,13578,13582,13563,13581,13568,13570,13562,13573],"class_list":["post-3607","post","type-post","status-publish","format-standard","has-post-thumbnail","hentry","category-in-memoriam","tag-rainer-brandt","tag-rainer-brandt-bilder","tag-rainer-brandt-download","tag-rainer-brandt-facebook","tag-rainer-brandt-filme","tag-rainer-brandt-foto","tag-rainer-brandt-fotos","tag-rainer-brandt-homepage","tag-rainer-brandt-hoerbuch","tag-rainer-brandt-hoerbuecher","tag-rainer-brandt-hoerprobe","tag-rainer-brandt-interview","tag-rainer-brandt-kontakt","tag-rainer-brandt-leben","tag-rainer-brandt-mp3","tag-rainer-brandt-schauspieler","tag-rainer-brandt-sprachprobe","tag-rainer-brandt-sprecher","tag-rainer-brandt-sprueche","tag-rainer-brandt-stimme","tag-rainer-brandt-stimmprobe","tag-rainer-brandt-synchronrollen","tag-rainer-brandt-tv","tag-rainer-brandt-uebersicht","tag-rainer-brandt-vita","tag-rainer-brandt-wiki","tag-rainer-brandt-youtube","tag-rainer-brandt-zitate"],"acf":[],"yoast_head":"<!-- This site is optimized with the Yoast SEO plugin v27.4 - https:\/\/yoast.com\/product\/yoast-seo-wordpress\/ -->\n<title>Synchronsprecher Elvis Presley - Rainer Brandt - Synchronsprecher<\/title>\n<meta name=\"description\" content=\"Synchronsprecher Elvis Presley - Rainer Brandt, deutsche Synchrosntimme von ELVIS Presley und Tony Curtis. Brandt Rainer.\" \/>\n<meta name=\"robots\" content=\"index, follow, max-snippet:-1, max-image-preview:large, max-video-preview:-1\" \/>\n<link rel=\"canonical\" href=\"https:\/\/www.synchronsprecher.de\/blog\/synchronsprecher-elvis-presley-rainer-brandt\/\" \/>\n<meta name=\"author\" content=\"Corsta Danner\" \/>\n<script type=\"application\/ld+json\" class=\"yoast-schema-graph\">{\"@context\":\"https:\\\/\\\/schema.org\",\"@graph\":[{\"@type\":\"BreadcrumbList\",\"@id\":\"https:\\\/\\\/www.synchronsprecher.de\\\/blog\\\/synchronsprecher-elvis-presley-rainer-brandt\\\/#breadcrumb\",\"itemListElement\":[{\"@type\":\"ListItem\",\"position\":1,\"name\":\"Startseite\",\"item\":\"https:\\\/\\\/www.synchronsprecher.de\\\/blog\\\/\"},{\"@type\":\"ListItem\",\"position\":2,\"name\":\"Synchronsprecher Elvis Presley &#8211; Rainer Brandt\"}]}]}<\/script>\n<!-- \/ Yoast SEO plugin. -->","yoast_head_json":{"title":"Synchronsprecher Elvis Presley - Rainer Brandt - Synchronsprecher","description":"Synchronsprecher Elvis Presley - Rainer Brandt, deutsche Synchrosntimme von ELVIS Presley und Tony Curtis. Brandt Rainer.","robots":{"index":"index","follow":"follow","max-snippet":"max-snippet:-1","max-image-preview":"max-image-preview:large","max-video-preview":"max-video-preview:-1"},"canonical":"https:\/\/www.synchronsprecher.de\/blog\/synchronsprecher-elvis-presley-rainer-brandt\/","author":"Corsta Danner","schema":{"@context":"https:\/\/schema.org","@graph":[{"@type":"BreadcrumbList","@id":"https:\/\/www.synchronsprecher.de\/blog\/synchronsprecher-elvis-presley-rainer-brandt\/#breadcrumb","itemListElement":[{"@type":"ListItem","position":1,"name":"Startseite","item":"https:\/\/www.synchronsprecher.de\/blog\/"},{"@type":"ListItem","position":2,"name":"Synchronsprecher Elvis Presley &#8211; Rainer Brandt"}]}]}},"_links":{"self":[{"href":"https:\/\/www.synchronsprecher.de\/blog\/wp-json\/wp\/v2\/posts\/3607","targetHints":{"allow":["GET"]}}],"collection":[{"href":"https:\/\/www.synchronsprecher.de\/blog\/wp-json\/wp\/v2\/posts"}],"about":[{"href":"https:\/\/www.synchronsprecher.de\/blog\/wp-json\/wp\/v2\/types\/post"}],"author":[{"embeddable":true,"href":"https:\/\/www.synchronsprecher.de\/blog\/wp-json\/wp\/v2\/users\/2"}],"replies":[{"embeddable":true,"href":"https:\/\/www.synchronsprecher.de\/blog\/wp-json\/wp\/v2\/comments?post=3607"}],"version-history":[{"count":19,"href":"https:\/\/www.synchronsprecher.de\/blog\/wp-json\/wp\/v2\/posts\/3607\/revisions"}],"predecessor-version":[{"id":16011,"href":"https:\/\/www.synchronsprecher.de\/blog\/wp-json\/wp\/v2\/posts\/3607\/revisions\/16011"}],"wp:featuredmedia":[{"embeddable":true,"href":"https:\/\/www.synchronsprecher.de\/blog\/wp-json\/wp\/v2\/media\/4514"}],"wp:attachment":[{"href":"https:\/\/www.synchronsprecher.de\/blog\/wp-json\/wp\/v2\/media?parent=3607"}],"wp:term":[{"taxonomy":"category","embeddable":true,"href":"https:\/\/www.synchronsprecher.de\/blog\/wp-json\/wp\/v2\/categories?post=3607"},{"taxonomy":"post_tag","embeddable":true,"href":"https:\/\/www.synchronsprecher.de\/blog\/wp-json\/wp\/v2\/tags?post=3607"}],"curies":[{"name":"wp","href":"https:\/\/api.w.org\/{rel}","templated":true}]}}