{"id":3530,"date":"2024-04-09T08:58:27","date_gmt":"2024-04-09T06:58:27","guid":{"rendered":"https:\/\/www.synchronsprecher.de\/blog\/?p=3530"},"modified":"2026-03-15T12:43:54","modified_gmt":"2026-03-15T11:43:54","slug":"synchronsprecher-steve-martin-eckart-dux","status":"publish","type":"post","link":"https:\/\/www.synchronsprecher.de\/blog\/synchronsprecher-steve-martin-eckart-dux\/","title":{"rendered":"Synchronsprecher Steve Martin &#8211; Eckart Dux"},"content":{"rendered":"<div class=\"fusion-button-wrapper fusion-aligncenter\"><a class=\"fusion-button button-flat fusion-button-default-size button-green fusion-button-green button-1 fusion-button-default-span fusion-button-default-type fusion-no-medium-visibility\" target=\"_blank\" rel=\"noopener noreferrer\" href=\"https:\/\/www.synchronsprecher.de\/blog\/category\/in-memoriam\/\"><span class=\"fusion-button-text awb-button__text awb-button__text--default\">Verstorbene \/ Gestorbene Synchronsprecher \/ Synchronstimmen<\/span><\/a><\/div>\n<p><span style=\"text-decoration: underline;\"><b>S T E C K B R I E F:<\/b><\/span><\/p>\n<p><strong>Schauspieler, <span style=\"color: #339966;\" data-darkreader-inline-color=\"\"><a style=\"color: #339966;\" href=\"https:\/\/www.synchronsprecher.de\/werbesprecher.html\" data-darkreader-inline-color=\"\">Werbesprecher<\/a><\/span>, Synchronsprecher, <span style=\"color: #339966;\" data-darkreader-inline-color=\"\"><a style=\"color: #339966;\" href=\"https:\/\/www.synchronsprecher.de\/leistungen\/hoerbuch-sprecher-buchen.html\" data-darkreader-inline-color=\"\">H\u00f6rspielsprecher<\/a><\/span>. Deutsche Synchronstimme u.a. von Steve Martin, Ian McKellen, Anthony Perkins, Fred Astaire, Audie Murphy, Van Johnson, George Peppard, Jerry Stiller und renommierter Sprecher in unserer <span style=\"color: #339966;\" data-darkreader-inline-color=\"\"><a style=\"color: #339966;\" href=\"https:\/\/www.synchronsprecher.de\/sprecheragentur.html\" data-darkreader-inline-color=\"\">Sprecheragentur<\/a><\/span>. Mehr als 870 Sprechrollen. Geboren am 19. Dezember 1926 in Berlin &#8211; gestorben 9. April 2024 in Sassenburg. Sternzeichen Sch\u00fctze.\u00a0<\/strong><\/p>\n<p><strong>Eckhart Dux war die deutsche Synchronstimme von Steve Martin. <\/strong>In zahlreichen Produktionen schl\u00fcpfte er stimmlich in die Schuhe des Hollywoodlieblings. Mal als frustrierter Anwalt, der eigentlich gerne Musiker werden m\u00f6chte und ausgerechnet mit der Tochter seines Chefs eine Beziehung f\u00fchrt. Eine herrliche Kom\u00f6die aus dem Jahr 1984. Steve Martin wurde f\u00fcr seine Verk\u00f6rperung alias Roger Cobb in <strong>Solo f\u00fcr 2\u00a0<\/strong>f\u00fcr den Golden Globe Award nominiert. Gro\u00dfartig auch das Synchronschauspiel von Eckart Dux in der US-amerikanischen Filmkom\u00f6die <strong>Vater der Braut\u00a0<\/strong>(1991). Wieder stimmenschauspielte Dux f\u00fcr Martin einen zun\u00e4chst etwas frustrierten Charakter, den Brautvater George Stanley Banks, der sich mit den Hochzeitsplanungen und dem Schn\u00f6sel seiner Tochter nicht anfreunden kann. Eine wunderbare Kom\u00f6die, die erstmals 1950 mit den <strong>Hollywood-Legenden Spencer Tracy und Elizabeth Taylor\u00a0<\/strong>verfilmt wurde. Synchronschauspieler Eckart Dux brachte Steve Martin ebenso in der filmischen Fortsetzung <strong>Ein Geschenk des Himmels \u2013 Vater der Braut 2<\/strong>, in den deutschen Sprachraum und vor allem ins Zentrum unserer Lachmuskeln. Die Rolle als werdender Gro\u00dfvater und Vater brachte Steve Martin eine Nominierung f\u00fcr den Golden Globe Award ein.<\/p>\n<p>Synchronsprecher Eckhart \u201eEcki\u201c Dux war ohne Zweifel ein versierter Veteran in der Synchronisation, ganz gleich, welchen filmischen Charakter er stimmenschauspielt. <strong>Man muss es sich einfach numerisch vor Augen f\u00fchren, Eckart Dux war seit mehr als 70 Jahren erfolgreich im Synchrongesch\u00e4ft aktiv. <\/strong>1948 sprach er seine allererste Rolle und war gemeinsam mit dem wunderbaren <strong>J\u00fcrgen Thormann\u00a0<\/strong>(<strong>Michael Caine<\/strong>), der deutsche Synchron-Veteran, wahrlich eine lebende Legende und das verdient W\u00fcrdigung. 2008: <strong>Deutscher Preis f\u00fcr Synchron<\/strong>, 2013: <strong>Ohrkanus-H\u00f6rbuch- und H\u00f6rspielpreis<\/strong>. Mit beiden Auszeichnungen wurde sein herausragendes Gesamtwerk im Synchron beziehungsweise sein Lebenswerk geehrt.<\/p>\n<p><strong>Eckhart Dux war auch die deutsche Stimme des wunderbaren Jerry Stiller im US-Serien-Hit King of Queens mit Kevin James und Leah Remini alias Doug und Carrie Heffernan. <\/strong>In allen 174 Folgen der beliebten Sitcom spielte er stimmlich Carries herrlich exzentrischen Vater, der nach dem Tod seiner Frau versehentlich sein Haus niederbrannte und bei Doug und Carrie im Keller einzog. Eckhart Dux synchronschauspielte den lauten, m\u00fcrrischen Arthur Spooner derart brillant, dass er 2006 mit dem Synchron-Award <strong>Die Silhouette\u00a0<\/strong>als <strong>bester Synchronschauspieler einer Serie\u00a0<\/strong>ausgezeichnet wurde. Dem US-amerikanischen Schauspieler <strong>Geoff Pierson\u00a0<\/strong>lieh Dux in der 12-teiligen Serie\u00a0<strong>Designated Survivor\u00a0<\/strong>mit Golden-Gobe- und Emmy-Preistr\u00e4ger <strong>Kiefer Sutherland\u00a0<\/strong>von 2016 bis 2019 seine wunderbare Stimme.<\/p>\n<p><strong>Gro\u00dfes Kino f\u00fcr Eckart Dux auch f\u00fcr seine hervorragende Synchronarbeit f\u00fcr Ian McKellen alias Gandalf in Peter Jacksons vielfach ausgezeichneter Hobbit-Trilogie.\u00a0<\/strong>Nach dem Tod seines Synchronkollegen <strong>Joachim H\u00f6ppner <\/strong>(<strong>Herr der Ringe<\/strong>) zog sich Dux in bemerkenswert authentischer Weise den langen grauen Mantel samt spitzem Hut \u00fcber und verk\u00f6rperte den Zauberer Gandalf in allen drei Teilen der High-Fantasy-Blockbuster. 2012 <strong>Der Hobbit: Eine unerwartete Reise<\/strong>, 2013 <strong>Der Hobbit:\u00a0Smaugs\u00a0Ein\u00f6de\u00a0<\/strong>und 2014 <strong>Der Hobbit: Die Schlacht der F\u00fcnf Heere<\/strong>.<\/p>\n<p><strong>Eckart Dux konnte seine Stimmfarbe unglaublich stark variieren. Und dennoch, es blieb immer Dux, ein Synchronschauspieler mit gro\u00dfem stimmlichen Wiedererkennungswert. <\/strong>Der sympathische und \u00e4u\u00dferst vitale Synchronsprecher war Mitglied im Gesangverein seines Wohnortes. Donnerstags ging es immer zur Chorprobe, um die Stimme fit zu halten. Klar, immerhin kannte der \u00fcber 90-j\u00e4hrige kein Rentenalter. \u201eAlso f\u00fcr so einen \u00e4lteren Herrn, einen Opa, gibt\u2019s immer noch irgendwo eine Rolle,\u201c erz\u00e4hlte er erst noch k\u00fcrzlich mit leuchtenden Augen in einem Interview. Die Rolle als \u00e4lterer Herr verk\u00f6rpert der wundervolle Eckart Dux perfekt. Wenn er beispielsweise mit seiner goldenen Sichel auf Eichen wachsende Misteln schneidete, um daraus einen Zaubertrank zu brauen. Die Rolle als weiser, ehrw\u00fcrdiger <strong>Druide Miraculix in der H\u00f6rbuchreihe der Asterix und Obelix-Comics war<\/strong> ihm auf den Leib geschrieben. Seine gro\u00dfartige Stimme regte die Fantasie und das Kino im Kopf an. Sei es als Erz\u00e4hler in H\u00f6rproduktionen der Kriminal-Bestseller von <strong>Edgar Wallace\u00a0<\/strong>oder wenn Dux Gastrollen in gro\u00dfartigen H\u00f6rspielen wie <strong>Die drei ???, Ein Fall f\u00fcr TKKG\u00a0<\/strong>oder <strong>Gruselkabinett\u00a0<\/strong>\u00fcbernahm.<\/p>\n<p><strong>Ein Beruf, eine Passion. Bereits im Alter von zehn, elf Jahren wusste Eckart Dux, dass er einmal Schauspieler werden w\u00fcrde.\u00a0<\/strong>\u201eDadurch ist man ja das ganze Leben gl\u00fccklich, also wenn man einen Beruf macht, der gl\u00fccklich macht.\u201c Noch w\u00e4hrend der Schulzeit kaufte er mit einer Freundin &#8211; die seinerzeit schon Ballett-Unterricht nahm, verschiedene B\u00fccher. Diese wurden gelesen, auswendig gelernt und dann gespielt. Sein Publikum war die Familie, seinerzeit in G\u00f6rlitz. Fr\u00fch nahm Dux Schauspielunterricht. Im Sp\u00e4therbst 1947 arrangierte seine Lehrerin ein Vorsprechen am Renaissance-Theater Berlin, der ambitionierte junge Mann \u00fcberzeugte den damaligen Direktor: \u201eJa, ich engagiere sie und zahle die Schauspielschule plus Gage. Gesamt 400 Reichsmark.\u201c F\u00fcr Dux blieb zwar nur ein Viertel \u00fcbrig, doch es ging immer irgendwie und sein Traum hatte sich erf\u00fcllt. <strong>In einer Zeit, als es noch nicht einmal Fernseher gab, stand er bereits auf der B\u00fchne. <\/strong>Spielte mit gro\u00dfartigen Schauspielern wie <strong>Heinz R\u00fchmann <\/strong>(Die Feuerzangenbowle) oder auch <strong>Theo Lingen\u00a0<\/strong>(Die L\u00fcmmel von der ersten Bank) und kam im Verlauf zum Fernsehen. <strong>Das singende klingende B\u00e4umchen, Der Kommissar, Tatort, Rosamunde Pilcher, Adelheit und ihre M\u00f6rder <\/strong>etc., es wurden viele Filme.<\/p>\n<p><strong>Eckart Dux war ein gro\u00dfartiger Schauspieler. <\/strong>Ganz gleich, ob er am Theater oder vor laufender Kamera agiert.\u00a0<strong>Doch sein allergr\u00f6\u00dftes Potential war und bleibt seine unverwechselbare Stimme, dass wussten auch schon fr\u00fch namhafte Marken zu nutzen. <\/strong>\u201eDas neue Litamin Shower &amp; go. Einfach duschen, doppelt pflegen.\u201c Die <strong>Werbestimme <\/strong>von Eckart Dux f\u00fchrte zahlreiche Markenbotschaften, sei es im Radio oder \u00fcber Fernsehspots: \u201eDer neue Meister Propper, f\u00fcr tollen Glanz im ganzen Bad.\u201c<\/p>\n<p>Im Bad stand Eckart Dux stimmlich bereits Generationen zuvor. Seinerzeit tauchte er f\u00fcr <strong>Anthony Perkins\u00a0<\/strong>in die Rolle des krankhaft mutterfixierten Serienm\u00f6rders <strong>Norman Bates\u00a0<\/strong>ein. In einer Szene des <strong>Alfred Hitchcock-Klassikers Psycho <\/strong>wird die weibliche Hauptprotagonistin unter der Dusche erstochen. Ein filmischer Ausschnitt, der zu den meistzitierten und bekanntesten Szenen der Filmgeschichte z\u00e4hlt. <strong>Psycho schrieb Geschichte, wurde f\u00fcr vier Oscars nominiert und z\u00e4hlt zu den zentralen Werken des Gro\u00dfmeisters Alfred Hitchcock.\u00a0<\/strong><strong>Eckart Dux war 34 Jahre lang die Standartstimme von Anthony Perkins\u00a0<\/strong>der 1986, im dritten Teil des Psychotrillers Psycho, nicht nur die Hauptrolle spielte, vielmehr auch die Regie \u00fcbernahm.<\/p>\n<p>Der einst h\u00f6chstdekorierte US-Soldat, <strong>Audie Murphy\u00a0<\/strong>(er erhielt alle Auszeichnungen, die sein Land zu vergeben hatte), wurde in den 1950-er und 1960-er Jahren Filmschauspieler. Und Eckart Dux seine deutsche Stimme in Western und Abenteuerfilmen wie \u201e<strong>Die letzte Kugel trifft<\/strong>\u201c oder auch \u201e<strong>Der Colt ist das Gesetz<\/strong>.\u201c Dux war ebenso die Stimme von <strong>George Peppard<\/strong>, u.a. als ehemaliger Soldat in der Actionserie <strong>Das A-Team\u00a0<\/strong>alias Colonel John \u201eHannibal\u201c Smith. <strong>Unvergessen vor allem die Hollywood-Legende Fred Astaire.\u00a0<\/strong>\u00dcber 76 Jahre tanzte und schauspielte sich der gro\u00dfartige K\u00fcnstler in die Herzen ganzer Generationen. Alleine mit <strong>Ginger Rogers\u00a0<\/strong>brillierte er als Leinwandpaar in zehn herausragenden Tanzfilmen. Die Stepptanzschuhe des wunderbaren Fred Astaire hatten stimmlich eine hervorragende Passform f\u00fcr den wunderbaren Synchronsprecher Eckart Dux. Er stimmenschauspielte Astaire in wunderbaren Filmen wie <strong>Ich tanze nur f\u00fcr Dich\u00a0<\/strong>oder <strong>Osterspaziergang.\u00a0<\/strong>Keine Frage, <strong>Eckart Dux war ein gro\u00dfer Meister in Kunst und Handwerk der stimmlichen Arbeit. <\/strong>\u201eDer Beruf war immer eine Passion, eine Leidenschaft, die man hat und das ist auch bis zum Schlu\u00df so geblieben,\u201c womit der unvergleichliche Synchronsprecher den Nagel auf den Kopf getroffen hat.<\/p>\n<p><strong><span style=\"text-decoration: underline;\">H \u00d6 R B E I S P I E L E &#8211; <span style=\"color: #339966; text-decoration: underline;\" data-darkreader-inline-color=\"\"><a style=\"color: #339966; text-decoration: underline;\" href=\"https:\/\/www.synchronsprecher.de\/blog\/tonmischung-in-der-werbung\/\" data-darkreader-inline-color=\"\">in der finalen Tonmischung<\/a><\/span>:<\/span><\/strong><\/p>\n<p>H\u00f6rprobe 1:<\/p>\n<audio class=\"wp-audio-shortcode\" id=\"audio-3530-1\" preload=\"none\" style=\"width: 100%;\" controls=\"controls\"><source type=\"audio\/mpeg\" src=\"https:\/\/www.synchronsprecher.de\/blog\/wp-content\/uploads\/2020\/03\/Dux-1.mp3?_=1\" \/><a href=\"https:\/\/www.synchronsprecher.de\/blog\/wp-content\/uploads\/2020\/03\/Dux-1.mp3\">https:\/\/www.synchronsprecher.de\/blog\/wp-content\/uploads\/2020\/03\/Dux-1.mp3<\/a><\/audio>\n<p>H\u00f6rprobe 2:<\/p>\n<audio class=\"wp-audio-shortcode\" id=\"audio-3530-2\" preload=\"none\" style=\"width: 100%;\" controls=\"controls\"><source type=\"audio\/mpeg\" src=\"https:\/\/www.synchronsprecher.de\/blog\/wp-content\/uploads\/2020\/03\/Dux-2.mp3?_=2\" \/><a href=\"https:\/\/www.synchronsprecher.de\/blog\/wp-content\/uploads\/2020\/03\/Dux-2.mp3\">https:\/\/www.synchronsprecher.de\/blog\/wp-content\/uploads\/2020\/03\/Dux-2.mp3<\/a><\/audio>\n<p>H\u00f6rprobe 3:<\/p>\n<audio class=\"wp-audio-shortcode\" id=\"audio-3530-3\" preload=\"none\" style=\"width: 100%;\" controls=\"controls\"><source type=\"audio\/mpeg\" src=\"https:\/\/www.synchronsprecher.de\/blog\/wp-content\/uploads\/2020\/03\/Dux-3.mp3?_=3\" \/><a href=\"https:\/\/www.synchronsprecher.de\/blog\/wp-content\/uploads\/2020\/03\/Dux-3.mp3\">https:\/\/www.synchronsprecher.de\/blog\/wp-content\/uploads\/2020\/03\/Dux-3.mp3<\/a><\/audio>\n<p>H\u00f6rprobe 4:<\/p>\n<audio class=\"wp-audio-shortcode\" id=\"audio-3530-4\" preload=\"none\" style=\"width: 100%;\" controls=\"controls\"><source type=\"audio\/mpeg\" src=\"https:\/\/www.synchronsprecher.de\/blog\/wp-content\/uploads\/2020\/03\/Dux-4.mp3?_=4\" \/><a href=\"https:\/\/www.synchronsprecher.de\/blog\/wp-content\/uploads\/2020\/03\/Dux-4.mp3\">https:\/\/www.synchronsprecher.de\/blog\/wp-content\/uploads\/2020\/03\/Dux-4.mp3<\/a><\/audio>\n<p>Interview:<\/p>\n<div class=\"video-shortcode\"><iframe class=\"lazyload\" title=\"Interview mit Eckart Dux - der deutschen Stimme von Gandalf, Arthur Spooner und Norman Bates\" width=\"1300\" height=\"731\" src=\"data:image\/svg+xml,%3Csvg%20xmlns%3D%27http%3A%2F%2Fwww.w3.org%2F2000%2Fsvg%27%20width%3D%271300%27%20height%3D%27731%27%20viewBox%3D%270%200%201300%20731%27%3E%3Crect%20width%3D%271300%27%20height%3D%27731%27%20fill-opacity%3D%220%22%2F%3E%3C%2Fsvg%3E\" data-orig-src=\"https:\/\/www.youtube.com\/embed\/_B1f2exAd1E?feature=oembed\" frameborder=\"0\" allow=\"accelerometer; autoplay; clipboard-write; encrypted-media; gyroscope; picture-in-picture; web-share\" allowfullscreen><\/iframe><\/div>\n<p>&nbsp;<\/p>\n<p><span style=\"text-decoration: underline;\">Hier geht es weiter mit:<\/span><\/p>\n<ul style=\"list-style-type: square;\">\n<li><span style=\"color: #339966;\" data-darkreader-inline-color=\"\"><a style=\"color: #339966;\" href=\"https:\/\/www.synchronsprecher.de\/synchronsprecher\/bruce-willis-manfred-lehmann\" data-darkreader-inline-color=\"\">Manfred Lehmann<\/a>,<\/span> der deutschen Bruce Willis Stimme<\/li>\n<li><span style=\"color: #339966;\" data-darkreader-inline-color=\"\"><a style=\"color: #339966;\" href=\"https:\/\/www.synchronsprecher.de\/synchronsprecher\/samuel-l-jackson-engelbert-von-nordhausen\" data-darkreader-inline-color=\"\">Engelbert von Nordhausen<\/a>,<\/span> der deutschen Samuel L Jackson Stimme<\/li>\n<li><span style=\"color: #339966;\" data-darkreader-inline-color=\"\"><a style=\"color: #339966;\" href=\"https:\/\/www.synchronsprecher.de\/synchronsprecher\/robert-redford-christian-schult.html\" data-darkreader-inline-color=\"\">Christian Schult<\/a><\/span>, der deutschen Robert Redford Stimme<\/li>\n<li><span style=\"color: #339966;\" data-darkreader-inline-color=\"\"><a style=\"color: #339966;\" href=\"https:\/\/www.synchronsprecher.de\/synchronsprecher\/nicolas-cage-vin-diesel-martin-kessler.html\" data-darkreader-inline-color=\"\">Martin Ke\u00dfler<\/a><\/span>, der deutschen Vin Diesel &amp; Nicolas Cage Stimme<\/li>\n<li><a href=\"https:\/\/www.synchronsprecher.de\/synchronsprecher\/alec-baldwin-klaus-dieter-klebsch.html\"><span style=\"color: #339966;\" data-darkreader-inline-color=\"\">Klaus Dieter Klebsch<\/span><\/a>, die deutsche Alec Baldwin &amp; Dr. House Stimme<\/li>\n<\/ul>\n<p>Oder:<\/p>\n<ul style=\"list-style-type: square;\">\n<li><span style=\"color: #339966;\" data-darkreader-inline-color=\"\"><a style=\"color: #339966;\" href=\"https:\/\/www.synchronsprecher.de\/werbesprecher.html\" data-darkreader-inline-color=\"\">Sprecher f\u00fcr Imagefilm<\/a><\/span><\/li>\n<li><span style=\"color: #339966;\" data-darkreader-inline-color=\"\"><a style=\"color: #339966;\" href=\"https:\/\/www.synchronsprecher.de\/leistungen\/voice-over-sprecher.html\" data-darkreader-inline-color=\"\">Voice Over<\/a><\/span><\/li>\n<li><span style=\"color: #339966;\" data-darkreader-inline-color=\"\"><a style=\"color: #339966;\" href=\"https:\/\/www.synchronsprecher.de\/leistungen\/sprecher-fuer-erklaervideo.html\" data-darkreader-inline-color=\"\">Sprecher f\u00fcr Erkl\u00e4rvideo<\/a><\/span><\/li>\n<li><span style=\"color: #339966;\" data-darkreader-inline-color=\"\"><a style=\"color: #339966;\" href=\"https:\/\/www.synchronsprecher.de\/leistungen\/dokumentation-sprecher-buchen.html\" data-darkreader-inline-color=\"\">Sprecher f\u00fcr Dokumentation<\/a><\/span><\/li>\n<li><span style=\"color: #339966;\" data-darkreader-inline-color=\"\"><a style=\"color: #339966;\" href=\"https:\/\/www.synchronsprecher.de\/Sprachen\/index.html\" data-darkreader-inline-color=\"\">Native Sprecher<\/a><\/span><\/li>\n<li><span style=\"color: #339966;\" data-darkreader-inline-color=\"\"><a style=\"color: #339966;\" href=\"https:\/\/www.synchronsprecher.de\/blog\/radiowerbung-produktion-tonstudio-agentur\/\" data-darkreader-inline-color=\"\">Radiowerbung + Produktion + Tonstudio &#8211; Agentur<\/a><\/span><\/li>\n<\/ul>\n<p>&nbsp;<\/p>\n<div class=\"fusion-button-wrapper fusion-aligncenter\"><a class=\"fusion-button button-flat fusion-button-default-size button-green fusion-button-green button-2 fusion-button-default-span fusion-button-default-type fusion-no-medium-visibility\" target=\"_blank\" rel=\"noopener noreferrer\" href=\"https:\/\/www.synchronsprecher.de\/blog\/category\/in-memoriam\/\"><span class=\"fusion-button-text awb-button__text awb-button__text--default\">Verstorbene \/ Gestorbene Synchronsprecher \/ Synchronstimmen<\/span><\/a><\/div>\n<p>&nbsp;<\/p>\n<p><img decoding=\"async\" class=\"aligncenter wp-image-7755 size-medium\" src=\"https:\/\/www.synchronsprecher.de\/blog\/wp-content\/uploads\/2023\/09\/logo_14-19-300x58.png\" alt=\"\" width=\"300\" height=\"58\" data-wp-pid=\"7755\" srcset=\"https:\/\/www.synchronsprecher.de\/blog\/wp-content\/uploads\/2023\/09\/logo_14-19-200x38.png 200w, https:\/\/www.synchronsprecher.de\/blog\/wp-content\/uploads\/2023\/09\/logo_14-19-300x58.png 300w, https:\/\/www.synchronsprecher.de\/blog\/wp-content\/uploads\/2023\/09\/logo_14-19-400x77.png 400w, https:\/\/www.synchronsprecher.de\/blog\/wp-content\/uploads\/2023\/09\/logo_14-19-600x115.png 600w, https:\/\/www.synchronsprecher.de\/blog\/wp-content\/uploads\/2023\/09\/logo_14-19-768x148.png 768w, https:\/\/www.synchronsprecher.de\/blog\/wp-content\/uploads\/2023\/09\/logo_14-19-800x154.png 800w, https:\/\/www.synchronsprecher.de\/blog\/wp-content\/uploads\/2023\/09\/logo_14-19.png 884w\" sizes=\"(max-width: 300px) 100vw, 300px\" \/><\/p>\n<h1 style=\"text-align: center;\"><span style=\"font-size: 14px;\"><span style=\"color: #339966; --darkreader-inline-color: var(--darkreader-text-339966, #6ecf9e);\" data-darkreader-inline-color=\"\">\u00a0<a style=\"color: #339966; --darkreader-inline-color: var(--darkreader-text-339966, #6ecf9e);\" href=\"https:\/\/www.synchronsprecher.de\/blog\/tonstudio-fuer-werbung\/\" data-darkreader-inline-color=\"\">TONSTUDIO F\u00dcR WERBUNG<\/a><\/span> I KONTAKT I BOOKING I<span style=\"color: #339966; --darkreader-inline-color: var(--darkreader-text-339966, #6ecf9e);\" data-darkreader-inline-color=\"\"> <a style=\"color: #339966; --darkreader-inline-color: var(--darkreader-text-339966, #6ecf9e);\" href=\"https:\/\/www.synchronsprecher.de\/sprecheragentur.html\" data-darkreader-inline-color=\"\">SPRECHERAGENTUR<\/a><\/span> I MANAGEMENT I SPRACHPROBEN I TONSTUDIO I <span style=\"color: #339966; --darkreader-inline-color: var(--darkreader-text-339966, #6ecf9e);\" data-darkreader-inline-color=\"\"><a style=\"color: #339966; --darkreader-inline-color: var(--darkreader-text-339966, #6ecf9e);\" href=\"https:\/\/www.synchronsprecher.de\/werbesprecher.html\" data-darkreader-inline-color=\"\">PROFISPRECHER<\/a> <\/span>I STUDIO I <span style=\"color: #339966; --darkreader-inline-color: var(--darkreader-text-008000, #72ff72);\" data-darkreader-inline-color=\"\"><a style=\"color: #339966; --darkreader-inline-color: var(--darkreader-text-008000, #72ff72);\" href=\"https:\/\/www.synchronsprecher.de\/blog\/audio-agentur\/\" data-darkreader-inline-color=\"\">AUDIO AGENTUR<\/a><\/span><\/span><\/h1>\n","protected":false},"excerpt":{"rendered":"<p>S T E C K B R I E F: Schauspieler, Werbesprecher, Synchronsprecher, H\u00f6rspielsprecher. Deutsche Synchronstimme u.a. von Steve Martin, Ian McKellen, Anthony Perkins, Fred Astaire, Audie Murphy, Van Johnson, George Peppard, Jerry Stiller und renommierter Sprecher in unserer Sprecheragentur. Mehr als 870 Sprechrollen. Geboren am 19. Dezember 1926 in Berlin &#8211; gestorben 9. April 2024 in Sassenburg. Sternzeichen Sch\u00fctze.\u00a0 Eckhart Dux war die deutsche Synchronstimme von Steve Martin. In zahlreichen Produktionen schl\u00fcpfte er stimmlich in die Schuhe des Hollywoodlieblings. Mal als frustrierter Anwalt, der eigentlich gerne Musiker werden m\u00f6chte und ausgerechnet mit der Tochter [&#8230;]<\/p>\n","protected":false},"author":2,"featured_media":4489,"comment_status":"open","ping_status":"open","sticky":false,"template":"","format":"standard","meta":{"_acf_changed":false,"footnotes":""},"categories":[13396],"tags":[13485,13484,13487,13486,13446,13477,13475,13465,13466,13470,13469,13473,13467,13463,13460,13453,13458,13452,13454,13464,13459,13461,13476,13449,13478,13455,13448,13462,13451,13447,13450,13457,13471,13472,13456,13474,13468,13480,13481,13482,13483,13479],"class_list":["post-3530","post","type-post","status-publish","format-standard","has-post-thumbnail","hentry","category-in-memoriam","tag-anthony-perkins-sprecher","tag-anthony-perkins-stimme","tag-anthony-perkins-synchronsprecher","tag-anthony-perkins-synchronstimme","tag-eckart-dux","tag-eckart-dux-2020","tag-eckart-dux-aktuell","tag-eckart-dux-bild","tag-eckart-dux-bilder","tag-eckart-dux-booking","tag-eckart-dux-buchen","tag-eckart-dux-drei-fragezeichen","tag-eckart-dux-facebook","tag-eckart-dux-foto","tag-eckart-dux-homepage","tag-eckart-dux-hoerbeispiel","tag-eckart-dux-hoerbuecher","tag-eckart-dux-hoerporbe","tag-eckart-dux-hoerspiel","tag-eckart-dux-interview","tag-eckart-dux-kontakt","tag-eckart-dux-management","tag-eckart-dux-news","tag-eckart-dux-schauspieler","tag-eckart-dux-sherlock-holmes","tag-eckart-dux-sprachprobe","tag-eckart-dux-sprecher","tag-eckart-dux-sprecherkartei","tag-eckart-dux-sprechprobe","tag-eckart-dux-stimme","tag-eckart-dux-stimmprobe","tag-eckart-dux-synchronrollen","tag-eckart-dux-synchronsprecher","tag-eckart-dux-synchronstimme","tag-eckart-dux-uebersicht","tag-eckart-dux-wohnort","tag-eckart-dux-youtube","tag-steve-martin-deutsche-stimme","tag-steve-martin-deutscher-sprecher","tag-steve-martin-synchronsprecher","tag-steve-martin-synchronstimme","tag-synchronsprecher-steve-martin"],"acf":[],"yoast_head":"<!-- This site is optimized with the Yoast SEO plugin v27.5 - https:\/\/yoast.com\/product\/yoast-seo-wordpress\/ -->\n<title>Synchronsprecher Steve Martin - Eckart Dux - Synchronsprecher<\/title>\n<meta name=\"description\" content=\"Synchronsprecher Steve Martin - Eckart Dux, deutsche Synchronstimme von Martin Steve Dux Eckart. Hier direkt buchen!\" \/>\n<meta name=\"robots\" content=\"index, follow, max-snippet:-1, max-image-preview:large, max-video-preview:-1\" \/>\n<link rel=\"canonical\" href=\"https:\/\/www.synchronsprecher.de\/blog\/synchronsprecher-steve-martin-eckart-dux\/\" \/>\n<meta name=\"author\" content=\"Corsta Danner\" \/>\n<script type=\"application\/ld+json\" class=\"yoast-schema-graph\">{\"@context\":\"https:\\\/\\\/schema.org\",\"@graph\":[{\"@type\":\"BreadcrumbList\",\"@id\":\"https:\\\/\\\/www.synchronsprecher.de\\\/blog\\\/synchronsprecher-steve-martin-eckart-dux\\\/#breadcrumb\",\"itemListElement\":[{\"@type\":\"ListItem\",\"position\":1,\"name\":\"Startseite\",\"item\":\"https:\\\/\\\/www.synchronsprecher.de\\\/blog\\\/\"},{\"@type\":\"ListItem\",\"position\":2,\"name\":\"Synchronsprecher Steve Martin &#8211; Eckart Dux\"}]}]}<\/script>\n<!-- \/ Yoast SEO plugin. -->","yoast_head_json":{"title":"Synchronsprecher Steve Martin - Eckart Dux - Synchronsprecher","description":"Synchronsprecher Steve Martin - Eckart Dux, deutsche Synchronstimme von Martin Steve Dux Eckart. Hier direkt buchen!","robots":{"index":"index","follow":"follow","max-snippet":"max-snippet:-1","max-image-preview":"max-image-preview:large","max-video-preview":"max-video-preview:-1"},"canonical":"https:\/\/www.synchronsprecher.de\/blog\/synchronsprecher-steve-martin-eckart-dux\/","author":"Corsta Danner","schema":{"@context":"https:\/\/schema.org","@graph":[{"@type":"BreadcrumbList","@id":"https:\/\/www.synchronsprecher.de\/blog\/synchronsprecher-steve-martin-eckart-dux\/#breadcrumb","itemListElement":[{"@type":"ListItem","position":1,"name":"Startseite","item":"https:\/\/www.synchronsprecher.de\/blog\/"},{"@type":"ListItem","position":2,"name":"Synchronsprecher Steve Martin &#8211; Eckart Dux"}]}]}},"_links":{"self":[{"href":"https:\/\/www.synchronsprecher.de\/blog\/wp-json\/wp\/v2\/posts\/3530","targetHints":{"allow":["GET"]}}],"collection":[{"href":"https:\/\/www.synchronsprecher.de\/blog\/wp-json\/wp\/v2\/posts"}],"about":[{"href":"https:\/\/www.synchronsprecher.de\/blog\/wp-json\/wp\/v2\/types\/post"}],"author":[{"embeddable":true,"href":"https:\/\/www.synchronsprecher.de\/blog\/wp-json\/wp\/v2\/users\/2"}],"replies":[{"embeddable":true,"href":"https:\/\/www.synchronsprecher.de\/blog\/wp-json\/wp\/v2\/comments?post=3530"}],"version-history":[{"count":25,"href":"https:\/\/www.synchronsprecher.de\/blog\/wp-json\/wp\/v2\/posts\/3530\/revisions"}],"predecessor-version":[{"id":16001,"href":"https:\/\/www.synchronsprecher.de\/blog\/wp-json\/wp\/v2\/posts\/3530\/revisions\/16001"}],"wp:featuredmedia":[{"embeddable":true,"href":"https:\/\/www.synchronsprecher.de\/blog\/wp-json\/wp\/v2\/media\/4489"}],"wp:attachment":[{"href":"https:\/\/www.synchronsprecher.de\/blog\/wp-json\/wp\/v2\/media?parent=3530"}],"wp:term":[{"taxonomy":"category","embeddable":true,"href":"https:\/\/www.synchronsprecher.de\/blog\/wp-json\/wp\/v2\/categories?post=3530"},{"taxonomy":"post_tag","embeddable":true,"href":"https:\/\/www.synchronsprecher.de\/blog\/wp-json\/wp\/v2\/tags?post=3530"}],"curies":[{"name":"wp","href":"https:\/\/api.w.org\/{rel}","templated":true}]}}