{"id":1642,"date":"2019-02-26T17:32:00","date_gmt":"2019-02-26T16:32:00","guid":{"rendered":"https:\/\/www.stimmenkartei.de\/blog\/?p=1642"},"modified":"2026-03-15T12:38:22","modified_gmt":"2026-03-15T11:38:22","slug":"synchronsprecher-morgan-freeman-klaus-sonnenschein","status":"publish","type":"post","link":"https:\/\/www.synchronsprecher.de\/blog\/synchronsprecher-morgan-freeman-klaus-sonnenschein\/","title":{"rendered":"Synchronsprecher Morgan Freeman \u2013 Klaus Sonnenschein"},"content":{"rendered":"<div class=\"fusion-aligncenter\"><a class=\"fusion-button button-flat fusion-button-default-size button-green fusion-button-green button-1 fusion-button-default-span fusion-button-default-type fusion-no-medium-visibility\" target=\"_blank\" rel=\"noopener noreferrer\" href=\"https:\/\/www.synchronsprecher.de\/blog\/category\/in-memoriam\/\"><span class=\"fusion-button-text awb-button__text awb-button__text--default\">Verstorbene \/ Gestorbene Synchronsprecher \/ Synchronstimmen<\/span><\/a><\/div>\n<p><span style=\"text-decoration: underline;\"><strong>S T E C K B R I E F:<\/strong><\/span><\/p>\n<p><strong>Schauspieler, <span style=\"color: #339966;\" data-darkreader-inline-color=\"\"><a style=\"color: #339966;\" href=\"https:\/\/www.synchronsprecher.de\/werbesprecher.html\" data-darkreader-inline-color=\"\">Werbesprecher<\/a><\/span>, Synchronsprecher. War die deutsche Stimme u.a. von Morgan Freeman, John Goodman, Bob Hoskins, Danny DeVito, William Shatner, Gene Hackman, Danny Glover und renommierter Sprecher in unserer <span style=\"color: #339966;\" data-darkreader-inline-color=\"\"><a style=\"color: #339966;\" href=\"https:\/\/www.synchronsprecher.de\/sprecheragentur.html\" data-darkreader-inline-color=\"\">Sprecheragentur<\/a><\/span>.\u00a0Mehr als 1.605 Sprechrollen. Geboren am 13. Juni 1935 in Berlin. Sternzeichen Zwillinge. Lebte in Berlin. Gestorben am 19. April 2019 in Berlin. <\/strong><\/p>\n<p><strong>Synchronschauspieler Klaus Sonnenschein war die deutsche Stimme von Morgan Freeman. <\/strong>Der <strong>Oscarpreistr\u00e4ger\u00a0<\/strong>(<strong>Million Dollar Baby<\/strong>, 2004) z\u00e4hlt zu den <strong>bedeutendsten Charakterdarstellern\u00a0<\/strong>Hollywoods. Seine wundervolle deutsche Stimme, Klaus Sonnenschein, brillierte in der stimmlichen Verk\u00f6rperung des Hollywoodstars. In mehr als 20 Jahren brachte er Hollywoods graue Eminenz in \u00fcber 40 Rollencharakteren in den deutschen Sprachraum. Das Filmdrama <strong>Die Verurteilten\u00a0<\/strong>aus dem Jahr 1994 wurde f\u00fcr <strong>sieben Oscars\u00a0<\/strong>nominiert, darunter Morgen Freeman als <strong>bester Hauptdarsteller<\/strong>. Sonnenschein schl\u00fcpfte f\u00fcr Freeman in die stimmliche Rolle des verurteilten M\u00f6rders Ellis Boyd \u201eRed\u201c Redding. Tief ber\u00fchrt hat uns der wunderbare Synchronschauspieler in <strong>Morgen Freemans<\/strong><strong>Herzensrolle\u00a0<\/strong>als <strong>Nelson Mandela <\/strong>in <strong>Invictus \u2013 Unbezwungen <\/strong>aus dem Jahr 2009. Freeman verband mit Mandela eine \u00fcber 20-j\u00e4hrige Freundschaft. Als der Freiheitsk\u00e4mpfer und Friedensnobelpreistr\u00e4ger das Oscar- und Golden Globe-nominierte Meisterwerk des\u00a0<strong>Regisseurs Clint Eastwood <\/strong>gesehen hatte sagte er einst: \u201eNun werden sich die Menschen vielleicht an mich erinnern.\u201c Und die Menschen erinnern sich an Nelson Mandela. Ebenso wie an Klaus Sonnenschein und seine tiefe, markante Stimme, mit der er Freeman zuletzt alias Thaddeus Bradley im Thriller <strong>Die Unfassbaren 2\u00a0<\/strong>und als Erz\u00e4hler der Reihe <strong>Morgan Freeman\u2019s Story of\u00a0<\/strong><b>Gotik<\/b>\u00a0Jahr 2016 synchronisiert hat. In der Dokumentations-Serie bereist Freeman die gro\u00dfen heiligen St\u00e4dte der Erde und setzt sich mit bedeutsamen Glaubensfragen wie \u201eGibt es ein Leben nach dem Tod\u201c auseinander.<\/p>\n<p><strong>Rund 60 Jahre lieh Klaus Sonnenschein zahlreichen Schauspielern seine wundervoll rauchig-warme Stimme und unterst\u00fctzte sie, das deutschsprachige Publikum zu ber\u00fchren.\u00a0<\/strong>Sonnenschein war als <strong>Captain Kirk <\/strong>in den unendlichen Weiten der Universen unterwegs, wenn er <strong>William Shatner\u00a0<\/strong>in <strong>Star Trek II und III\u00a0<\/strong>synchronschauspielte. Ebenso in seinem Stimmenschauspiel f\u00fcr <strong>Christopher\u00a0<\/strong><b>Leilas<\/b>\u00a0Sith-Lord\u00a0<strong>Darth\u00a0<\/strong><b>Tyrannin<\/b>\u00a0<strong>Star Wars: Angriff der\u00a0Klonkrieger\u00a0<\/strong>und <strong>Die Rache der Sith\u00a0<\/strong>oder <strong>The Clone Wars<\/strong>.<\/p>\n<p>Mit magischen F\u00e4higkeiten faszinierte Klaus Sonnenschein in seinem Synchronschauspiel als Mitglied des Ordens des Ph\u00f6nix. Als Halbblutzauberer <strong>Aberforth Dumbledore\u00a0<\/strong>(<strong>Ciar\u00e1n Hinds<\/strong>) in <strong>Harry Potter und die Heiligt\u00fcmer des Todes.\u00a0<\/strong>Als ehrlicher und die Piraterie verachtender Seemann Captain Bellamy kommandierte Sonnenschein einst das Handelsschiff Edinburgh Trader. In seinem gro\u00dfartigen Stimmenspiel f\u00fcr Schauspieler <strong>Alex Norton <\/strong>in <strong>Fluch der Karibik 2<\/strong>. Der facettenreiche Synchronschauspieler hielt auch Staatsempf\u00e4nge als <strong>King Ralph<\/strong>, war Kongressabgeordneter (<strong>Evan Allm\u00e4chtig<\/strong>) und groovte sich den Blues aus der Kehle als Mighty Mack McTeer (<strong>Blues Brothers 2000<\/strong>). Kurzum, sein stimmliches Schauspiel f\u00fcr Hollywoodstar <strong>John Goodman\u00a0<\/strong>war in jedem Rollencharakter einfach brillant. Auch Oscarpreistr\u00e4ger Sir Thomas <strong>Sean Connery\u00a0<\/strong>profitierte von Sonnenscheins Synchronisation. Als Meisterdieb Robert MacDougal in <strong>Verlockende Falle<\/strong>, ebenso alias Schriftsteller William Forrester im Filmdrama <strong>Forrester \u2013 Gefunden! <\/strong>Klaus Sonnenschein synchronschauspielte auch an der Seite von Batman. Im 1992 erschienenen Blockbuster\u00a0<strong>Batman\u00a0R\u00fcckkehr\u00a0<\/strong>trat er f\u00fcr Hollywoodstar <strong>Danny DeVito\u00a0<\/strong>alias Oswald Cobblepot (<strong>Pinguin<\/strong>) aus dem Untergrund hervor. Auch hat der kreative Klaus Sonnenschein bereits als Privatdetektiv gearbeitet. Im Stimmenspiel alias Eddie Valiant beschattete er einst Jessica Rabbit im mit vier Oscars pr\u00e4mierten Erfolgsfilm <strong>Falsches Spiel mit Roger Rabbit<\/strong>.<\/p>\n<p><strong>Klaus Sonnenschein agierte auch immer wieder in wundervollen H\u00f6rspielproduktionen.<\/strong>So ritt er als <strong>Old Shatterhand <\/strong>bereits 1956 mit <strong>Winnetou\u00a0<\/strong>durch die Weiten der Pr\u00e4rie. Auch H\u00f6rspiele er u.a. als 3,50 Meter hoher Halter <strong>Karu Teslek\u00a0<\/strong>in verschiedenen\u00a0<strong>Perry Rhodan <\/strong>Science-Fiction Episoden.<\/p>\n<p>1958 spielte Sonnenschein erstmals vor laufender Kamera in der Kom\u00f6die\u00a0<strong>Ma\u00df f\u00fcr\u00a0<\/strong><b>Ma\u00dfvoll<\/b>\u00a0<strong>William Shakespeare<\/strong>. Der 1892 in Mainz geborene <strong>Regisseur Ludwig Berger\u00a0<\/strong>galt als Pionier des Fernsehspiels und setzte den Klassiker seinerzeit ins bewegte Bild. 1963 agierte Klaus Sonnenschein im packenden Fernsehdreiteiler <strong>Der Fall Rohrbach<\/strong>. Die Produktion befasste sich mit der M\u00fcnsteranerin Maria Rohrbach, die in den 1950-er Jahren Opfer eines Justizirrtums und verd\u00e4chtigt wurde, ihren Ehemann get\u00f6tet und zers\u00e4gt zu haben. Seinen ersten <strong>Tatort \u2013 Rattennest<\/strong>, spielte Sonnenschein 1972. \u00dcber Jahre agierte er in der Krimireihe <strong>Direktion City\u00a0<\/strong>und schauspielre auch in den beliebten Fernsehserien <strong>Caf\u00e9 Wernicke\u00a0<\/strong>und <strong>Ich heirate eine Familie<\/strong>. An der Seite von Grimme-Preistr\u00e4gerin <strong>Christine Neubauer\u00a0<\/strong>stand Klaus Sonnenschein 2009 in der ARD-Kom\u00f6die <strong>Schaumk\u00fcsse\u00a0<\/strong>vor der Kamera.<\/p>\n<p><strong>So gro\u00dfartig Klaus Sonnenschein auch vor laufender Kamera spielte, sein k\u00fcnstlerischer Schwerpunkt war immer die B\u00fchne.\u00a0<\/strong>Auf den Brettern, die die Welt bedeuten, lernte er auch seine gro\u00dfe Liebe und sp\u00e4tere Ehefrau, die zauberhafte ewige \u201eBerliner G\u00f6re,\u201c Schauspielerin <strong>Edith\u00a0Hanke\u00a0<\/strong>kennen, mit der er bis zu ihrem Tod 2015 gl\u00fccklich, richtig gl\u00fccklich verheiratet war. Romantischerweise hat es ausgerechnet bei den Proben zum dreiaktigen Songspiel von Bertolt Brecht, <strong>Happy End<\/strong>, zwischen den Turtelt\u00e4ubchen gefunkt. <strong>Klaus war ihre \u201eSonne\u201c, er nannte seine Liebste z\u00e4rtlich \u201ePuppe.\u201c <\/strong>Ein reizendes, unzertrennliches Ehepaar, welches Tag und Nacht miteinander verbrachte. \u201eWenn ich mal eine Stunde von P\u00fcppi getrennt bin, werde ich unruhig,\u201c gestand der liebevolle Ehemann einst mit leuchtenden Augen.<\/p>\n<p>Gl\u00fccklicherweise verband beide auch die Liebe zum Theater, so spielten sie viele Inszenierungen gemeinsam. Und wenn nicht, begleiteten sie einander, passten aufeinander auf. Wie gesagt, die beiden Liebenden waren unzertrennlich. Auch engagierten sie sich zusammen am Theater <strong>Berliner Trib\u00fcne<\/strong>, dessen Leitung Klaus Sonnenschein von 1972 bis 1997 \u00fcbernahm. <strong>Im Januar 2006 wurde das beliebte Schauspieler-Ehepaar mit dem Goldenen Vorhang des Berliner Theaterclubs ausgezeichnet.\u00a0<\/strong>Sie wurden seinerzeit f\u00fcr ihre herausragende schauspielerische Leistung in der Kom\u00f6die <strong>Herbstzeitlose\u00a0<\/strong>von Andreas Fritjof geehrt.<\/p>\n<p>Juni 2015. Der 80ste Geburtstag von Klaus Sonnenschein stand an. Sonne und seine P\u00fcppi wollten den Ehrentag mit Familie und lieben Freunden ganz gro\u00df feiern. Das sch\u00f6ne Fest im Fr\u00fchling war lange geplant. Doch seiner Liebsten ging es immer schlechter. Klaus Sonnenschein sagte die Feier ab. \u201eSie h\u00e4tte es nicht durchgestanden.\u201c Es sollte ein stiller Geburtstag werden. Edith Hancke verstarb neun Tage zuvor.<\/p>\n<p>Im Alter von 83 Jahren verstarb auch Klaus Sonnenschein. Das war am Karfreitag, am 19. April 2019 in Berlin.<\/p>\n<p>\u201eMan f\u00fchlt sich ein bisschen wie ein Vogel mit einem Fl\u00fcgel,\u201c erz\u00e4hlte Klaus Sonnenschein einst seufzend, wie bet\u00e4ubt, \u00fcber den Tod seiner gro\u00dfen Liebe. Nun ist Sonne seiner geliebten Ehefrau gefolgt. Doch wir sind uns sicher, die Kraft seiner Liebe verhalf Klaus Sonnenschein auch mit nur einem Fl\u00fcgel zum Auftrieb, um wieder mit seiner wundervollen P\u00fcppi vereint zu sein.<\/p>\n<p>Klaus Sonnenschein war eine Sonne. Auch f\u00fcr uns. Ein faszinierend freundlicher, h\u00f6flicher und verl\u00e4sslicher Mensch. Klar, aufnahmef\u00e4hig und unfassbar kreativ. Ein Sch\u00f6ngeist mit sch\u00f6nem Herzen. Und so liebten wir ihn. Klaus Sonnenschein war auch ein Mann mit Prinzipien. Werbung wollte er mit seiner wundervoll tiefen, warmen Stimme nicht sprechen. Aber alles Sch\u00f6ne und tiefsinnige. Filme, Texte, Gedichte, Zitate, daf\u00fcr konnte man Klaus gewinnen. Danke, lieber Klaus, Du Sonne, f\u00fcr all das Sch\u00f6ne, was Du uns hinterlassen hast&#8230;<\/p>\n<p>Entdecken Sie auch den Synchronsprecher <span style=\"color: #339966;\" data-darkreader-inline-color=\"\"><a style=\"color: #339966;\" href=\"https:\/\/www.synchronsprecher.de\/blog\/juergen-kluckert-buchen-morgan-freeman-stimme-fuer-ihr-unternehmen\/\" target=\"_blank\" rel=\"noopener\" data-darkreader-inline-color=\"\">J\u00fcrgen Klucker<\/a>t<\/span>. Auch er synchronisierte zahlreiche Filme mit Morgan Freeman.<\/p>\n<p><strong><span style=\"text-decoration: underline;\">H \u00d6 R B E I S P I E L E &#8211; <span style=\"color: #339966; text-decoration: underline;\" data-darkreader-inline-color=\"\"><a style=\"color: #339966; text-decoration: underline;\" href=\"https:\/\/www.synchronsprecher.de\/blog\/tonmischung-in-der-werbung\/\" data-darkreader-inline-color=\"\">in der finalen Tonmischung<\/a><\/span>:<\/span><\/strong><\/p>\n<p>H\u00f6rbeispiel 1:<\/p>\n<!--[if lt IE 9]><script>document.createElement('audio');<\/script><![endif]-->\n<audio class=\"wp-audio-shortcode\" id=\"audio-1642-1\" preload=\"none\" style=\"width: 100%;\" controls=\"controls\"><source type=\"audio\/mpeg\" src=\"https:\/\/www.stimmenkartei.de\/blog\/wp-content\/uploads\/2019\/04\/Morgan-Freeman.mp3?_=1\" \/><a href=\"https:\/\/www.stimmenkartei.de\/blog\/wp-content\/uploads\/2019\/04\/Morgan-Freeman.mp3\">https:\/\/www.stimmenkartei.de\/blog\/wp-content\/uploads\/2019\/04\/Morgan-Freeman.mp3<\/a><\/audio>\n<p>H\u00f6rbeispiel 2:<\/p>\n<audio class=\"wp-audio-shortcode\" id=\"audio-1642-2\" preload=\"none\" style=\"width: 100%;\" controls=\"controls\"><source type=\"audio\/mpeg\" src=\"https:\/\/www.synchronsprecher.de\/blog\/wp-content\/uploads\/2020\/02\/H\u00f6rbeispiel-2.mp3?_=2\" \/><a href=\"https:\/\/www.synchronsprecher.de\/blog\/wp-content\/uploads\/2020\/02\/H\u00f6rbeispiel-2.mp3\">https:\/\/www.synchronsprecher.de\/blog\/wp-content\/uploads\/2020\/02\/H\u00f6rbeispiel-2.mp3<\/a><\/audio>\n<p>H\u00f6rbeispiel 3:<\/p>\n<audio class=\"wp-audio-shortcode\" id=\"audio-1642-3\" preload=\"none\" style=\"width: 100%;\" controls=\"controls\"><source type=\"audio\/mpeg\" src=\"https:\/\/www.synchronsprecher.de\/blog\/wp-content\/uploads\/2020\/02\/Klaus.mp3?_=3\" \/><a href=\"https:\/\/www.synchronsprecher.de\/blog\/wp-content\/uploads\/2020\/02\/Klaus.mp3\">https:\/\/www.synchronsprecher.de\/blog\/wp-content\/uploads\/2020\/02\/Klaus.mp3<\/a><\/audio>\n<p>Klaus bei der Arbeit<br \/>\n<img decoding=\"async\" class=\"aligncenter size-full wp-image-3442\" src=\"https:\/\/www.synchronsprecher.de\/blog\/wp-content\/uploads\/2019\/04\/Klaus-Sonnenschein.jpeg\" alt=\"\" width=\"1877\" height=\"1052\" data-wp-pid=\"3442\" srcset=\"https:\/\/www.synchronsprecher.de\/blog\/wp-content\/uploads\/2019\/04\/Klaus-Sonnenschein-200x112.jpeg 200w, https:\/\/www.synchronsprecher.de\/blog\/wp-content\/uploads\/2019\/04\/Klaus-Sonnenschein-300x168.jpeg 300w, https:\/\/www.synchronsprecher.de\/blog\/wp-content\/uploads\/2019\/04\/Klaus-Sonnenschein-400x224.jpeg 400w, https:\/\/www.synchronsprecher.de\/blog\/wp-content\/uploads\/2019\/04\/Klaus-Sonnenschein-600x336.jpeg 600w, https:\/\/www.synchronsprecher.de\/blog\/wp-content\/uploads\/2019\/04\/Klaus-Sonnenschein-768x430.jpeg 768w, https:\/\/www.synchronsprecher.de\/blog\/wp-content\/uploads\/2019\/04\/Klaus-Sonnenschein-800x448.jpeg 800w, https:\/\/www.synchronsprecher.de\/blog\/wp-content\/uploads\/2019\/04\/Klaus-Sonnenschein-1024x574.jpeg 1024w, https:\/\/www.synchronsprecher.de\/blog\/wp-content\/uploads\/2019\/04\/Klaus-Sonnenschein-1200x673.jpeg 1200w, https:\/\/www.synchronsprecher.de\/blog\/wp-content\/uploads\/2019\/04\/Klaus-Sonnenschein-1536x861.jpeg 1536w, https:\/\/www.synchronsprecher.de\/blog\/wp-content\/uploads\/2019\/04\/Klaus-Sonnenschein.jpeg 1877w\" sizes=\"(max-width: 1877px) 100vw, 1877px\" \/><\/p>\n<p><span style=\"text-decoration: underline;\">Hier geht es weiter mit:<\/span><\/p>\n<ul style=\"list-style-type: square;\">\n<li><span style=\"color: #339966;\" data-darkreader-inline-color=\"\"><a style=\"color: #339966;\" href=\"https:\/\/www.synchronsprecher.de\/synchronsprecher\/bruce-willis-manfred-lehmann\" data-darkreader-inline-color=\"\">Manfred Lehmann<\/a>,<\/span> der deutschen Bruce Willis Stimme<\/li>\n<li><span style=\"color: #339966;\" data-darkreader-inline-color=\"\"><a style=\"color: #339966;\" href=\"https:\/\/www.synchronsprecher.de\/synchronsprecher\/samuel-l-jackson-engelbert-von-nordhausen\" data-darkreader-inline-color=\"\">Engelbert von Nordhausen<\/a>,<\/span> der deutschen Samuel L Jackson Stimme<\/li>\n<li><span style=\"color: #339966;\" data-darkreader-inline-color=\"\"><a style=\"color: #339966;\" href=\"https:\/\/www.synchronsprecher.de\/synchronsprecher\/robert-redford-christian-schult.html\" data-darkreader-inline-color=\"\">Christian Schult<\/a><\/span>, der deutschen Robert Redford Stimme<\/li>\n<li><span style=\"color: #339966;\" data-darkreader-inline-color=\"\"><a style=\"color: #339966;\" href=\"https:\/\/www.synchronsprecher.de\/synchronsprecher\/nicolas-cage-vin-diesel-martin-kessler.html\" data-darkreader-inline-color=\"\">Martin Ke\u00dfler<\/a><\/span>, der deutschen Vin Diesel &amp; Nicolas Cage Stimme<\/li>\n<li><a href=\"https:\/\/www.synchronsprecher.de\/synchronsprecher\/alec-baldwin-klaus-dieter-klebsch.html\"><span style=\"color: #339966;\" data-darkreader-inline-color=\"\">Klaus Dieter Klebsch<\/span><\/a>, die deutsche Alec Baldwin &amp; Dr. House Stimme<\/li>\n<\/ul>\n<p>Oder:<\/p>\n<ul style=\"list-style-type: square;\">\n<li><span style=\"color: #339966;\" data-darkreader-inline-color=\"\"><a style=\"color: #339966;\" href=\"https:\/\/www.synchronsprecher.de\/werbesprecher.html\" data-darkreader-inline-color=\"\">Sprecher f\u00fcr Imagefilm<\/a><\/span><\/li>\n<li><span style=\"color: #339966;\" data-darkreader-inline-color=\"\"><a style=\"color: #339966;\" href=\"https:\/\/www.synchronsprecher.de\/leistungen\/voice-over-sprecher.html\" data-darkreader-inline-color=\"\">Voice Over<\/a><\/span><\/li>\n<li><span style=\"color: #339966;\" data-darkreader-inline-color=\"\"><a style=\"color: #339966;\" href=\"https:\/\/www.synchronsprecher.de\/leistungen\/sprecher-fuer-erklaervideo.html\" data-darkreader-inline-color=\"\">Sprecher f\u00fcr Erkl\u00e4rvideo<\/a><\/span><\/li>\n<li><span style=\"color: #339966;\" data-darkreader-inline-color=\"\"><a style=\"color: #339966;\" href=\"https:\/\/www.synchronsprecher.de\/leistungen\/dokumentation-sprecher-buchen.html\" data-darkreader-inline-color=\"\">Sprecher f\u00fcr Dokumentation<\/a><\/span><\/li>\n<li><span style=\"color: #339966;\" data-darkreader-inline-color=\"\"><a style=\"color: #339966;\" href=\"https:\/\/www.synchronsprecher.de\/Sprachen\/index.html\" data-darkreader-inline-color=\"\">Native Sprecher<\/a><\/span><\/li>\n<li><span style=\"color: #339966;\" data-darkreader-inline-color=\"\"><a style=\"color: #339966;\" href=\"https:\/\/www.synchronsprecher.de\/blog\/radiowerbung-produktion-tonstudio-agentur\/\" data-darkreader-inline-color=\"\">Radiowerbung + Produktion + Tonstudio &#8211; Agentur<\/a><\/span><\/li>\n<\/ul>\n<div class=\"fusion-aligncenter\"><a class=\"fusion-button button-flat fusion-button-default-size button-green fusion-button-green button-2 fusion-button-default-span fusion-button-default-type fusion-no-medium-visibility\" target=\"_blank\" rel=\"noopener noreferrer\" href=\"https:\/\/www.synchronsprecher.de\/blog\/category\/in-memoriam\/\"><span class=\"fusion-button-text awb-button__text awb-button__text--default\">Verstorbene \/ Gestorbene Synchronsprecher \/ Synchronstimmen<\/span><\/a><\/div>\n<p>&nbsp;<\/p>\n<p><img decoding=\"async\" class=\"aligncenter wp-image-7755 size-medium\" src=\"https:\/\/www.synchronsprecher.de\/blog\/wp-content\/uploads\/2023\/09\/logo_14-19-300x58.png\" alt=\"\" width=\"300\" height=\"58\" data-wp-pid=\"7755\" srcset=\"https:\/\/www.synchronsprecher.de\/blog\/wp-content\/uploads\/2023\/09\/logo_14-19-200x38.png 200w, https:\/\/www.synchronsprecher.de\/blog\/wp-content\/uploads\/2023\/09\/logo_14-19-300x58.png 300w, https:\/\/www.synchronsprecher.de\/blog\/wp-content\/uploads\/2023\/09\/logo_14-19-400x77.png 400w, https:\/\/www.synchronsprecher.de\/blog\/wp-content\/uploads\/2023\/09\/logo_14-19-600x115.png 600w, https:\/\/www.synchronsprecher.de\/blog\/wp-content\/uploads\/2023\/09\/logo_14-19-768x148.png 768w, https:\/\/www.synchronsprecher.de\/blog\/wp-content\/uploads\/2023\/09\/logo_14-19-800x154.png 800w, https:\/\/www.synchronsprecher.de\/blog\/wp-content\/uploads\/2023\/09\/logo_14-19.png 884w\" sizes=\"(max-width: 300px) 100vw, 300px\" \/><\/p>\n<h1 style=\"text-align: center;\"><span style=\"font-size: 14px;\"><span style=\"color: #339966; --darkreader-inline-color: var(--darkreader-text-339966, #6ecf9e);\" data-darkreader-inline-color=\"\">\u00a0<a style=\"color: #339966; --darkreader-inline-color: var(--darkreader-text-339966, #6ecf9e);\" href=\"https:\/\/www.synchronsprecher.de\/blog\/tonstudio-fuer-werbung\/\" data-darkreader-inline-color=\"\">TONSTUDIO F\u00dcR WERBUNG<\/a><\/span> I KONTAKT I BOOKING I<span style=\"color: #339966; --darkreader-inline-color: var(--darkreader-text-339966, #6ecf9e);\" data-darkreader-inline-color=\"\"> <a style=\"color: #339966; --darkreader-inline-color: var(--darkreader-text-339966, #6ecf9e);\" href=\"https:\/\/www.synchronsprecher.de\/sprecheragentur.html\" data-darkreader-inline-color=\"\">SPRECHERAGENTUR<\/a><\/span> I MANAGEMENT I SPRACHPROBEN I TONSTUDIO I <span style=\"color: #339966; --darkreader-inline-color: var(--darkreader-text-339966, #6ecf9e);\" data-darkreader-inline-color=\"\"><a style=\"color: #339966; --darkreader-inline-color: var(--darkreader-text-339966, #6ecf9e);\" href=\"https:\/\/www.synchronsprecher.de\/werbesprecher.html\" data-darkreader-inline-color=\"\">PROFISPRECHER<\/a> <\/span>I STUDIO I <span style=\"color: #339966; --darkreader-inline-color: var(--darkreader-text-008000, #72ff72);\" data-darkreader-inline-color=\"\"><a style=\"color: #339966; --darkreader-inline-color: var(--darkreader-text-008000, #72ff72);\" href=\"https:\/\/www.synchronsprecher.de\/blog\/audio-agentur\/\" data-darkreader-inline-color=\"\">AUDIO AGENTUR<\/a><\/span><\/span><\/h1>\n","protected":false},"excerpt":{"rendered":"<p>S T E C K B R I E F: Schauspieler, Werbesprecher, Synchronsprecher. War die deutsche Stimme u.a. von Morgan Freeman, John Goodman, Bob Hoskins, Danny DeVito, William Shatner, Gene Hackman, Danny Glover und renommierter Sprecher in unserer Sprecheragentur.\u00a0Mehr als 1.605 Sprechrollen. Geboren am 13. Juni 1935 in Berlin. Sternzeichen Zwillinge. Lebte in Berlin. Gestorben am 19. April 2019 in Berlin. Synchronschauspieler Klaus Sonnenschein war die deutsche Stimme von Morgan Freeman. Der Oscarpreistr\u00e4ger\u00a0(Million Dollar Baby, 2004) z\u00e4hlt zu den bedeutendsten Charakterdarstellern\u00a0Hollywoods. Seine wundervolle deutsche Stimme, Klaus Sonnenschein, brillierte in der stimmlichen Verk\u00f6rperung des Hollywoodstars. In [&#8230;]<\/p>\n","protected":false},"author":2,"featured_media":4505,"comment_status":"closed","ping_status":"open","sticky":false,"template":"","format":"standard","meta":{"_acf_changed":false,"footnotes":""},"categories":[13396],"tags":[144,1212,1213,1214,1215,2274,4604,4605,4606,4774,4775,4776,4777,4778,4779,4780,4781,4782,4783,4784,4785,4786,4787,4788,4789,4790,4791,4792,4793,4794,4795,4796,4797,4798,4799,4800,4801,4802,4803,4804,4805,4806,4807,4808,4809,4810,4811,5241,5889,5890,5891,8332,8853,13421,9513],"class_list":["post-1642","post","type-post","status-publish","format-standard","has-post-thumbnail","hentry","category-in-memoriam","tag-agentur-von-klaus-sonnenschein","tag-captain-kirk-sprecher","tag-captain-kirk-stimme","tag-captain-kirk-synchronsprecher","tag-captain-kirk-synchronstimme","tag-die-deutsche-stimme-von-morgan-freeman","tag-kaptain-kirk-sprecher","tag-kaptain-kirk-stimme","tag-kaptain-kirk-synchronstimme","tag-klaus-sonnenschein-2018","tag-klaus-sonnenschein-2019","tag-klaus-sonnenschein-agentur","tag-klaus-sonnenschein-berlin","tag-klaus-sonnenschein-bild","tag-klaus-sonnenschein-bilder","tag-klaus-sonnenschein-bio","tag-klaus-sonnenschein-buch","tag-klaus-sonnenschein-buchen","tag-klaus-sonnenschein-facebook","tag-klaus-sonnenschein-film","tag-klaus-sonnenschein-filme","tag-klaus-sonnenschein-foto","tag-klaus-sonnenschein-fotos","tag-klaus-sonnenschein-gestorben","tag-klaus-sonnenschein-homepage","tag-klaus-sonnenschein-hoerbuch","tag-klaus-sonnenschein-hoerbuecher","tag-klaus-sonnenschein-hoerspiele","tag-klaus-sonnenschein-ich-heirate-eine-familie","tag-klaus-sonnenschein-instagram","tag-klaus-sonnenschein-interview","tag-klaus-sonnenschein-ist-tot","tag-klaus-sonnenschein-jung","tag-klaus-sonnenschein-kontakt","tag-klaus-sonnenschein-lebenslauf","tag-klaus-sonnenschein-lebt-nicht-mehr","tag-klaus-sonnenschein-morgan-freeman","tag-klaus-sonnenschein-profile","tag-klaus-sonnenschein-sprecher","tag-klaus-sonnenschein-stimme","tag-klaus-sonnenschein-theater","tag-klaus-sonnenschein-tod","tag-klaus-sonnenschein-tot","tag-klaus-sonnenschein-verstorben","tag-klaus-sonnenschein-video","tag-klaus-sonnenschein-vita","tag-klaus-sonnenschein-youtube","tag-management-klaus-sonnenschein","tag-morgan-freeman-sprecher","tag-morgan-freeman-synchronsprecher","tag-morgan-freeman-synchronstimme","tag-sprecher-morgan-freeman","tag-stimme-von-morgan-freeman","tag-synchronsprecher-morgan-freeman-klaus-sonnenschein","tag-synchronstimme-von-morgan-freeman"],"acf":[],"yoast_head":"<!-- This site is optimized with the Yoast SEO plugin v27.4 - https:\/\/yoast.com\/product\/yoast-seo-wordpress\/ -->\n<title>Synchronsprecher Morgan Freeman \u2013 Klaus Sonnenschein - Synchronsprecher<\/title>\n<meta name=\"description\" content=\"Synchronsprecher Morgan Freeman \u2013 Klaus Sonnenschein war die deutsche Synchronstimme von Morgan Freeman.\" \/>\n<meta name=\"robots\" content=\"index, follow, max-snippet:-1, max-image-preview:large, max-video-preview:-1\" \/>\n<link rel=\"canonical\" href=\"https:\/\/www.synchronsprecher.de\/blog\/synchronsprecher-morgan-freeman-klaus-sonnenschein\/\" \/>\n<meta name=\"author\" content=\"Corsta Danner\" \/>\n<script type=\"application\/ld+json\" class=\"yoast-schema-graph\">{\"@context\":\"https:\\\/\\\/schema.org\",\"@graph\":[{\"@type\":\"BreadcrumbList\",\"@id\":\"https:\\\/\\\/www.synchronsprecher.de\\\/blog\\\/synchronsprecher-morgan-freeman-klaus-sonnenschein\\\/#breadcrumb\",\"itemListElement\":[{\"@type\":\"ListItem\",\"position\":1,\"name\":\"Startseite\",\"item\":\"https:\\\/\\\/www.synchronsprecher.de\\\/blog\\\/\"},{\"@type\":\"ListItem\",\"position\":2,\"name\":\"Synchronsprecher Morgan Freeman \u2013 Klaus Sonnenschein\"}]}]}<\/script>\n<!-- \/ Yoast SEO plugin. -->","yoast_head_json":{"title":"Synchronsprecher Morgan Freeman \u2013 Klaus Sonnenschein - Synchronsprecher","description":"Synchronsprecher Morgan Freeman \u2013 Klaus Sonnenschein war die deutsche Synchronstimme von Morgan Freeman.","robots":{"index":"index","follow":"follow","max-snippet":"max-snippet:-1","max-image-preview":"max-image-preview:large","max-video-preview":"max-video-preview:-1"},"canonical":"https:\/\/www.synchronsprecher.de\/blog\/synchronsprecher-morgan-freeman-klaus-sonnenschein\/","author":"Corsta Danner","schema":{"@context":"https:\/\/schema.org","@graph":[{"@type":"BreadcrumbList","@id":"https:\/\/www.synchronsprecher.de\/blog\/synchronsprecher-morgan-freeman-klaus-sonnenschein\/#breadcrumb","itemListElement":[{"@type":"ListItem","position":1,"name":"Startseite","item":"https:\/\/www.synchronsprecher.de\/blog\/"},{"@type":"ListItem","position":2,"name":"Synchronsprecher Morgan Freeman \u2013 Klaus Sonnenschein"}]}]}},"_links":{"self":[{"href":"https:\/\/www.synchronsprecher.de\/blog\/wp-json\/wp\/v2\/posts\/1642","targetHints":{"allow":["GET"]}}],"collection":[{"href":"https:\/\/www.synchronsprecher.de\/blog\/wp-json\/wp\/v2\/posts"}],"about":[{"href":"https:\/\/www.synchronsprecher.de\/blog\/wp-json\/wp\/v2\/types\/post"}],"author":[{"embeddable":true,"href":"https:\/\/www.synchronsprecher.de\/blog\/wp-json\/wp\/v2\/users\/2"}],"replies":[{"embeddable":true,"href":"https:\/\/www.synchronsprecher.de\/blog\/wp-json\/wp\/v2\/comments?post=1642"}],"version-history":[{"count":30,"href":"https:\/\/www.synchronsprecher.de\/blog\/wp-json\/wp\/v2\/posts\/1642\/revisions"}],"predecessor-version":[{"id":15986,"href":"https:\/\/www.synchronsprecher.de\/blog\/wp-json\/wp\/v2\/posts\/1642\/revisions\/15986"}],"wp:featuredmedia":[{"embeddable":true,"href":"https:\/\/www.synchronsprecher.de\/blog\/wp-json\/wp\/v2\/media\/4505"}],"wp:attachment":[{"href":"https:\/\/www.synchronsprecher.de\/blog\/wp-json\/wp\/v2\/media?parent=1642"}],"wp:term":[{"taxonomy":"category","embeddable":true,"href":"https:\/\/www.synchronsprecher.de\/blog\/wp-json\/wp\/v2\/categories?post=1642"},{"taxonomy":"post_tag","embeddable":true,"href":"https:\/\/www.synchronsprecher.de\/blog\/wp-json\/wp\/v2\/tags?post=1642"}],"curies":[{"name":"wp","href":"https:\/\/api.w.org\/{rel}","templated":true}]}}