{"id":15869,"date":"2026-02-06T15:45:04","date_gmt":"2026-02-06T14:45:04","guid":{"rendered":"https:\/\/www.synchronsprecher.de\/blog\/?p=15869"},"modified":"2026-04-07T13:39:18","modified_gmt":"2026-04-07T11:39:18","slug":"sprecherkartei","status":"publish","type":"post","link":"https:\/\/www.synchronsprecher.de\/blog\/sprecherkartei\/","title":{"rendered":"Sprecherkartei: Professionelle Sprecher f\u00fcr Ihr Projekt finden"},"content":{"rendered":"<p data-start=\"0\" data-end=\"39\"><strong data-start=\"0\" data-end=\"39\"><img decoding=\"async\" class=\" wp-image-15870 alignleft\" src=\"https:\/\/www.synchronsprecher.de\/blog\/wp-content\/uploads\/2026\/03\/Sprecherkartei-300x160.jpg\" alt=\"\" width=\"441\" height=\"236\" data-wp-pid=\"15870\" srcset=\"https:\/\/www.synchronsprecher.de\/blog\/wp-content\/uploads\/2026\/03\/Sprecherkartei-200x106.jpg 200w, https:\/\/www.synchronsprecher.de\/blog\/wp-content\/uploads\/2026\/03\/Sprecherkartei-300x160.jpg 300w, https:\/\/www.synchronsprecher.de\/blog\/wp-content\/uploads\/2026\/03\/Sprecherkartei-400x213.jpg 400w, https:\/\/www.synchronsprecher.de\/blog\/wp-content\/uploads\/2026\/03\/Sprecherkartei-768x409.jpg 768w, https:\/\/www.synchronsprecher.de\/blog\/wp-content\/uploads\/2026\/03\/Sprecherkartei-800x426.jpg 800w, https:\/\/www.synchronsprecher.de\/blog\/wp-content\/uploads\/2026\/03\/Sprecherkartei-1024x545.jpg 1024w, https:\/\/www.synchronsprecher.de\/blog\/wp-content\/uploads\/2026\/03\/Sprecherkartei.jpg 1159w\" sizes=\"(max-width: 441px) 100vw, 441px\" \/><span style=\"font-size: 32px; color: #c7a488;\">STIMMEN MIT KLASSE<\/span><\/strong><\/p>\n<p>Sie suchen eine professionelle Sprecherkartei? Hier finden Sie erfahrene Sprecher f\u00fcr Werbung, Imagefilm, Synchron und Voice Over \u2013 schnell und passend zu Ihrem Projekt?<\/p>\n<p data-start=\"41\" data-end=\"380\">Willkommen bei der <strong data-start=\"60\" data-end=\"102\">Sprecherkartei von Synchronsprecher.de<\/strong>. Wenn Sie auf der Suche nach einer au\u00dfergew\u00f6hnlichen Stimme f\u00fcr Ihr Projekt sind, sind Sie hier genau richtig. Unsere Sprecherkartei steht seit vielen Jahren f\u00fcr <strong data-start=\"265\" data-end=\"309\">Qualit\u00e4t, Erfahrung und Professionalit\u00e4t<\/strong>. Dabei verfolgen wir ein klares Prinzip: <strong data-start=\"351\" data-end=\"379\">keine Masse \u2013 nur Klasse<\/strong>.<\/p>\n<div style=\"height: 24px;\">\n&nbsp;<\/p>\n<table style=\"height: 59px; width: 99.789252%; border-collapse: collapse; background-color: #c7a488;\">\n<tbody>\n<tr>\n<td style=\"width: 100%; text-align: center;\"><span style=\"font-size: 32px; color: #ffffff;\">\ud83d\udc49 <em data-start=\"175\" data-end=\"211\">\u201eDr\u00fccken Sie Play &#8211; und Sie sind sofort \u00fcberzeugt\u201c<\/em><\/span><\/p>\n<!--[if lt IE 9]><script>document.createElement('audio');<\/script><![endif]-->\n<audio class=\"wp-audio-shortcode\" id=\"audio-15869-1\" preload=\"none\" style=\"width: 100%;\" controls=\"controls\"><source type=\"audio\/mpeg\" src=\"https:\/\/www.synchronsprecher.de\/blog\/wp-content\/uploads\/2026\/02\/Dietmar.mp3?_=1\" \/><a href=\"https:\/\/www.synchronsprecher.de\/blog\/wp-content\/uploads\/2026\/02\/Dietmar.mp3\">https:\/\/www.synchronsprecher.de\/blog\/wp-content\/uploads\/2026\/02\/Dietmar.mp3<\/a><\/audio>\n<p>&nbsp;<\/td>\n<\/tr>\n<\/tbody>\n<\/table>\n<\/div>\n<p><span style=\"color: #ffffff;\">\u00a0<\/span><br \/>\n&nbsp;<br \/>\n&nbsp;<br \/>\n&nbsp;<br \/>\n&nbsp;<br \/>\n&nbsp;<br \/>\n&nbsp;<br \/>\n&nbsp;<\/p>\n<div style=\"background-color: whitesmoke; padding-left: 40px;\" data-darkreader-inline-bgcolor=\"\">\n<h2 data-section-id=\"1mho905\" data-start=\"62\" data-end=\"114\"><span style=\"color: #c7a488; font-size: 32px;\">Sprecherkartei: Stimmen f\u00fcr jeden Einsatzbereich<\/span><\/h2>\n<p data-start=\"116\" data-end=\"402\">In unserer Sprecherkartei finden Sie professionelle Stimmen f\u00fcr Werbung, Imagefilme, Synchronisation und Voice Over. Ob markant, emotional oder seri\u00f6s \u2013 w\u00e4hlen Sie genau die Stimme, die zu Ihrem Projekt passt. Alle Sprecher verf\u00fcgen \u00fcber hochwertige H\u00f6rproben f\u00fcr eine schnelle Auswahl.<\/p>\n<p data-start=\"116\" data-end=\"402\"><a href=\"https:\/\/www.synchronsprecher.de\/top100sprecher.html\">\ud83d\udc49 Wie w\u00e4re es zum Beispiel mit einer unserer deutschen TOP 100 Synchronsprecher Stimmen?<\/a><\/p>\n<p>\ud83d\udc49 <a href=\"https:\/\/www.synchronsprecher.de\/synchronsprecher.html?Search1=Deutsch%20(D)&amp;Search2=Alle...#Sprecher\">Oder eine von unseren \u00fcber 2.500 Premium Stimmen aus unserer Sprecherkartei?<\/a><\/p>\n<\/div>\n<p>&nbsp;<\/p>\n<div style=\"height: 24px;\"><\/div>\n<p><img decoding=\"async\" class=\"alignnone wp-image-16801 size-full\" src=\"https:\/\/www.synchronsprecher.de\/blog\/wp-content\/uploads\/2026\/02\/CDS2.jpeg\" alt=\"\" width=\"1920\" height=\"250\" data-wp-pid=\"16801\" srcset=\"https:\/\/www.synchronsprecher.de\/blog\/wp-content\/uploads\/2026\/02\/CDS2-200x26.jpeg 200w, https:\/\/www.synchronsprecher.de\/blog\/wp-content\/uploads\/2026\/02\/CDS2-300x39.jpeg 300w, https:\/\/www.synchronsprecher.de\/blog\/wp-content\/uploads\/2026\/02\/CDS2-400x52.jpeg 400w, https:\/\/www.synchronsprecher.de\/blog\/wp-content\/uploads\/2026\/02\/CDS2-600x78.jpeg 600w, https:\/\/www.synchronsprecher.de\/blog\/wp-content\/uploads\/2026\/02\/CDS2-768x100.jpeg 768w, https:\/\/www.synchronsprecher.de\/blog\/wp-content\/uploads\/2026\/02\/CDS2-800x104.jpeg 800w, https:\/\/www.synchronsprecher.de\/blog\/wp-content\/uploads\/2026\/02\/CDS2-1024x133.jpeg 1024w, https:\/\/www.synchronsprecher.de\/blog\/wp-content\/uploads\/2026\/02\/CDS2-1200x156.jpeg 1200w, https:\/\/www.synchronsprecher.de\/blog\/wp-content\/uploads\/2026\/02\/CDS2-1536x200.jpeg 1536w, https:\/\/www.synchronsprecher.de\/blog\/wp-content\/uploads\/2026\/02\/CDS2.jpeg 1920w\" sizes=\"(max-width: 1920px) 100vw, 1920px\" \/><\/p>\n<div style=\"height: 24px;\"><\/div>\n<div style=\"background-color: whitesmoke; padding-left: 40px;\" data-darkreader-inline-bgcolor=\"\">\n<div style=\"height: 12px;\"><\/div>\n<p data-start=\"382\" data-end=\"668\">In unserer exklusiven Datenbank finden Sie <strong data-start=\"425\" data-end=\"506\">\u00fcber <span style=\"color: #008000; --darkreader-inline-color: var(--darkreader-text-339966, #75d1a3);\" data-darkreader-inline-color=\"\">2.500 professionelle Sprecherinnen<\/span> <span style=\"color: #008000;\">und Sprecher<\/span> in mehr als 100 Sprachen<\/strong>. Jede Stimme wurde sorgf\u00e4ltig ausgew\u00e4hlt, denn f\u00fcr uns z\u00e4hlt nicht nur die Anzahl, sondern vor allem die <strong data-start=\"612\" data-end=\"667\">Qualit\u00e4t der Stimmen und die Erfahrung der Sprecher<\/strong>.<\/p>\n<p data-start=\"670\" data-end=\"714\"><span style=\"text-decoration: underline;\">Unsere Sprecherkartei umfasst unter anderem<\/span>:<\/p>\n<p data-start=\"716\" data-end=\"865\">\ud83d\udfe2 <span style=\"color: #008000; --darkreader-inline-color: var(--darkreader-text-008000, #72ff72);\" data-darkreader-inline-color=\"\"><a style=\"color: #008000; --darkreader-inline-color: var(--darkreader-text-008000, #72ff72);\" href=\"https:\/\/www.synchronsprecher.de\/werbesprecher.html\" data-darkreader-inline-color=\"\"><strong data-start=\"719\" data-end=\"736\">Werbesprecher<\/strong><\/a><\/span><br data-start=\"736\" data-end=\"739\" \/>\ud83d\udfe2 <span style=\"color: #008000; --darkreader-inline-color: var(--darkreader-text-008000, #72ff72);\" data-darkreader-inline-color=\"\"><a style=\"color: #008000; --darkreader-inline-color: var(--darkreader-text-008000, #72ff72);\" href=\"https:\/\/www.synchronsprecher.de\/top100sprecher.html\" data-darkreader-inline-color=\"\"><strong data-start=\"742\" data-end=\"762\">Synchronsprecher<\/strong><\/a><\/span><br data-start=\"762\" data-end=\"765\" \/>\ud83d\udfe2 <span style=\"color: #008000;\" data-darkreader-inline-color=\"\"><a style=\"color: #008000;\" href=\"https:\/\/www.synchronsprecher.de\/leistungen\/voice-over-sprecher.html\" data-darkreader-inline-color=\"\"><strong data-start=\"768\" data-end=\"791\">Voice Over Sprecher<\/strong><\/a><\/span><br data-start=\"791\" data-end=\"794\" \/>\ud83d\udfe2 <span style=\"color: #008000; --darkreader-inline-color: var(--darkreader-text-008000, #72ff72);\" data-darkreader-inline-color=\"\"><a style=\"color: #008000; --darkreader-inline-color: var(--darkreader-text-008000, #72ff72);\" href=\"https:\/\/www.synchronsprecher.de\/leistungen\/off-sprecher-buchen.html\" data-darkreader-inline-color=\"\"><strong data-start=\"742\" data-end=\"762\">OFF-Sprecher<\/strong><\/a><\/span><br data-start=\"762\" data-end=\"765\" \/>\ud83d\udfe2<span style=\"color: #008000; --darkreader-inline-color: var(--darkreader-text-008000, #72ff72);\" data-darkreader-inline-color=\"\"> <a style=\"color: #008000; --darkreader-inline-color: var(--darkreader-text-008000, #72ff72);\" href=\"https:\/\/www.synchronsprecher.de\/blog\/moderne-junge-authentische-sprecher-stimme-gen-z\/\" data-darkreader-inline-color=\"\"><strong data-start=\"742\" data-end=\"762\">Generation Z Stimmen<\/strong><\/a><\/span><br data-start=\"762\" data-end=\"765\" \/>\ud83d\udfe2 <span style=\"color: #008000; --darkreader-inline-color: var(--darkreader-text-008000, #72ff72);\" data-darkreader-inline-color=\"\"><a style=\"color: #008000; --darkreader-inline-color: var(--darkreader-text-008000, #72ff72);\" href=\"https:\/\/www.synchronsprecher.de\/Sprachen\/index.html\" data-darkreader-inline-color=\"\"><strong data-start=\"797\" data-end=\"815\">Native Speaker<\/strong><\/a><\/span><br data-start=\"815\" data-end=\"818\" data-is-only-node=\"\" \/>\ud83d\udfe2 <strong data-start=\"821\" data-end=\"865\">und viele weitere professionelle Stimmen<\/strong><\/p>\n<\/div>\n<p>&nbsp;<\/p>\n<div style=\"background-color: whitesmoke; padding-left: 40px;\" data-darkreader-inline-bgcolor=\"\">\n<div style=\"height: 12px;\"><\/div>\n<p style=\"text-align: center;\"><span style=\"font-size: 20px; color: #c7a488;\">\ud83d\udde3\ufe0f H\u00f6ren Sie eine kleine Auswahl deutscher Premium Sprecher &amp; Sprecherinnen<\/span><\/p>\n<table style=\"border-collapse: collapse; width: 100%;\">\n<tbody>\n<tr>\n<td style=\"width: 50%; text-align: center;\">Weibliche Sprecherinnen<\/p>\n<p><audio class=\"wp-audio-shortcode\" id=\"audio-15869-2\" preload=\"none\" style=\"width: 100%;\" controls=\"controls\"><source type=\"audio\/mpeg\" src=\"https:\/\/www.synchronsprecher.de\/blog\/wp-content\/uploads\/2026\/03\/DE-Sprecherin-fuer-Imagefilm.m4a?_=2\" \/><a href=\"https:\/\/www.synchronsprecher.de\/blog\/wp-content\/uploads\/2026\/03\/DE-Sprecherin-fuer-Imagefilm.m4a\">https:\/\/www.synchronsprecher.de\/blog\/wp-content\/uploads\/2026\/03\/DE-Sprecherin-fuer-Imagefilm.m4a<\/a><\/audio><\/td>\n<td style=\"width: 50%; text-align: center;\">M\u00e4nnliche Sprecher<\/p>\n<p><audio class=\"wp-audio-shortcode\" id=\"audio-15869-3\" preload=\"none\" style=\"width: 100%;\" controls=\"controls\"><source type=\"audio\/mpeg\" src=\"https:\/\/www.synchronsprecher.de\/blog\/wp-content\/uploads\/2026\/03\/DE-Sprecher-fuer-Imagefilm.m4a?_=3\" \/><a href=\"https:\/\/www.synchronsprecher.de\/blog\/wp-content\/uploads\/2026\/03\/DE-Sprecher-fuer-Imagefilm.m4a\">https:\/\/www.synchronsprecher.de\/blog\/wp-content\/uploads\/2026\/03\/DE-Sprecher-fuer-Imagefilm.m4a<\/a><\/audio><\/td>\n<\/tr>\n<\/tbody>\n<\/table>\n<\/div>\n<p>&nbsp;<\/p>\n<div style=\"background-color: whitesmoke; padding-left: 40px;\" data-darkreader-inline-bgcolor=\"\">\n<div style=\"height: 12px;\"><\/div>\n<p data-start=\"867\" data-end=\"1012\">Egal ob <strong data-start=\"875\" data-end=\"943\">Werbung, Imagefilm, Erkl\u00e4rvideo, Dokumentation oder Pr\u00e4sentation<\/strong> \u2013 bei uns finden Sie garantiert die passende Stimme f\u00fcr Ihr Projekt.<\/p>\n<p data-start=\"1014\" data-end=\"1200\">Alle Sprecher sind <strong data-start=\"1033\" data-end=\"1087\">kurzfristig buchbar \u2013 oft innerhalb von 24 Stunden<\/strong> \u23f0.<br \/>\nAuf Wunsch begleiten wir Ihre Aufnahme auch <strong data-start=\"1135\" data-end=\"1153\">mit Live-Regie<\/strong>, damit Ton, Timing und Emotion perfekt passen.<\/p>\n<p data-start=\"1202\" data-end=\"1289\" data-is-last-node=\"\" data-is-only-node=\"\"><strong data-start=\"1202\" data-end=\"1285\"><a href=\"https:\/\/www.synchronsprecher.de\/\">Synchronsprecher.de<\/a> \u2013 Ihre exklusive Sprecherkartei f\u00fcr professionelle Stimmen.<\/strong> \ud83c\udf99\ufe0f<\/p>\n<\/div>\n<p>&nbsp;<\/p>\n<p data-start=\"1240\" data-end=\"1366\" data-is-last-node=\"\" data-is-only-node=\"\">\ud83d\udfe2 Dr\u00fccken Sie einfach auf den roten Knopf und finden Sie Ihre Stimme!<\/p>\n<p><a href=\"https:\/\/www.synchronsprecher.de\/werbesprecher.html\"><img decoding=\"async\" class=\"aligncenter\" src=\"https:\/\/www.synchronsprecher.de\/blog\/wp-content\/uploads\/2026\/01\/7760269D-253A-48E9-91C9-31D3F37AD3E7.png\" alt=\"\" width=\"364\" height=\"364\" \/><\/a><\/p>\n<p><span style=\"font-size: 20px;\"><strong>FAQ Sprecherkartei<\/strong><\/span><\/p>\n<p><strong>Was ist eine Sprecherkartei?<\/strong><br \/>\nEine Sprecherkartei ist eine Sammlung professioneller Sprecher mit H\u00f6rproben, aus der Sie gezielt die passende Stimme ausw\u00e4hlen k\u00f6nnen.<\/p>\n<p><strong>Wie finde ich den passenden Sprecher?<\/strong><br \/>\nDurch H\u00f6rproben und Auswahl nach Stimme, Stil und Einsatzgebiet finden Sie schnell den richtigen Sprecher f\u00fcr Ihr Projekt.<\/p>\n<p><strong>F\u00fcr welche Projekte eignet sich eine Sprecherkartei?<\/strong><br \/>\nSprecherkarteien werden f\u00fcr Werbung, Imagefilme, E-Learning, Synchronisation und viele weitere Audio-Produktionen genutzt.<\/p>\n<p><strong>Wie schnell kann ich einen Sprecher buchen?<\/strong><br \/>\nIn der Regel sehr schnell \u2013 oft innerhalb kurzer Zeit, je nach Projektanforderung und Verf\u00fcgbarkeit.<\/p>\n<p><strong>Was kostet ein Sprecher?<\/strong><br \/>\nDie Kosten h\u00e4ngen vom Einsatzbereich, der Nutzung und der Erfahrung des Sprechers ab und werden individuell kalkuliert.<\/p>\n<p>&nbsp;<\/p>\n<p><a href=\"https:\/\/www.synchronsprecher.de\" target=\"_blank\" rel=\"noopener\"><img decoding=\"async\" class=\"aligncenter wp-image-7755 size-medium\" src=\"https:\/\/www.synchronsprecher.de\/blog\/wp-content\/uploads\/2023\/09\/logo_14-19-300x58.png\" alt=\"\" width=\"300\" height=\"58\" data-wp-pid=\"7755\" srcset=\"https:\/\/www.synchronsprecher.de\/blog\/wp-content\/uploads\/2023\/09\/logo_14-19-200x38.png 200w, https:\/\/www.synchronsprecher.de\/blog\/wp-content\/uploads\/2023\/09\/logo_14-19-300x58.png 300w, https:\/\/www.synchronsprecher.de\/blog\/wp-content\/uploads\/2023\/09\/logo_14-19-400x77.png 400w, https:\/\/www.synchronsprecher.de\/blog\/wp-content\/uploads\/2023\/09\/logo_14-19-600x115.png 600w, https:\/\/www.synchronsprecher.de\/blog\/wp-content\/uploads\/2023\/09\/logo_14-19-768x148.png 768w, https:\/\/www.synchronsprecher.de\/blog\/wp-content\/uploads\/2023\/09\/logo_14-19-800x154.png 800w, https:\/\/www.synchronsprecher.de\/blog\/wp-content\/uploads\/2023\/09\/logo_14-19.png 884w\" sizes=\"(max-width: 300px) 100vw, 300px\" \/><\/a><\/p>\n<h1 style=\"text-align: center;\"><span style=\"font-size: 14px;\"><span style=\"color: #c7a488;\" data-darkreader-inline-color=\"\">\u00a0<span style=\"--darkreader-inline-color: var(--darkreader-text-008000, #72ff72);\"><a style=\"color: #c7a488; --darkreader-inline-color: var(--darkreader-text-008000, #72ff72);\" href=\"https:\/\/www.synchronsprecher.de\/blog\/tonstudio-fuer-werbung\/\" data-darkreader-inline-color=\"\">TONSTUDIO F\u00dcR WERBUNG<\/a><\/span><\/span> I KONTAKT I BOOKING I <span style=\"color: #008000;\" data-darkreader-inline-color=\"\"><a style=\"color: #008000;\" href=\"https:\/\/www.synchronsprecher.de\/sprecheragentur.html\" data-darkreader-inline-color=\"\"><span style=\"color: #c7a488;\" data-darkreader-inline-color=\"\">SPRECHERAGENTUR<\/span><\/a><\/span> I MANAGEMENT I SPRACHPROBEN I TONSTUDIO I <span style=\"color: #c7a488; --darkreader-inline-color: var(--darkreader-text-008000, #72ff72);\" data-darkreader-inline-color=\"\"><a style=\"color: #c7a488; --darkreader-inline-color: var(--darkreader-text-008000, #72ff72);\" href=\"https:\/\/www.synchronsprecher.de\/werbesprecher.html\" data-darkreader-inline-color=\"\">PROFISPRECHER<\/a> <\/span>I STUDIO I <span style=\"color: #c7a488; --darkreader-inline-color: var(--darkreader-text-008000, #72ff72);\" data-darkreader-inline-color=\"\"><a style=\"color: #c7a488; --darkreader-inline-color: var(--darkreader-text-008000, #72ff72);\" href=\"https:\/\/www.synchronsprecher.de\/blog\/audio-agentur\/\" data-darkreader-inline-color=\"\">AUDIO AGENTUR<\/a><\/span><\/span><\/h1>\n<h1 style=\"text-align: center;\"><span style=\"font-size: 14px;\">\u00a0<\/span><\/h1>\n<table style=\"border-collapse: collapse; width: 100%;\">\n<tbody>\n<tr>\n<td style=\"width: 25%; text-align: center;\">Bruce Willis Stime<\/p>\n<p><div id=\"kgvid_kgvid_0_wrapper\" class=\"kgvid_wrapper kgvid_wrapper_auto_left kgvid_wrapper_auto_right\">\n\t\t\t<div id=\"video_kgvid_0_div\" class=\"fitvidsignore kgvid_videodiv\" data-id=\"kgvid_0\" data-kgvid_video_vars=\"{&quot;id&quot;:&quot;kgvid_0&quot;,&quot;attachment_id&quot;:&quot;16234&quot;,&quot;player_type&quot;:&quot;Video.js v8&quot;,&quot;width&quot;:&quot;1920&quot;,&quot;height&quot;:1080,&quot;fullwidth&quot;:&quot;false&quot;,&quot;fixed_aspect&quot;:&quot;true&quot;,&quot;countable&quot;:true,&quot;count_views&quot;:&quot;start_complete&quot;,&quot;start&quot;:&quot;&quot;,&quot;autoplay&quot;:&quot;false&quot;,&quot;pauseothervideos&quot;:&quot;true&quot;,&quot;set_volume&quot;:&quot;0.9&quot;,&quot;muted&quot;:&quot;false&quot;,&quot;meta&quot;:true,&quot;endofvideooverlay&quot;:&quot;&quot;,&quot;resize&quot;:&quot;true&quot;,&quot;auto_res&quot;:&quot;automatisch&quot;,&quot;pixel_ratio&quot;:&quot;true&quot;,&quot;right_click&quot;:&quot;on&quot;,&quot;playback_rate&quot;:&quot;false&quot;,&quot;title&quot;:&quot;Manfred Lehmann&quot;,&quot;skip_buttons&quot;:[],&quot;nativecontrolsfortouch&quot;:&quot;false&quot;,&quot;locale&quot;:&quot;de&quot;,&quot;enable_resolutions_plugin&quot;:false}\" itemprop=\"video\" itemscope itemtype=\"https:\/\/schema.org\/VideoObject\"><meta itemprop=\"thumbnailUrl\" content=\"https:\/\/www.synchronsprecher.de\/blog\/wp-content\/uploads\/2026\/03\/Manfred-Lehmann_thumb1.jpg\"><meta itemprop=\"embedUrl\" content=\"https:\/\/www.synchronsprecher.de\/blog\/?attachment_id=16234&#038;videopack%5Benable%5D=true\"><meta itemprop=\"contentUrl\" content=\"https:\/\/www.synchronsprecher.de\/blog\/wp-content\/uploads\/2026\/02\/Manfred-Lehmann.mov\"><meta itemprop=\"name\" content=\"Manfred Lehmann\"><meta itemprop=\"description\" content=\"Video\"><meta itemprop=\"uploadDate\" content=\"2026-03-17T08:12:39+01:00\">\n\t\t\t\t<video id=\"video_kgvid_0\" playsinline controls preload=\"metadata\" poster=\"https:\/\/www.synchronsprecher.de\/blog\/wp-content\/uploads\/2026\/03\/Manfred-Lehmann_thumb1.jpg\" width=\"1920\" height=\"1080\" class=\"fitvidsignore video-js kg-video-js-skin\">\n\t\t\t\t\t<source src=\"https:\/\/www.synchronsprecher.de\/blog\/wp-content\/uploads\/2026\/02\/Manfred-Lehmann.mov?id=0\" type=\"video\/mp4\" data-res=\"1920p\">\n\t\t\t\t<\/video>\n\t\t\t<\/div>\n\t\t\t<div style=\"display:none\" id=\"video_kgvid_0_meta\" class=\"kgvid_video_meta kgvid_video_meta_hover \">\n\t\t\t\t<span class='kgvid_meta_icons'><\/span>\n\t\t\t\t<span id='video_kgvid_0_title' class='kgvid_title'>Manfred Lehmann<\/span>\n<\/div>\n\t\t<\/div><\/td>\n<td style=\"width: 25%; text-align: center;\">Julia Roberts Stimme<\/p>\n<p><div id=\"kgvid_kgvid_1_wrapper\" class=\"kgvid_wrapper kgvid_wrapper_auto_left kgvid_wrapper_auto_right\">\n\t\t\t<div id=\"video_kgvid_1_div\" class=\"fitvidsignore kgvid_videodiv\" data-id=\"kgvid_1\" data-kgvid_video_vars=\"{&quot;id&quot;:&quot;kgvid_1&quot;,&quot;attachment_id&quot;:&quot;16235&quot;,&quot;player_type&quot;:&quot;Video.js v8&quot;,&quot;width&quot;:&quot;1920&quot;,&quot;height&quot;:1080,&quot;fullwidth&quot;:&quot;false&quot;,&quot;fixed_aspect&quot;:&quot;true&quot;,&quot;countable&quot;:true,&quot;count_views&quot;:&quot;start_complete&quot;,&quot;start&quot;:&quot;&quot;,&quot;autoplay&quot;:&quot;false&quot;,&quot;pauseothervideos&quot;:&quot;true&quot;,&quot;set_volume&quot;:&quot;0.9&quot;,&quot;muted&quot;:&quot;false&quot;,&quot;meta&quot;:true,&quot;endofvideooverlay&quot;:&quot;&quot;,&quot;resize&quot;:&quot;true&quot;,&quot;auto_res&quot;:&quot;automatisch&quot;,&quot;pixel_ratio&quot;:&quot;true&quot;,&quot;right_click&quot;:&quot;on&quot;,&quot;playback_rate&quot;:&quot;false&quot;,&quot;title&quot;:&quot;Daniela Hoffmann&quot;,&quot;skip_buttons&quot;:[],&quot;nativecontrolsfortouch&quot;:&quot;false&quot;,&quot;locale&quot;:&quot;de&quot;,&quot;enable_resolutions_plugin&quot;:false}\" itemprop=\"video\" itemscope itemtype=\"https:\/\/schema.org\/VideoObject\"><meta itemprop=\"thumbnailUrl\" content=\"https:\/\/www.synchronsprecher.de\/blog\/wp-content\/uploads\/2026\/03\/Daniela-Hoffmann_thumb1.jpg\"><meta itemprop=\"embedUrl\" content=\"https:\/\/www.synchronsprecher.de\/blog\/?attachment_id=16235&#038;videopack%5Benable%5D=true\"><meta itemprop=\"contentUrl\" content=\"https:\/\/www.synchronsprecher.de\/blog\/wp-content\/uploads\/2026\/02\/Daniela-Hoffmann.mov\"><meta itemprop=\"name\" content=\"Daniela Hoffmann\"><meta itemprop=\"description\" content=\"Video\"><meta itemprop=\"uploadDate\" content=\"2026-03-17T08:14:25+01:00\">\n\t\t\t\t<video id=\"video_kgvid_1\" playsinline controls preload=\"metadata\" poster=\"https:\/\/www.synchronsprecher.de\/blog\/wp-content\/uploads\/2026\/03\/Daniela-Hoffmann_thumb1.jpg\" width=\"1920\" height=\"1080\" class=\"fitvidsignore video-js kg-video-js-skin\">\n\t\t\t\t\t<source src=\"https:\/\/www.synchronsprecher.de\/blog\/wp-content\/uploads\/2026\/02\/Daniela-Hoffmann.mov?id=1\" type=\"video\/mp4\" data-res=\"1920p\">\n\t\t\t\t<\/video>\n\t\t\t<\/div>\n\t\t\t<div style=\"display:none\" id=\"video_kgvid_1_meta\" class=\"kgvid_video_meta kgvid_video_meta_hover \">\n\t\t\t\t<span class='kgvid_meta_icons'><\/span>\n\t\t\t\t<span id='video_kgvid_1_title' class='kgvid_title'>Daniela Hoffmann<\/span>\n<\/div>\n\t\t<\/div><\/td>\n<td style=\"width: 25%; text-align: center;\">Samuel L Jackson Stimme<\/p>\n<p><div id=\"kgvid_kgvid_2_wrapper\" class=\"kgvid_wrapper kgvid_wrapper_auto_left kgvid_wrapper_auto_right\">\n\t\t\t<div id=\"video_kgvid_2_div\" class=\"fitvidsignore kgvid_videodiv\" data-id=\"kgvid_2\" data-kgvid_video_vars=\"{&quot;id&quot;:&quot;kgvid_2&quot;,&quot;attachment_id&quot;:&quot;16239&quot;,&quot;player_type&quot;:&quot;Video.js v8&quot;,&quot;width&quot;:&quot;1920&quot;,&quot;height&quot;:1080,&quot;fullwidth&quot;:&quot;false&quot;,&quot;fixed_aspect&quot;:&quot;true&quot;,&quot;countable&quot;:true,&quot;count_views&quot;:&quot;start_complete&quot;,&quot;start&quot;:&quot;&quot;,&quot;autoplay&quot;:&quot;false&quot;,&quot;pauseothervideos&quot;:&quot;true&quot;,&quot;set_volume&quot;:&quot;0.9&quot;,&quot;muted&quot;:&quot;false&quot;,&quot;meta&quot;:true,&quot;endofvideooverlay&quot;:&quot;&quot;,&quot;resize&quot;:&quot;true&quot;,&quot;auto_res&quot;:&quot;automatisch&quot;,&quot;pixel_ratio&quot;:&quot;true&quot;,&quot;right_click&quot;:&quot;on&quot;,&quot;playback_rate&quot;:&quot;false&quot;,&quot;title&quot;:&quot;Engelbert von Nordhausen&quot;,&quot;skip_buttons&quot;:[],&quot;nativecontrolsfortouch&quot;:&quot;false&quot;,&quot;locale&quot;:&quot;de&quot;,&quot;enable_resolutions_plugin&quot;:false}\" itemprop=\"video\" itemscope itemtype=\"https:\/\/schema.org\/VideoObject\"><meta itemprop=\"thumbnailUrl\" content=\"https:\/\/www.synchronsprecher.de\/blog\/wp-content\/uploads\/2026\/03\/Engelbert-von-Nordhausen_thumb1.jpg\"><meta itemprop=\"embedUrl\" content=\"https:\/\/www.synchronsprecher.de\/blog\/?attachment_id=16239&#038;videopack%5Benable%5D=true\"><meta itemprop=\"contentUrl\" content=\"https:\/\/www.synchronsprecher.de\/blog\/wp-content\/uploads\/2026\/02\/Engelbert-von-Nordhausen.mov\"><meta itemprop=\"name\" content=\"Engelbert von Nordhausen\"><meta itemprop=\"description\" content=\"Video\"><meta itemprop=\"uploadDate\" content=\"2026-03-17T08:19:12+01:00\">\n\t\t\t\t<video id=\"video_kgvid_2\" playsinline controls preload=\"metadata\" poster=\"https:\/\/www.synchronsprecher.de\/blog\/wp-content\/uploads\/2026\/03\/Engelbert-von-Nordhausen_thumb1.jpg\" width=\"1920\" height=\"1080\" class=\"fitvidsignore video-js kg-video-js-skin\">\n\t\t\t\t\t<source src=\"https:\/\/www.synchronsprecher.de\/blog\/wp-content\/uploads\/2026\/02\/Engelbert-von-Nordhausen.mov?id=2\" type=\"video\/mp4\" data-res=\"1920p\">\n\t\t\t\t<\/video>\n\t\t\t<\/div>\n\t\t\t<div style=\"display:none\" id=\"video_kgvid_2_meta\" class=\"kgvid_video_meta kgvid_video_meta_hover \">\n\t\t\t\t<span class='kgvid_meta_icons'><\/span>\n\t\t\t\t<span id='video_kgvid_2_title' class='kgvid_title'>Engelbert von Nordhausen<\/span>\n<\/div>\n\t\t<\/div><\/td>\n<td style=\"width: 25%; text-align: center;\">Angelina Jolie Stimme<\/p>\n<p><div id=\"kgvid_kgvid_3_wrapper\" class=\"kgvid_wrapper kgvid_wrapper_auto_left kgvid_wrapper_auto_right\">\n\t\t\t<div id=\"video_kgvid_3_div\" class=\"fitvidsignore kgvid_videodiv\" data-id=\"kgvid_3\" data-kgvid_video_vars=\"{&quot;id&quot;:&quot;kgvid_3&quot;,&quot;attachment_id&quot;:&quot;16241&quot;,&quot;player_type&quot;:&quot;Video.js v8&quot;,&quot;width&quot;:&quot;1920&quot;,&quot;height&quot;:1080,&quot;fullwidth&quot;:&quot;false&quot;,&quot;fixed_aspect&quot;:&quot;true&quot;,&quot;countable&quot;:true,&quot;count_views&quot;:&quot;start_complete&quot;,&quot;start&quot;:&quot;&quot;,&quot;autoplay&quot;:&quot;false&quot;,&quot;pauseothervideos&quot;:&quot;true&quot;,&quot;set_volume&quot;:&quot;0.9&quot;,&quot;muted&quot;:&quot;false&quot;,&quot;meta&quot;:true,&quot;endofvideooverlay&quot;:&quot;&quot;,&quot;resize&quot;:&quot;true&quot;,&quot;auto_res&quot;:&quot;automatisch&quot;,&quot;pixel_ratio&quot;:&quot;true&quot;,&quot;right_click&quot;:&quot;on&quot;,&quot;playback_rate&quot;:&quot;false&quot;,&quot;title&quot;:&quot;Claudia Urbschat-Mingues&quot;,&quot;skip_buttons&quot;:[],&quot;nativecontrolsfortouch&quot;:&quot;false&quot;,&quot;locale&quot;:&quot;de&quot;,&quot;enable_resolutions_plugin&quot;:false}\" itemprop=\"video\" itemscope itemtype=\"https:\/\/schema.org\/VideoObject\"><meta itemprop=\"thumbnailUrl\" content=\"https:\/\/www.synchronsprecher.de\/blog\/wp-content\/uploads\/2026\/03\/Claudia-Urbschat-Mingues_thumb1.jpg\"><meta itemprop=\"embedUrl\" content=\"https:\/\/www.synchronsprecher.de\/blog\/?attachment_id=16241&#038;videopack%5Benable%5D=true\"><meta itemprop=\"contentUrl\" content=\"https:\/\/www.synchronsprecher.de\/blog\/wp-content\/uploads\/2026\/02\/Claudia-Urbschat-Mingues.mov\"><meta itemprop=\"name\" content=\"Claudia Urbschat-Mingues\"><meta itemprop=\"description\" content=\"Video\"><meta itemprop=\"uploadDate\" content=\"2026-03-17T08:20:52+01:00\">\n\t\t\t\t<video id=\"video_kgvid_3\" playsinline controls preload=\"metadata\" poster=\"https:\/\/www.synchronsprecher.de\/blog\/wp-content\/uploads\/2026\/03\/Claudia-Urbschat-Mingues_thumb1.jpg\" width=\"1920\" height=\"1080\" class=\"fitvidsignore video-js kg-video-js-skin\">\n\t\t\t\t\t<source src=\"https:\/\/www.synchronsprecher.de\/blog\/wp-content\/uploads\/2026\/02\/Claudia-Urbschat-Mingues.mov?id=3\" type=\"video\/mp4\" data-res=\"1920p\">\n\t\t\t\t<\/video>\n\t\t\t<\/div>\n\t\t\t<div style=\"display:none\" id=\"video_kgvid_3_meta\" class=\"kgvid_video_meta kgvid_video_meta_hover \">\n\t\t\t\t<span class='kgvid_meta_icons'><\/span>\n\t\t\t\t<span id='video_kgvid_3_title' class='kgvid_title'>Claudia Urbschat-Mingues<\/span>\n<\/div>\n\t\t<\/div><\/td>\n<\/tr>\n<\/tbody>\n<\/table>\n","protected":false},"excerpt":{"rendered":"<p>STIMMEN MIT KLASSE Sie suchen eine professionelle Sprecherkartei? Hier finden Sie erfahrene Sprecher f\u00fcr Werbung, Imagefilm, Synchron und Voice Over \u2013 schnell und passend zu Ihrem Projekt? Willkommen bei der Sprecherkartei von Synchronsprecher.de. Wenn Sie auf der Suche nach einer au\u00dfergew\u00f6hnlichen Stimme f\u00fcr Ihr Projekt sind, sind Sie hier genau richtig. Unsere Sprecherkartei steht seit vielen Jahren f\u00fcr Qualit\u00e4t, Erfahrung und Professionalit\u00e4t. Dabei verfolgen wir ein klares Prinzip: keine Masse \u2013 nur Klasse. &nbsp; \ud83d\udc49 \u201eDr\u00fccken Sie Play &#8211; und Sie sind sofort \u00fcberzeugt\u201c &nbsp; \u00a0 &nbsp; &nbsp; &nbsp; &nbsp; &nbsp; &nbsp; &nbsp; Sprecherkartei: Stimmen [&#8230;]<\/p>\n","protected":false},"author":2,"featured_media":15870,"comment_status":"open","ping_status":"open","sticky":false,"template":"","format":"standard","meta":{"_acf_changed":false,"footnotes":""},"categories":[1],"tags":[],"class_list":["post-15869","post","type-post","status-publish","format-standard","has-post-thumbnail","hentry","category-allgemein"],"acf":[],"yoast_head":"<!-- This site is optimized with the Yoast SEO plugin v27.5 - https:\/\/yoast.com\/product\/yoast-seo-wordpress\/ -->\n<title>Sprecherkartei: Professionelle Sprecher finden &amp; buchen<\/title>\n<meta name=\"description\" content=\"Finde die perfekte Sprecherstimme in unserer Sprecherkartei. \u00dcber 2500 professionelle Sprecher f\u00fcr Werbung, Film &amp; Voice Over. Jetzt anh\u00f6ren &amp; buchen!\" \/>\n<meta name=\"robots\" content=\"index, follow, max-snippet:-1, max-image-preview:large, max-video-preview:-1\" \/>\n<link rel=\"canonical\" href=\"https:\/\/www.synchronsprecher.de\/blog\/sprecherkartei\/\" \/>\n<meta name=\"author\" content=\"Corsta Danner\" \/>\n<script type=\"application\/ld+json\" class=\"yoast-schema-graph\">{\"@context\":\"https:\\\/\\\/schema.org\",\"@graph\":[{\"@type\":\"BreadcrumbList\",\"@id\":\"https:\\\/\\\/www.synchronsprecher.de\\\/blog\\\/sprecherkartei\\\/#breadcrumb\",\"itemListElement\":[{\"@type\":\"ListItem\",\"position\":1,\"name\":\"Startseite\",\"item\":\"https:\\\/\\\/www.synchronsprecher.de\\\/blog\\\/\"},{\"@type\":\"ListItem\",\"position\":2,\"name\":\"Sprecherkartei: Professionelle Sprecher f\u00fcr Ihr Projekt finden\"}]}]}<\/script>\n<!-- \/ Yoast SEO plugin. -->","yoast_head_json":{"title":"Sprecherkartei: Professionelle Sprecher finden & buchen","description":"Finde die perfekte Sprecherstimme in unserer Sprecherkartei. \u00dcber 2500 professionelle Sprecher f\u00fcr Werbung, Film & Voice Over. Jetzt anh\u00f6ren & buchen!","robots":{"index":"index","follow":"follow","max-snippet":"max-snippet:-1","max-image-preview":"max-image-preview:large","max-video-preview":"max-video-preview:-1"},"canonical":"https:\/\/www.synchronsprecher.de\/blog\/sprecherkartei\/","author":"Corsta Danner","schema":{"@context":"https:\/\/schema.org","@graph":[{"@type":"BreadcrumbList","@id":"https:\/\/www.synchronsprecher.de\/blog\/sprecherkartei\/#breadcrumb","itemListElement":[{"@type":"ListItem","position":1,"name":"Startseite","item":"https:\/\/www.synchronsprecher.de\/blog\/"},{"@type":"ListItem","position":2,"name":"Sprecherkartei: Professionelle Sprecher f\u00fcr Ihr Projekt finden"}]}]}},"_links":{"self":[{"href":"https:\/\/www.synchronsprecher.de\/blog\/wp-json\/wp\/v2\/posts\/15869","targetHints":{"allow":["GET"]}}],"collection":[{"href":"https:\/\/www.synchronsprecher.de\/blog\/wp-json\/wp\/v2\/posts"}],"about":[{"href":"https:\/\/www.synchronsprecher.de\/blog\/wp-json\/wp\/v2\/types\/post"}],"author":[{"embeddable":true,"href":"https:\/\/www.synchronsprecher.de\/blog\/wp-json\/wp\/v2\/users\/2"}],"replies":[{"embeddable":true,"href":"https:\/\/www.synchronsprecher.de\/blog\/wp-json\/wp\/v2\/comments?post=15869"}],"version-history":[{"count":19,"href":"https:\/\/www.synchronsprecher.de\/blog\/wp-json\/wp\/v2\/posts\/15869\/revisions"}],"predecessor-version":[{"id":16238,"href":"https:\/\/www.synchronsprecher.de\/blog\/wp-json\/wp\/v2\/posts\/15869\/revisions\/16238"}],"wp:featuredmedia":[{"embeddable":true,"href":"https:\/\/www.synchronsprecher.de\/blog\/wp-json\/wp\/v2\/media\/15870"}],"wp:attachment":[{"href":"https:\/\/www.synchronsprecher.de\/blog\/wp-json\/wp\/v2\/media?parent=15869"}],"wp:term":[{"taxonomy":"category","embeddable":true,"href":"https:\/\/www.synchronsprecher.de\/blog\/wp-json\/wp\/v2\/categories?post=15869"},{"taxonomy":"post_tag","embeddable":true,"href":"https:\/\/www.synchronsprecher.de\/blog\/wp-json\/wp\/v2\/tags?post=15869"}],"curies":[{"name":"wp","href":"https:\/\/api.w.org\/{rel}","templated":true}]}}