{"id":15774,"date":"2026-02-06T15:45:26","date_gmt":"2026-02-06T14:45:26","guid":{"rendered":"https:\/\/www.synchronsprecher.de\/blog\/?p=15774"},"modified":"2026-03-19T21:57:28","modified_gmt":"2026-03-19T20:57:28","slug":"profisprecher-achim","status":"publish","type":"post","link":"https:\/\/www.synchronsprecher.de\/blog\/profisprecher-achim\/","title":{"rendered":"Profisprecher &#8211; Achim"},"content":{"rendered":"<p data-start=\"0\" data-end=\"186\"><strong data-start=\"0\" data-end=\"95\"><img decoding=\"async\" class=\"size-medium wp-image-15775 alignleft\" src=\"https:\/\/www.synchronsprecher.de\/blog\/wp-content\/uploads\/2026\/03\/Profisprecher-300x300.jpg\" alt=\"\" width=\"300\" height=\"300\" data-wp-pid=\"15775\" srcset=\"https:\/\/www.synchronsprecher.de\/blog\/wp-content\/uploads\/2026\/03\/Profisprecher-66x66.jpg 66w, https:\/\/www.synchronsprecher.de\/blog\/wp-content\/uploads\/2026\/03\/Profisprecher-150x150.jpg 150w, https:\/\/www.synchronsprecher.de\/blog\/wp-content\/uploads\/2026\/03\/Profisprecher-200x200.jpg 200w, https:\/\/www.synchronsprecher.de\/blog\/wp-content\/uploads\/2026\/03\/Profisprecher-300x300.jpg 300w, https:\/\/www.synchronsprecher.de\/blog\/wp-content\/uploads\/2026\/03\/Profisprecher-400x400.jpg 400w, https:\/\/www.synchronsprecher.de\/blog\/wp-content\/uploads\/2026\/03\/Profisprecher.jpg 512w\" sizes=\"(max-width: 300px) 100vw, 300px\" \/>WERBESPRECHER, SYNCHRONSPRECHER, SYNCHRONSTIMME, VOICE OVER, SPRECHER F\u00dcR WERBUNG&#8230;<\/strong><\/p>\n<p data-start=\"0\" data-end=\"186\">Egal wie man mich nennen mag \u2013 letzten Endes bin ich <strong data-start=\"151\" data-end=\"185\"><span style=\"color: #008000;\" data-darkreader-inline-color=\"\"><a style=\"color: #008000;\" href=\"https:\/\/www.synchronsprecher.de\/werbesprecher.html\" data-darkreader-inline-color=\"\">Profisprecher<\/a><\/span> aus Leidenschaft<\/strong>.<\/p>\n<p data-start=\"188\" data-end=\"539\">Mein Name ist <span style=\"color: #008000;\" data-darkreader-inline-color=\"\"><a style=\"color: #008000;\" href=\"https:\/\/www.synchronsprecher.de\/synchronsprecher.html?Link1=0041006300680069006D002000420061007200720065006E0073007400650069006E002F\" data-darkreader-inline-color=\"\"><strong data-start=\"202\" data-end=\"211\">Achim<\/strong><\/a><\/span>, und meine Stimme ist mein Werkzeug. Was auch immer Sie sprachlich vertont haben m\u00f6chten, kann ich mit meiner <strong data-start=\"322\" data-end=\"366\">ausgebildeten, warmen und sonoren Stimme<\/strong> professionell umsetzen. Eine gute Stimme transportiert nicht nur Worte, sondern auch Emotionen, Atmosph\u00e4re und Vertrauen \u2013 genau das ist mein Anspruch bei jeder Produktion.<\/p>\n<p data-start=\"541\" data-end=\"933\">Zu meinem Repertoire geh\u00f6ren <strong data-start=\"570\" data-end=\"702\">Sprachvertonungen f\u00fcr Imagefilme, Industriefilme, Erkl\u00e4rvideos, Radiospots, Dokumentationen, Trailer, Pr\u00e4sentationen, E-Learnings und Narrationen<\/strong>. Auch <strong data-start=\"709\" data-end=\"797\">H\u00f6rb\u00fccher, Synchron, Games, Show-Ansagen sowie Telefon- und Anrufbeantworter-Ansagen<\/strong> setze ich mit gro\u00dfer Leidenschaft und Pr\u00e4zision um. <span style=\"text-decoration: underline;\">Kurz gesagt:<\/span> Alles, was gesprochen werden kann, findet bei mir die passende Stimme.<\/p>\n<p data-start=\"935\" data-end=\"1261\">Dank moderner Studiotechnik kann ich Aufnahmen <strong data-start=\"982\" data-end=\"1038\">schnell, flexibel und in hochwertiger Studioqualit\u00e4t<\/strong> liefern. Die <strong data-start=\"1052\" data-end=\"1105\">Lieferzeit betr\u00e4gt meist innerhalb von 24 \u23f0 Stunden<\/strong>. Wenn wir etwas mehr Zeit haben, arbeite ich auf Wunsch auch sehr gerne <strong data-start=\"1178\" data-end=\"1196\">mit Live-Regie<\/strong>, damit wir gemeinsam den perfekten Klang f\u00fcr Ihr Projekt finden.<\/p>\n<p data-start=\"1263\" data-end=\"1359\">Sie k\u00f6nnen mich <strong data-start=\"1279\" data-end=\"1326\">direkt hier \u00fcber Synchronsprecher.de buchen<\/strong> \u2013 unkompliziert und zuverl\u00e4ssig.<\/p>\n<p data-start=\"1361\" data-end=\"1397\">\ud83d\udfe2<span style=\"text-decoration: underline;\">Buchung, Beratung &amp; Anfragen:<\/span><br \/>\n\u2709 <a title=\"Schreiben Sie uns!\" href=\"mailto:info@synchronsprecher.de\">info@synchronsprecher.de<\/a><br \/>\n\u260e <a title=\"Rufen Sie uns an!\" href=\"tel:+4907805493990\">+49 (0)7805 49 3 99-0.<\/a><\/p>\n<p data-start=\"1361\" data-end=\"1397\">Also, <strong data-start=\"1367\" data-end=\"1384\">wir h\u00f6ren uns<\/strong>.<br data-start=\"1385\" data-end=\"1388\" \/>Auf bald.<\/p>\n<p data-start=\"1399\" data-end=\"1416\" data-is-last-node=\"\" data-is-only-node=\"\"><strong data-start=\"1399\" data-end=\"1412\">Ihr Achim<\/strong> \ud83c\udf99\ufe0f<\/p>\n<p><span style=\"text-decoration: underline;\"><strong>Und hier gerne ein paar H\u00f6rbeispiele \/ Stimmproben &amp; Sprachproben von mir:<\/strong><\/span><\/p>\n<table style=\"border-collapse: collapse; width: 100%;\">\n<tbody>\n<tr>\n<td style=\"width: 25%; text-align: center;\">Bora &#8211; TV Spot<\/p>\n<p><audio class=\"wp-audio-shortcode\" id=\"audio-15774-1\" preload=\"none\" style=\"width: 100%;\" controls=\"controls\"><source type=\"audio\/mpeg\" src=\"https:\/\/www.synchronsprecher.de\/blog\/wp-content\/uploads\/2026\/01\/Bora-AchimTon.mp3?_=1\" \/><a href=\"https:\/\/www.synchronsprecher.de\/blog\/wp-content\/uploads\/2026\/01\/Bora-AchimTon.mp3\">https:\/\/www.synchronsprecher.de\/blog\/wp-content\/uploads\/2026\/01\/Bora-AchimTon.mp3<\/a><\/audio><\/td>\n<td style=\"width: 25%; text-align: center;\">Locoria &#8211; Funkspot<\/p>\n<p><audio class=\"wp-audio-shortcode\" id=\"audio-15774-2\" preload=\"none\" style=\"width: 100%;\" controls=\"controls\"><source type=\"audio\/mpeg\" src=\"https:\/\/www.synchronsprecher.de\/blog\/wp-content\/uploads\/2026\/01\/Locoria-Trete-ein-45s.mp3?_=2\" \/><a href=\"https:\/\/www.synchronsprecher.de\/blog\/wp-content\/uploads\/2026\/01\/Locoria-Trete-ein-45s.mp3\">https:\/\/www.synchronsprecher.de\/blog\/wp-content\/uploads\/2026\/01\/Locoria-Trete-ein-45s.mp3<\/a><\/audio><\/td>\n<td style=\"width: 25%; text-align: center;\">ABS &#8211; Radispot<\/p>\n<p><audio class=\"wp-audio-shortcode\" id=\"audio-15774-3\" preload=\"none\" style=\"width: 100%;\" controls=\"controls\"><source type=\"audio\/mpeg\" src=\"https:\/\/www.synchronsprecher.de\/blog\/wp-content\/uploads\/2026\/01\/Achim-ABS-Image-10s.mp3?_=3\" \/><a href=\"https:\/\/www.synchronsprecher.de\/blog\/wp-content\/uploads\/2026\/01\/Achim-ABS-Image-10s.mp3\">https:\/\/www.synchronsprecher.de\/blog\/wp-content\/uploads\/2026\/01\/Achim-ABS-Image-10s.mp3<\/a><\/audio><\/td>\n<td style=\"width: 25%; text-align: center;\">Rittermal &#8211; Funkwerbung<\/p>\n<p><audio class=\"wp-audio-shortcode\" id=\"audio-15774-4\" preload=\"none\" style=\"width: 100%;\" controls=\"controls\"><source type=\"audio\/mpeg\" src=\"https:\/\/www.synchronsprecher.de\/blog\/wp-content\/uploads\/2026\/01\/Rittermahle-Spot-20s-Musik-1.mp3?_=4\" \/><a href=\"https:\/\/www.synchronsprecher.de\/blog\/wp-content\/uploads\/2026\/01\/Rittermahle-Spot-20s-Musik-1.mp3\">https:\/\/www.synchronsprecher.de\/blog\/wp-content\/uploads\/2026\/01\/Rittermahle-Spot-20s-Musik-1.mp3<\/a><\/audio><\/td>\n<\/tr>\n<tr>\n<td style=\"width: 25%; text-align: center;\">Europa-Park &#8211; Radio<\/p>\n<p><audio class=\"wp-audio-shortcode\" id=\"audio-15774-5\" preload=\"none\" style=\"width: 100%;\" controls=\"controls\"><source type=\"audio\/mpeg\" src=\"https:\/\/www.synchronsprecher.de\/blog\/wp-content\/uploads\/2026\/01\/Europa-Park-Traumatica-EP-Radio-Version-2-76-Sek.mp3?_=5\" \/><a href=\"https:\/\/www.synchronsprecher.de\/blog\/wp-content\/uploads\/2026\/01\/Europa-Park-Traumatica-EP-Radio-Version-2-76-Sek.mp3\">https:\/\/www.synchronsprecher.de\/blog\/wp-content\/uploads\/2026\/01\/Europa-Park-Traumatica-EP-Radio-Version-2-76-Sek.mp3<\/a><\/audio><\/td>\n<td style=\"width: 25%; text-align: center;\">Dokumentation &#8211; Baikalsee<\/p>\n<p><audio class=\"wp-audio-shortcode\" id=\"audio-15774-6\" preload=\"none\" style=\"width: 100%;\" controls=\"controls\"><source type=\"audio\/mpeg\" src=\"https:\/\/www.synchronsprecher.de\/blog\/wp-content\/uploads\/2026\/01\/Achim-Doku-Baikalsee.mp3?_=6\" \/><a href=\"https:\/\/www.synchronsprecher.de\/blog\/wp-content\/uploads\/2026\/01\/Achim-Doku-Baikalsee.mp3\">https:\/\/www.synchronsprecher.de\/blog\/wp-content\/uploads\/2026\/01\/Achim-Doku-Baikalsee.mp3<\/a><\/audio><\/td>\n<td style=\"width: 25%; text-align: center;\">Gedicht<\/p>\n<p><audio class=\"wp-audio-shortcode\" id=\"audio-15774-7\" preload=\"none\" style=\"width: 100%;\" controls=\"controls\"><source type=\"audio\/mpeg\" src=\"https:\/\/www.synchronsprecher.de\/blog\/wp-content\/uploads\/2026\/01\/Achim-Jugendliebe.mp3?_=7\" \/><a href=\"https:\/\/www.synchronsprecher.de\/blog\/wp-content\/uploads\/2026\/01\/Achim-Jugendliebe.mp3\">https:\/\/www.synchronsprecher.de\/blog\/wp-content\/uploads\/2026\/01\/Achim-Jugendliebe.mp3<\/a><\/audio><\/td>\n<td style=\"width: 25%; text-align: center;\">Erkl\u00e4rfilm \/ eLearning<\/p>\n<p><audio class=\"wp-audio-shortcode\" id=\"audio-15774-8\" preload=\"none\" style=\"width: 100%;\" controls=\"controls\"><source type=\"audio\/mpeg\" src=\"https:\/\/www.synchronsprecher.de\/blog\/wp-content\/uploads\/2026\/01\/Achim-MoviApp-Ladeliste.mp3?_=8\" \/><a href=\"https:\/\/www.synchronsprecher.de\/blog\/wp-content\/uploads\/2026\/01\/Achim-MoviApp-Ladeliste.mp3\">https:\/\/www.synchronsprecher.de\/blog\/wp-content\/uploads\/2026\/01\/Achim-MoviApp-Ladeliste.mp3<\/a><\/audio><\/td>\n<\/tr>\n<tr>\n<td style=\"width: 25%; text-align: center;\">Imagefilm<\/p>\n<p><audio class=\"wp-audio-shortcode\" id=\"audio-15774-9\" preload=\"none\" style=\"width: 100%;\" controls=\"controls\"><source type=\"audio\/mpeg\" src=\"https:\/\/www.synchronsprecher.de\/blog\/wp-content\/uploads\/2026\/01\/Achim_ID2.mp3?_=9\" \/><a href=\"https:\/\/www.synchronsprecher.de\/blog\/wp-content\/uploads\/2026\/01\/Achim_ID2.mp3\">https:\/\/www.synchronsprecher.de\/blog\/wp-content\/uploads\/2026\/01\/Achim_ID2.mp3<\/a><\/audio><\/td>\n<td style=\"width: 25%; text-align: center;\">Gespielte Rollen &#8211; Synchron<\/p>\n<p><audio class=\"wp-audio-shortcode\" id=\"audio-15774-10\" preload=\"none\" style=\"width: 100%;\" controls=\"controls\"><source type=\"audio\/mpeg\" src=\"https:\/\/www.synchronsprecher.de\/blog\/wp-content\/uploads\/2026\/01\/Achim_ID4.mp3?_=10\" \/><a href=\"https:\/\/www.synchronsprecher.de\/blog\/wp-content\/uploads\/2026\/01\/Achim_ID4.mp3\">https:\/\/www.synchronsprecher.de\/blog\/wp-content\/uploads\/2026\/01\/Achim_ID4.mp3<\/a><\/audio><\/td>\n<td style=\"width: 25%; text-align: center;\">Mischmasch<\/p>\n<p><audio class=\"wp-audio-shortcode\" id=\"audio-15774-11\" preload=\"none\" style=\"width: 100%;\" controls=\"controls\"><source type=\"audio\/mpeg\" src=\"https:\/\/www.synchronsprecher.de\/blog\/wp-content\/uploads\/2026\/01\/Achim_ID7.mp3?_=11\" \/><a href=\"https:\/\/www.synchronsprecher.de\/blog\/wp-content\/uploads\/2026\/01\/Achim_ID7.mp3\">https:\/\/www.synchronsprecher.de\/blog\/wp-content\/uploads\/2026\/01\/Achim_ID7.mp3<\/a><\/audio><\/td>\n<td style=\"width: 25%; text-align: center;\">Hofmeister &#8211; Kinowerbung<\/p>\n<p><audio class=\"wp-audio-shortcode\" id=\"audio-15774-12\" preload=\"none\" style=\"width: 100%;\" controls=\"controls\"><source type=\"audio\/mpeg\" src=\"https:\/\/www.synchronsprecher.de\/blog\/wp-content\/uploads\/2026\/01\/Hofmeister-Indian-Summer-29s-Musik-1.mp3?_=12\" \/><a href=\"https:\/\/www.synchronsprecher.de\/blog\/wp-content\/uploads\/2026\/01\/Hofmeister-Indian-Summer-29s-Musik-1.mp3\">https:\/\/www.synchronsprecher.de\/blog\/wp-content\/uploads\/2026\/01\/Hofmeister-Indian-Summer-29s-Musik-1.mp3<\/a><\/audio><\/td>\n<\/tr>\n<tr>\n<td style=\"width: 25%; text-align: center;\">Europa-Park &#8211; Silver Lake<\/p>\n<p><audio class=\"wp-audio-shortcode\" id=\"audio-15774-13\" preload=\"none\" style=\"width: 100%;\" controls=\"controls\"><source type=\"audio\/mpeg\" src=\"https:\/\/www.synchronsprecher.de\/blog\/wp-content\/uploads\/2026\/01\/Europa-Park-Silver-Lake-City-Diner-Station-30s.mp3?_=13\" \/><a href=\"https:\/\/www.synchronsprecher.de\/blog\/wp-content\/uploads\/2026\/01\/Europa-Park-Silver-Lake-City-Diner-Station-30s.mp3\">https:\/\/www.synchronsprecher.de\/blog\/wp-content\/uploads\/2026\/01\/Europa-Park-Silver-Lake-City-Diner-Station-30s.mp3<\/a><\/audio><\/td>\n<td style=\"width: 25%; text-align: center;\">H\u00f6rbuch<\/p>\n<p><audio class=\"wp-audio-shortcode\" id=\"audio-15774-14\" preload=\"none\" style=\"width: 100%;\" controls=\"controls\"><source type=\"audio\/mpeg\" src=\"https:\/\/www.synchronsprecher.de\/blog\/wp-content\/uploads\/2019\/01\/H\u00f6rbuch-Beispiel.mp3?_=14\" \/><a href=\"https:\/\/www.synchronsprecher.de\/blog\/wp-content\/uploads\/2019\/01\/H\u00f6rbuch-Beispiel.mp3\">https:\/\/www.synchronsprecher.de\/blog\/wp-content\/uploads\/2019\/01\/H\u00f6rbuch-Beispiel.mp3<\/a><\/audio><\/td>\n<td style=\"width: 25%; text-align: center;\">Show-Ansage<\/p>\n<p><audio class=\"wp-audio-shortcode\" id=\"audio-15774-15\" preload=\"none\" style=\"width: 100%;\" controls=\"controls\"><source type=\"audio\/mpeg\" src=\"https:\/\/www.synchronsprecher.de\/blog\/wp-content\/uploads\/2025\/01\/Hoeller.mp3?_=15\" \/><a href=\"https:\/\/www.synchronsprecher.de\/blog\/wp-content\/uploads\/2025\/01\/Hoeller.mp3\">https:\/\/www.synchronsprecher.de\/blog\/wp-content\/uploads\/2025\/01\/Hoeller.mp3<\/a><\/audio><\/td>\n<td style=\"width: 25%; text-align: center;\">Telefonansage<\/p>\n<p><audio class=\"wp-audio-shortcode\" id=\"audio-15774-16\" preload=\"none\" style=\"width: 100%;\" controls=\"controls\"><source type=\"audio\/mpeg\" src=\"https:\/\/www.synchronsprecher.de\/blog\/wp-content\/uploads\/2026\/01\/Achim-DE.mp3?_=16\" \/><a href=\"https:\/\/www.synchronsprecher.de\/blog\/wp-content\/uploads\/2026\/01\/Achim-DE.mp3\">https:\/\/www.synchronsprecher.de\/blog\/wp-content\/uploads\/2026\/01\/Achim-DE.mp3<\/a><\/audio><\/td>\n<\/tr>\n<tr>\n<td style=\"width: 25%; text-align: center;\">Recruiting &#8211; rockig<\/p>\n<p><audio class=\"wp-audio-shortcode\" id=\"audio-15774-17\" preload=\"none\" style=\"width: 100%;\" controls=\"controls\"><source type=\"audio\/mpeg\" src=\"https:\/\/www.synchronsprecher.de\/blog\/wp-content\/uploads\/2026\/01\/Achim-rockig.mp3?_=17\" \/><a href=\"https:\/\/www.synchronsprecher.de\/blog\/wp-content\/uploads\/2026\/01\/Achim-rockig.mp3\">https:\/\/www.synchronsprecher.de\/blog\/wp-content\/uploads\/2026\/01\/Achim-rockig.mp3<\/a><\/audio><\/td>\n<td style=\"width: 25%; text-align: center;\">\u00a0TV Format &#8211; s\u00fcffisant<\/p>\n<p><audio class=\"wp-audio-shortcode\" id=\"audio-15774-18\" preload=\"none\" style=\"width: 100%;\" controls=\"controls\"><source type=\"audio\/mpeg\" src=\"https:\/\/www.synchronsprecher.de\/blog\/wp-content\/uploads\/2026\/01\/TV-Achim-Sueffisant-.mp3?_=18\" \/><a href=\"https:\/\/www.synchronsprecher.de\/blog\/wp-content\/uploads\/2026\/01\/TV-Achim-Sueffisant-.mp3\">https:\/\/www.synchronsprecher.de\/blog\/wp-content\/uploads\/2026\/01\/TV-Achim-Sueffisant-.mp3<\/a><\/audio><\/td>\n<td style=\"width: 25%;\">\n<p style=\"text-align: center;\">Sponsoring<\/p>\n<p><audio class=\"wp-audio-shortcode\" id=\"audio-15774-19\" preload=\"none\" style=\"width: 100%;\" controls=\"controls\"><source type=\"audio\/mpeg\" src=\"https:\/\/www.synchronsprecher.de\/blog\/wp-content\/uploads\/2026\/01\/SEB-Solar-Sponsoring.mp3?_=19\" \/><a href=\"https:\/\/www.synchronsprecher.de\/blog\/wp-content\/uploads\/2026\/01\/SEB-Solar-Sponsoring.mp3\">https:\/\/www.synchronsprecher.de\/blog\/wp-content\/uploads\/2026\/01\/SEB-Solar-Sponsoring.mp3<\/a><\/audio><\/td>\n<td style=\"width: 25%;\">\n<p style=\"text-align: center;\">Lufthansa<\/p>\n<p><audio class=\"wp-audio-shortcode\" id=\"audio-15774-20\" preload=\"none\" style=\"width: 100%;\" controls=\"controls\"><source type=\"audio\/mpeg\" src=\"https:\/\/www.synchronsprecher.de\/blog\/wp-content\/uploads\/2026\/01\/Achim-Lufthansa.mp3?_=20\" \/><a href=\"https:\/\/www.synchronsprecher.de\/blog\/wp-content\/uploads\/2026\/01\/Achim-Lufthansa.mp3\">https:\/\/www.synchronsprecher.de\/blog\/wp-content\/uploads\/2026\/01\/Achim-Lufthansa.mp3<\/a><\/audio><\/td>\n<\/tr>\n<\/tbody>\n<\/table>\n<p>&nbsp;<\/p>\n<table style=\"border-collapse: collapse; width: 100%;\">\n<tbody>\n<tr>\n<td style=\"width: 25%;\">\n<p style=\"text-align: center;\">Bora TV Spot<\/p>\n<p><div id=\"kgvid_kgvid_0_wrapper\" class=\"kgvid_wrapper kgvid_wrapper_auto_left kgvid_wrapper_auto_right\">\n\t\t\t<div id=\"video_kgvid_0_div\" class=\"fitvidsignore kgvid_videodiv\" data-id=\"kgvid_0\" data-kgvid_video_vars=\"{&quot;id&quot;:&quot;kgvid_0&quot;,&quot;attachment_id&quot;:0,&quot;player_type&quot;:&quot;Video.js v8&quot;,&quot;width&quot;:&quot;1920&quot;,&quot;height&quot;:1080,&quot;fullwidth&quot;:&quot;false&quot;,&quot;fixed_aspect&quot;:&quot;true&quot;,&quot;countable&quot;:false,&quot;count_views&quot;:&quot;start_complete&quot;,&quot;start&quot;:&quot;&quot;,&quot;autoplay&quot;:&quot;false&quot;,&quot;pauseothervideos&quot;:&quot;true&quot;,&quot;set_volume&quot;:&quot;0.9&quot;,&quot;muted&quot;:&quot;false&quot;,&quot;meta&quot;:false,&quot;endofvideooverlay&quot;:&quot;&quot;,&quot;resize&quot;:&quot;true&quot;,&quot;auto_res&quot;:&quot;automatisch&quot;,&quot;pixel_ratio&quot;:&quot;true&quot;,&quot;right_click&quot;:&quot;on&quot;,&quot;playback_rate&quot;:&quot;false&quot;,&quot;title&quot;:&quot;Bora-DE-Achim.mp4&quot;,&quot;skip_buttons&quot;:[],&quot;nativecontrolsfortouch&quot;:&quot;false&quot;,&quot;locale&quot;:&quot;de&quot;,&quot;enable_resolutions_plugin&quot;:false}\" itemprop=\"video\" itemscope itemtype=\"https:\/\/schema.org\/VideoObject\"><meta itemprop=\"thumbnailUrl\" content=\"https:\/\/www.stimmenkartei.de\/blog\/wp-content\/uploads\/2021\/02\/Bora-ES-Salvador_thumb1.jpg\"><meta itemprop=\"embedUrl\" content=\"https:\/\/www.stimmenkartei.de\/blog\/wp-content\/uploads\/2021\/01\/Bora-DE-Achim.mp4\"><meta itemprop=\"contentUrl\" content=\"https:\/\/www.stimmenkartei.de\/blog\/wp-content\/uploads\/2021\/01\/Bora-DE-Achim.mp4\"><meta itemprop=\"name\" content=\"Bora-DE-Achim.mp4\"><meta itemprop=\"description\" content=\"Video\"><meta itemprop=\"uploadDate\" content=\"2026-02-06T15:45:26+01:00\">\n\t\t\t\t<video id=\"video_kgvid_0\" playsinline controls preload=\"metadata\" poster=\"https:\/\/www.stimmenkartei.de\/blog\/wp-content\/uploads\/2021\/02\/Bora-ES-Salvador_thumb1.jpg\" width=\"1920\" height=\"1080\" class=\"fitvidsignore video-js kg-video-js-skin\">\n\t\t\t\t\t<source src=\"https:\/\/www.stimmenkartei.de\/blog\/wp-content\/uploads\/2021\/01\/Bora-DE-Achim.mp4?id=0\" type=\"video\/mp4\" data-res=\"Full\">\n\t\t\t\t<\/video>\n\t\t\t<\/div>\n\t\t<\/div><\/td>\n<td style=\"width: 25%;\">\n<p style=\"text-align: center;\">G &amp; H &#8211; Trailer<\/p>\n<p><div id=\"kgvid_kgvid_1_wrapper\" class=\"kgvid_wrapper kgvid_wrapper_auto_left kgvid_wrapper_auto_right\">\n\t\t\t<div id=\"video_kgvid_1_div\" class=\"fitvidsignore kgvid_videodiv\" data-id=\"kgvid_1\" data-kgvid_video_vars=\"{&quot;id&quot;:&quot;kgvid_1&quot;,&quot;attachment_id&quot;:&quot;14401&quot;,&quot;player_type&quot;:&quot;Video.js v8&quot;,&quot;width&quot;:&quot;1920&quot;,&quot;height&quot;:1080,&quot;fullwidth&quot;:&quot;false&quot;,&quot;fixed_aspect&quot;:&quot;true&quot;,&quot;countable&quot;:true,&quot;count_views&quot;:&quot;start_complete&quot;,&quot;start&quot;:&quot;&quot;,&quot;autoplay&quot;:&quot;false&quot;,&quot;pauseothervideos&quot;:&quot;true&quot;,&quot;set_volume&quot;:&quot;0.9&quot;,&quot;muted&quot;:&quot;false&quot;,&quot;meta&quot;:true,&quot;endofvideooverlay&quot;:&quot;&quot;,&quot;resize&quot;:&quot;true&quot;,&quot;auto_res&quot;:&quot;automatisch&quot;,&quot;pixel_ratio&quot;:&quot;true&quot;,&quot;right_click&quot;:&quot;on&quot;,&quot;playback_rate&quot;:&quot;false&quot;,&quot;title&quot;:&quot;G &amp; H Insekten Schutzgitter&quot;,&quot;skip_buttons&quot;:[],&quot;nativecontrolsfortouch&quot;:&quot;false&quot;,&quot;locale&quot;:&quot;de&quot;,&quot;enable_resolutions_plugin&quot;:false}\" itemprop=\"video\" itemscope itemtype=\"https:\/\/schema.org\/VideoObject\"><meta itemprop=\"thumbnailUrl\" content=\"https:\/\/www.synchronsprecher.de\/blog\/wp-content\/uploads\/2026\/01\/Insektenschutzgitter-nach-Mass-\ud83d\ude0d-Schuetze-dein-Zuhause-vor-unerwuenschten-Gaesten-\ud83e\udd9f_thumb2.jpg\"><meta itemprop=\"embedUrl\" content=\"https:\/\/www.synchronsprecher.de\/blog\/?attachment_id=14401&#038;videopack%5Benable%5D=true\"><meta itemprop=\"contentUrl\" content=\"https:\/\/www.synchronsprecher.de\/blog\/wp-content\/uploads\/2026\/01\/Insektenschutzgitter-nach-Mass-\ud83d\ude0d-Schuetze-dein-Zuhause-vor-unerwuenschten-Gaesten-\ud83e\udd9f.mp4\"><meta itemprop=\"name\" content=\"G &amp; H Insekten Schutzgitter\"><meta itemprop=\"description\" content=\"G &amp; H Insekten Schutzgitter\"><meta itemprop=\"uploadDate\" content=\"2026-01-31T12:22:54+01:00\">\n\t\t\t\t<video id=\"video_kgvid_1\" playsinline controls preload=\"metadata\" poster=\"https:\/\/www.synchronsprecher.de\/blog\/wp-content\/uploads\/2026\/01\/Insektenschutzgitter-nach-Mass-\ud83d\ude0d-Schuetze-dein-Zuhause-vor-unerwuenschten-Gaesten-\ud83e\udd9f_thumb2.jpg\" width=\"1920\" height=\"1080\" class=\"fitvidsignore video-js kg-video-js-skin\">\n\t\t\t\t\t<source src=\"https:\/\/www.synchronsprecher.de\/blog\/wp-content\/uploads\/2026\/01\/Insektenschutzgitter-nach-Mass-\ud83d\ude0d-Schuetze-dein-Zuhause-vor-unerwuenschten-Gaesten-\ud83e\udd9f.mp4?id=1\" type=\"video\/mp4\" data-res=\"1080p\">\n\t\t\t\t<\/video>\n\t\t\t<\/div>\n\t\t\t<div style=\"display:none\" id=\"video_kgvid_1_meta\" class=\"kgvid_video_meta kgvid_video_meta_hover \">\n\t\t\t\t<span class='kgvid_meta_icons'><\/span>\n\t\t\t\t<span id='video_kgvid_1_title' class='kgvid_title'>G &amp; H Insekten Schutzgitter<\/span>\n<\/div>\n\t\t<\/div><\/td>\n<td style=\"width: 25%;\">\n<p style=\"text-align: center;\">Engelmann -Animation<\/p>\n<p><div id=\"kgvid_kgvid_2_wrapper\" class=\"kgvid_wrapper kgvid_wrapper_auto_left kgvid_wrapper_auto_right\">\n\t\t\t<div id=\"video_kgvid_2_div\" class=\"fitvidsignore kgvid_videodiv\" data-id=\"kgvid_2\" data-kgvid_video_vars=\"{&quot;id&quot;:&quot;kgvid_2&quot;,&quot;attachment_id&quot;:&quot;14403&quot;,&quot;player_type&quot;:&quot;Video.js v8&quot;,&quot;width&quot;:&quot;1920&quot;,&quot;height&quot;:1080,&quot;fullwidth&quot;:&quot;false&quot;,&quot;fixed_aspect&quot;:&quot;true&quot;,&quot;countable&quot;:true,&quot;count_views&quot;:&quot;start_complete&quot;,&quot;start&quot;:&quot;&quot;,&quot;autoplay&quot;:&quot;false&quot;,&quot;pauseothervideos&quot;:&quot;true&quot;,&quot;set_volume&quot;:&quot;0.9&quot;,&quot;muted&quot;:&quot;false&quot;,&quot;meta&quot;:true,&quot;endofvideooverlay&quot;:&quot;&quot;,&quot;resize&quot;:&quot;true&quot;,&quot;auto_res&quot;:&quot;automatisch&quot;,&quot;pixel_ratio&quot;:&quot;true&quot;,&quot;right_click&quot;:&quot;on&quot;,&quot;playback_rate&quot;:&quot;false&quot;,&quot;title&quot;:&quot;Engelmann Solaranlagen&quot;,&quot;skip_buttons&quot;:[],&quot;nativecontrolsfortouch&quot;:&quot;false&quot;,&quot;locale&quot;:&quot;de&quot;,&quot;enable_resolutions_plugin&quot;:false}\" itemprop=\"video\" itemscope itemtype=\"https:\/\/schema.org\/VideoObject\"><meta itemprop=\"thumbnailUrl\" content=\"https:\/\/www.synchronsprecher.de\/blog\/wp-content\/uploads\/2026\/01\/Engelmann-Solartechnik-Die-Nr.-1-fuer-Solaranlagen-im-Hunsrueck-Mosel-und-der-Eifel_thumb1.jpg\"><meta itemprop=\"embedUrl\" content=\"https:\/\/www.synchronsprecher.de\/blog\/?attachment_id=14403&#038;videopack%5Benable%5D=true\"><meta itemprop=\"contentUrl\" content=\"https:\/\/www.synchronsprecher.de\/blog\/wp-content\/uploads\/2026\/01\/Engelmann-Solartechnik-Die-Nr.-1-fuer-Solaranlagen-im-Hunsrueck-Mosel-und-der-Eifel.mp4\"><meta itemprop=\"name\" content=\"Engelmann Solaranlagen\"><meta itemprop=\"description\" content=\"Engelmann Animation\"><meta itemprop=\"uploadDate\" content=\"2026-01-31T12:23:55+01:00\">\n\t\t\t\t<video id=\"video_kgvid_2\" playsinline controls preload=\"metadata\" poster=\"https:\/\/www.synchronsprecher.de\/blog\/wp-content\/uploads\/2026\/01\/Engelmann-Solartechnik-Die-Nr.-1-fuer-Solaranlagen-im-Hunsrueck-Mosel-und-der-Eifel_thumb1.jpg\" width=\"1920\" height=\"1080\" class=\"fitvidsignore video-js kg-video-js-skin\">\n\t\t\t\t\t<source src=\"https:\/\/www.synchronsprecher.de\/blog\/wp-content\/uploads\/2026\/01\/Engelmann-Solartechnik-Die-Nr.-1-fuer-Solaranlagen-im-Hunsrueck-Mosel-und-der-Eifel.mp4?id=2\" type=\"video\/mp4\" data-res=\"1080p\">\n\t\t\t\t<\/video>\n\t\t\t<\/div>\n\t\t\t<div style=\"display:none\" id=\"video_kgvid_2_meta\" class=\"kgvid_video_meta kgvid_video_meta_hover \">\n\t\t\t\t<span class='kgvid_meta_icons'><\/span>\n\t\t\t\t<span id='video_kgvid_2_title' class='kgvid_title'>Engelmann Solaranlagen<\/span>\n<\/div>\n\t\t<\/div><\/td>\n<td style=\"width: 25%;\">\n<p style=\"text-align: center;\">S\u00e4lzer &amp; Partner<\/p>\n<p><div id=\"kgvid_kgvid_3_wrapper\" class=\"kgvid_wrapper kgvid_wrapper_auto_left kgvid_wrapper_auto_right\">\n\t\t\t<div id=\"video_kgvid_3_div\" class=\"fitvidsignore kgvid_videodiv\" data-id=\"kgvid_3\" data-kgvid_video_vars=\"{&quot;id&quot;:&quot;kgvid_3&quot;,&quot;attachment_id&quot;:&quot;14405&quot;,&quot;player_type&quot;:&quot;Video.js v8&quot;,&quot;width&quot;:&quot;1920&quot;,&quot;height&quot;:1080,&quot;fullwidth&quot;:&quot;false&quot;,&quot;fixed_aspect&quot;:&quot;true&quot;,&quot;countable&quot;:true,&quot;count_views&quot;:&quot;start_complete&quot;,&quot;start&quot;:&quot;&quot;,&quot;autoplay&quot;:&quot;false&quot;,&quot;pauseothervideos&quot;:&quot;true&quot;,&quot;set_volume&quot;:&quot;0.9&quot;,&quot;muted&quot;:&quot;false&quot;,&quot;meta&quot;:true,&quot;endofvideooverlay&quot;:&quot;&quot;,&quot;resize&quot;:&quot;true&quot;,&quot;auto_res&quot;:&quot;automatisch&quot;,&quot;pixel_ratio&quot;:&quot;true&quot;,&quot;right_click&quot;:&quot;on&quot;,&quot;playback_rate&quot;:&quot;false&quot;,&quot;title&quot;:&quot;S\\u00e4lzer &amp; Partner&quot;,&quot;skip_buttons&quot;:[],&quot;nativecontrolsfortouch&quot;:&quot;false&quot;,&quot;locale&quot;:&quot;de&quot;,&quot;enable_resolutions_plugin&quot;:false}\" itemprop=\"video\" itemscope itemtype=\"https:\/\/schema.org\/VideoObject\"><meta itemprop=\"thumbnailUrl\" content=\"https:\/\/www.synchronsprecher.de\/blog\/wp-content\/uploads\/2026\/01\/Ein-neues-Kapitel-beginnt-Ihr-Zuhause-unsere-Leidenschaft-\u2013-Saelzer-Partner_thumb1.jpg\"><meta itemprop=\"embedUrl\" content=\"https:\/\/www.synchronsprecher.de\/blog\/?attachment_id=14405&#038;videopack%5Benable%5D=true\"><meta itemprop=\"contentUrl\" content=\"https:\/\/www.synchronsprecher.de\/blog\/wp-content\/uploads\/2026\/01\/Ein-neues-Kapitel-beginnt-Ihr-Zuhause-unsere-Leidenschaft-\u2013-Saelzer-Partner.mp4\"><meta itemprop=\"name\" content=\"S\u00e4lzer &amp; Partner\"><meta itemprop=\"description\" content=\"Video\"><meta itemprop=\"uploadDate\" content=\"2026-01-31T12:26:51+01:00\">\n\t\t\t\t<video id=\"video_kgvid_3\" playsinline controls preload=\"metadata\" poster=\"https:\/\/www.synchronsprecher.de\/blog\/wp-content\/uploads\/2026\/01\/Ein-neues-Kapitel-beginnt-Ihr-Zuhause-unsere-Leidenschaft-\u2013-Saelzer-Partner_thumb1.jpg\" width=\"1920\" height=\"1080\" class=\"fitvidsignore video-js kg-video-js-skin\">\n\t\t\t\t\t<source src=\"https:\/\/www.synchronsprecher.de\/blog\/wp-content\/uploads\/2026\/01\/Ein-neues-Kapitel-beginnt-Ihr-Zuhause-unsere-Leidenschaft-\u2013-Saelzer-Partner.mp4?id=3\" type=\"video\/mp4\" data-res=\"1080p\">\n\t\t\t\t<\/video>\n\t\t\t<\/div>\n\t\t\t<div style=\"display:none\" id=\"video_kgvid_3_meta\" class=\"kgvid_video_meta kgvid_video_meta_hover \">\n\t\t\t\t<span class='kgvid_meta_icons'><\/span>\n\t\t\t\t<span id='video_kgvid_3_title' class='kgvid_title'>S\u00e4lzer &amp; Partner<\/span>\n<\/div>\n\t\t<\/div><\/td>\n<\/tr>\n<tr>\n<td style=\"width: 25%;\">\n<p style=\"text-align: center;\">Oehler Video<\/p>\n<p><div id=\"kgvid_kgvid_4_wrapper\" class=\"kgvid_wrapper kgvid_wrapper_auto_left kgvid_wrapper_auto_right\">\n\t\t\t<div id=\"video_kgvid_4_div\" class=\"fitvidsignore kgvid_videodiv\" data-id=\"kgvid_4\" data-kgvid_video_vars=\"{&quot;id&quot;:&quot;kgvid_4&quot;,&quot;attachment_id&quot;:&quot;14407&quot;,&quot;player_type&quot;:&quot;Video.js v8&quot;,&quot;width&quot;:&quot;1920&quot;,&quot;height&quot;:1080,&quot;fullwidth&quot;:&quot;false&quot;,&quot;fixed_aspect&quot;:&quot;true&quot;,&quot;countable&quot;:true,&quot;count_views&quot;:&quot;start_complete&quot;,&quot;start&quot;:&quot;&quot;,&quot;autoplay&quot;:&quot;false&quot;,&quot;pauseothervideos&quot;:&quot;true&quot;,&quot;set_volume&quot;:&quot;0.9&quot;,&quot;muted&quot;:&quot;false&quot;,&quot;meta&quot;:true,&quot;endofvideooverlay&quot;:&quot;&quot;,&quot;resize&quot;:&quot;true&quot;,&quot;auto_res&quot;:&quot;automatisch&quot;,&quot;pixel_ratio&quot;:&quot;true&quot;,&quot;right_click&quot;:&quot;on&quot;,&quot;playback_rate&quot;:&quot;false&quot;,&quot;title&quot;:&quot;Landmaschinen Oehler&quot;,&quot;skip_buttons&quot;:[],&quot;nativecontrolsfortouch&quot;:&quot;false&quot;,&quot;locale&quot;:&quot;de&quot;,&quot;enable_resolutions_plugin&quot;:false}\" itemprop=\"video\" itemscope itemtype=\"https:\/\/schema.org\/VideoObject\"><meta itemprop=\"thumbnailUrl\" content=\"https:\/\/www.synchronsprecher.de\/blog\/wp-content\/uploads\/2026\/01\/Oehler-Tandem-Holzrueckenwagen-THK-130_thumb1.jpg\"><meta itemprop=\"embedUrl\" content=\"https:\/\/www.synchronsprecher.de\/blog\/?attachment_id=14407&#038;videopack%5Benable%5D=true\"><meta itemprop=\"contentUrl\" content=\"https:\/\/www.synchronsprecher.de\/blog\/wp-content\/uploads\/2026\/01\/Oehler-Tandem-Holzrueckenwagen-THK-130.mp4\"><meta itemprop=\"name\" content=\"Landmaschinen Oehler\"><meta itemprop=\"description\" content=\"Video\"><meta itemprop=\"uploadDate\" content=\"2026-01-31T12:33:44+01:00\">\n\t\t\t\t<video id=\"video_kgvid_4\" playsinline controls preload=\"metadata\" poster=\"https:\/\/www.synchronsprecher.de\/blog\/wp-content\/uploads\/2026\/01\/Oehler-Tandem-Holzrueckenwagen-THK-130_thumb1.jpg\" width=\"1920\" height=\"1080\" class=\"fitvidsignore video-js kg-video-js-skin\">\n\t\t\t\t\t<source src=\"https:\/\/www.synchronsprecher.de\/blog\/wp-content\/uploads\/2026\/01\/Oehler-Tandem-Holzrueckenwagen-THK-130.mp4?id=4\" type=\"video\/mp4\" data-res=\"1080p\">\n\t\t\t\t<\/video>\n\t\t\t<\/div>\n\t\t\t<div style=\"display:none\" id=\"video_kgvid_4_meta\" class=\"kgvid_video_meta kgvid_video_meta_hover \">\n\t\t\t\t<span class='kgvid_meta_icons'><\/span>\n\t\t\t\t<span id='video_kgvid_4_title' class='kgvid_title'>Landmaschinen Oehler<\/span>\n<\/div>\n\t\t<\/div><\/td>\n<td style=\"width: 25%;\">\n<p style=\"text-align: center;\">Celsa Imagefilm<\/p>\n<p><div id=\"kgvid_kgvid_5_wrapper\" class=\"kgvid_wrapper kgvid_wrapper_auto_left kgvid_wrapper_auto_right\">\n\t\t\t<div id=\"video_kgvid_5_div\" class=\"fitvidsignore kgvid_videodiv\" data-id=\"kgvid_5\" data-kgvid_video_vars=\"{&quot;id&quot;:&quot;kgvid_5&quot;,&quot;attachment_id&quot;:&quot;14409&quot;,&quot;player_type&quot;:&quot;Video.js v8&quot;,&quot;width&quot;:&quot;1920&quot;,&quot;height&quot;:1080,&quot;fullwidth&quot;:&quot;false&quot;,&quot;fixed_aspect&quot;:&quot;true&quot;,&quot;countable&quot;:true,&quot;count_views&quot;:&quot;start_complete&quot;,&quot;start&quot;:&quot;&quot;,&quot;autoplay&quot;:&quot;false&quot;,&quot;pauseothervideos&quot;:&quot;true&quot;,&quot;set_volume&quot;:&quot;0.9&quot;,&quot;muted&quot;:&quot;false&quot;,&quot;meta&quot;:true,&quot;endofvideooverlay&quot;:&quot;&quot;,&quot;resize&quot;:&quot;true&quot;,&quot;auto_res&quot;:&quot;automatisch&quot;,&quot;pixel_ratio&quot;:&quot;true&quot;,&quot;right_click&quot;:&quot;on&quot;,&quot;playback_rate&quot;:&quot;false&quot;,&quot;title&quot;:&quot;Celsa Imagefilm&quot;,&quot;skip_buttons&quot;:[],&quot;nativecontrolsfortouch&quot;:&quot;false&quot;,&quot;locale&quot;:&quot;de&quot;,&quot;enable_resolutions_plugin&quot;:false}\" itemprop=\"video\" itemscope itemtype=\"https:\/\/schema.org\/VideoObject\"><meta itemprop=\"thumbnailUrl\" content=\"https:\/\/www.synchronsprecher.de\/blog\/wp-content\/uploads\/2026\/01\/Imagefilm-CELSA-Messgeraete-mit-TimoBernhard-Deutsch_thumb2.jpg\"><meta itemprop=\"embedUrl\" content=\"https:\/\/www.synchronsprecher.de\/blog\/?attachment_id=14409&#038;videopack%5Benable%5D=true\"><meta itemprop=\"contentUrl\" content=\"https:\/\/www.synchronsprecher.de\/blog\/wp-content\/uploads\/2026\/01\/Imagefilm-CELSA-Messgeraete-mit-TimoBernhard-Deutsch.mp4\"><meta itemprop=\"name\" content=\"Celsa Imagefilm\"><meta itemprop=\"description\" content=\"Video\"><meta itemprop=\"uploadDate\" content=\"2026-01-31T12:38:02+01:00\">\n\t\t\t\t<video id=\"video_kgvid_5\" playsinline controls preload=\"metadata\" poster=\"https:\/\/www.synchronsprecher.de\/blog\/wp-content\/uploads\/2026\/01\/Imagefilm-CELSA-Messgeraete-mit-TimoBernhard-Deutsch_thumb2.jpg\" width=\"1920\" height=\"1080\" class=\"fitvidsignore video-js kg-video-js-skin\">\n\t\t\t\t\t<source src=\"https:\/\/www.synchronsprecher.de\/blog\/wp-content\/uploads\/2026\/01\/Imagefilm-CELSA-Messgeraete-mit-TimoBernhard-Deutsch.mp4?id=5\" type=\"video\/mp4\" data-res=\"1080p\">\n\t\t\t\t<\/video>\n\t\t\t<\/div>\n\t\t\t<div style=\"display:none\" id=\"video_kgvid_5_meta\" class=\"kgvid_video_meta kgvid_video_meta_hover \">\n\t\t\t\t<span class='kgvid_meta_icons'><\/span>\n\t\t\t\t<span id='video_kgvid_5_title' class='kgvid_title'>Celsa Imagefilm<\/span>\n<\/div>\n\t\t<\/div><\/td>\n<td style=\"width: 25%;\">\n<p style=\"text-align: center;\">Royal D\u00f6ner &#8211; WerbeClip<\/p>\n<p><div id=\"kgvid_kgvid_6_wrapper\" class=\"kgvid_wrapper kgvid_wrapper_auto_left kgvid_wrapper_auto_right\">\n\t\t\t<div id=\"video_kgvid_6_div\" class=\"fitvidsignore kgvid_videodiv\" data-id=\"kgvid_6\" data-kgvid_video_vars=\"{&quot;id&quot;:&quot;kgvid_6&quot;,&quot;attachment_id&quot;:&quot;14411&quot;,&quot;player_type&quot;:&quot;Video.js v8&quot;,&quot;width&quot;:&quot;1920&quot;,&quot;height&quot;:1080,&quot;fullwidth&quot;:&quot;false&quot;,&quot;fixed_aspect&quot;:&quot;true&quot;,&quot;countable&quot;:true,&quot;count_views&quot;:&quot;start_complete&quot;,&quot;start&quot;:&quot;&quot;,&quot;autoplay&quot;:&quot;false&quot;,&quot;pauseothervideos&quot;:&quot;true&quot;,&quot;set_volume&quot;:&quot;0.9&quot;,&quot;muted&quot;:&quot;false&quot;,&quot;meta&quot;:true,&quot;endofvideooverlay&quot;:&quot;&quot;,&quot;resize&quot;:&quot;true&quot;,&quot;auto_res&quot;:&quot;automatisch&quot;,&quot;pixel_ratio&quot;:&quot;true&quot;,&quot;right_click&quot;:&quot;on&quot;,&quot;playback_rate&quot;:&quot;false&quot;,&quot;title&quot;:&quot;Royal D\\u00f6ner&quot;,&quot;skip_buttons&quot;:[],&quot;nativecontrolsfortouch&quot;:&quot;false&quot;,&quot;locale&quot;:&quot;de&quot;,&quot;enable_resolutions_plugin&quot;:false}\" itemprop=\"video\" itemscope itemtype=\"https:\/\/schema.org\/VideoObject\"><meta itemprop=\"thumbnailUrl\" content=\"https:\/\/www.synchronsprecher.de\/blog\/wp-content\/uploads\/2026\/01\/Royal-Doener-Frischer-Genuss-fuer-unterwegs-und-zu-Hause_thumb1.jpg\"><meta itemprop=\"embedUrl\" content=\"https:\/\/www.synchronsprecher.de\/blog\/?attachment_id=14411&#038;videopack%5Benable%5D=true\"><meta itemprop=\"contentUrl\" content=\"https:\/\/www.synchronsprecher.de\/blog\/wp-content\/uploads\/2026\/01\/Royal-Doener-Frischer-Genuss-fuer-unterwegs-und-zu-Hause.mp4\"><meta itemprop=\"name\" content=\"Royal D\u00f6ner\"><meta itemprop=\"description\" content=\"Video\"><meta itemprop=\"uploadDate\" content=\"2026-01-31T12:52:40+01:00\">\n\t\t\t\t<video id=\"video_kgvid_6\" playsinline controls preload=\"metadata\" poster=\"https:\/\/www.synchronsprecher.de\/blog\/wp-content\/uploads\/2026\/01\/Royal-Doener-Frischer-Genuss-fuer-unterwegs-und-zu-Hause_thumb1.jpg\" width=\"1920\" height=\"1080\" class=\"fitvidsignore video-js kg-video-js-skin\">\n\t\t\t\t\t<source src=\"https:\/\/www.synchronsprecher.de\/blog\/wp-content\/uploads\/2026\/01\/Royal-Doener-Frischer-Genuss-fuer-unterwegs-und-zu-Hause.mp4?id=6\" type=\"video\/mp4\" data-res=\"1080p\">\n\t\t\t\t<\/video>\n\t\t\t<\/div>\n\t\t\t<div style=\"display:none\" id=\"video_kgvid_6_meta\" class=\"kgvid_video_meta kgvid_video_meta_hover \">\n\t\t\t\t<span class='kgvid_meta_icons'><\/span>\n\t\t\t\t<span id='video_kgvid_6_title' class='kgvid_title'>Royal D\u00f6ner<\/span>\n<\/div>\n\t\t<\/div><\/td>\n<td style=\"width: 25%;\">\n<p style=\"text-align: center;\">ZERO Stuttgart<\/p>\n<p><div id=\"kgvid_kgvid_7_wrapper\" class=\"kgvid_wrapper kgvid_wrapper_auto_left kgvid_wrapper_auto_right\">\n\t\t\t<div id=\"video_kgvid_7_div\" class=\"fitvidsignore kgvid_videodiv\" data-id=\"kgvid_7\" data-kgvid_video_vars=\"{&quot;id&quot;:&quot;kgvid_7&quot;,&quot;attachment_id&quot;:&quot;14412&quot;,&quot;player_type&quot;:&quot;Video.js v8&quot;,&quot;width&quot;:&quot;1920&quot;,&quot;height&quot;:1080,&quot;fullwidth&quot;:&quot;false&quot;,&quot;fixed_aspect&quot;:&quot;true&quot;,&quot;countable&quot;:true,&quot;count_views&quot;:&quot;start_complete&quot;,&quot;start&quot;:&quot;&quot;,&quot;autoplay&quot;:&quot;false&quot;,&quot;pauseothervideos&quot;:&quot;true&quot;,&quot;set_volume&quot;:&quot;0.9&quot;,&quot;muted&quot;:&quot;false&quot;,&quot;meta&quot;:true,&quot;endofvideooverlay&quot;:&quot;&quot;,&quot;resize&quot;:&quot;true&quot;,&quot;auto_res&quot;:&quot;automatisch&quot;,&quot;pixel_ratio&quot;:&quot;true&quot;,&quot;right_click&quot;:&quot;on&quot;,&quot;playback_rate&quot;:&quot;false&quot;,&quot;title&quot;:&quot;Zero&quot;,&quot;skip_buttons&quot;:[],&quot;nativecontrolsfortouch&quot;:&quot;false&quot;,&quot;locale&quot;:&quot;de&quot;,&quot;enable_resolutions_plugin&quot;:false}\" itemprop=\"video\" itemscope itemtype=\"https:\/\/schema.org\/VideoObject\"><meta itemprop=\"thumbnailUrl\" content=\"https:\/\/www.synchronsprecher.de\/blog\/wp-content\/uploads\/2026\/01\/ZERO.-Stuttgart-Imagefilm_thumb1.jpg\"><meta itemprop=\"embedUrl\" content=\"https:\/\/www.synchronsprecher.de\/blog\/?attachment_id=14412&#038;videopack%5Benable%5D=true\"><meta itemprop=\"contentUrl\" content=\"https:\/\/www.synchronsprecher.de\/blog\/wp-content\/uploads\/2026\/01\/ZERO.-Stuttgart-Imagefilm.mp4\"><meta itemprop=\"name\" content=\"Zero\"><meta itemprop=\"description\" content=\"Video\"><meta itemprop=\"uploadDate\" content=\"2026-01-31T12:54:17+01:00\">\n\t\t\t\t<video id=\"video_kgvid_7\" playsinline controls preload=\"metadata\" poster=\"https:\/\/www.synchronsprecher.de\/blog\/wp-content\/uploads\/2026\/01\/ZERO.-Stuttgart-Imagefilm_thumb1.jpg\" width=\"1920\" height=\"1080\" class=\"fitvidsignore video-js kg-video-js-skin\">\n\t\t\t\t\t<source src=\"https:\/\/www.synchronsprecher.de\/blog\/wp-content\/uploads\/2026\/01\/ZERO.-Stuttgart-Imagefilm.mp4?id=7\" type=\"video\/mp4\" data-res=\"1080p\">\n\t\t\t\t<\/video>\n\t\t\t<\/div>\n\t\t\t<div style=\"display:none\" id=\"video_kgvid_7_meta\" class=\"kgvid_video_meta kgvid_video_meta_hover \">\n\t\t\t\t<span class='kgvid_meta_icons'><\/span>\n\t\t\t\t<span id='video_kgvid_7_title' class='kgvid_title'>Zero<\/span>\n<\/div>\n\t\t<\/div><\/td>\n<\/tr>\n<tr>\n<td style=\"width: 25%;\">\n<p style=\"text-align: center;\">VILOFOSS<\/p>\n<p><div id=\"kgvid_kgvid_8_wrapper\" class=\"kgvid_wrapper kgvid_wrapper_auto_left kgvid_wrapper_auto_right\">\n\t\t\t<div id=\"video_kgvid_8_div\" class=\"fitvidsignore kgvid_videodiv\" data-id=\"kgvid_8\" data-kgvid_video_vars=\"{&quot;id&quot;:&quot;kgvid_8&quot;,&quot;attachment_id&quot;:&quot;14416&quot;,&quot;player_type&quot;:&quot;Video.js v8&quot;,&quot;width&quot;:&quot;1920&quot;,&quot;height&quot;:1080,&quot;fullwidth&quot;:&quot;false&quot;,&quot;fixed_aspect&quot;:&quot;true&quot;,&quot;countable&quot;:true,&quot;count_views&quot;:&quot;start_complete&quot;,&quot;start&quot;:&quot;&quot;,&quot;autoplay&quot;:&quot;false&quot;,&quot;pauseothervideos&quot;:&quot;true&quot;,&quot;set_volume&quot;:&quot;0.9&quot;,&quot;muted&quot;:&quot;false&quot;,&quot;meta&quot;:true,&quot;endofvideooverlay&quot;:&quot;&quot;,&quot;resize&quot;:&quot;true&quot;,&quot;auto_res&quot;:&quot;automatisch&quot;,&quot;pixel_ratio&quot;:&quot;true&quot;,&quot;right_click&quot;:&quot;on&quot;,&quot;playback_rate&quot;:&quot;false&quot;,&quot;title&quot;:&quot;VILOFOSS&quot;,&quot;skip_buttons&quot;:[],&quot;nativecontrolsfortouch&quot;:&quot;false&quot;,&quot;locale&quot;:&quot;de&quot;,&quot;enable_resolutions_plugin&quot;:false}\" itemprop=\"video\" itemscope itemtype=\"https:\/\/schema.org\/VideoObject\"><meta itemprop=\"thumbnailUrl\" content=\"https:\/\/www.synchronsprecher.de\/blog\/wp-content\/uploads\/2026\/01\/Innovation-trifft-Landwirtschaft-\u2013-Vilofoss-Premixe-und-Mineralfutter-\ud83d\udc04\ud83d\udc16\ud83d\udc13\ud83d\udc0e_thumb1.jpg\"><meta itemprop=\"embedUrl\" content=\"https:\/\/www.synchronsprecher.de\/blog\/?attachment_id=14416&#038;videopack%5Benable%5D=true\"><meta itemprop=\"contentUrl\" content=\"https:\/\/www.synchronsprecher.de\/blog\/wp-content\/uploads\/2026\/01\/Innovation-trifft-Landwirtschaft-\u2013-Vilofoss-Premixe-und-Mineralfutter-\ud83d\udc04\ud83d\udc16\ud83d\udc13\ud83d\udc0e.mp4\"><meta itemprop=\"name\" content=\"VILOFOSS\"><meta itemprop=\"description\" content=\"Video\"><meta itemprop=\"uploadDate\" content=\"2026-01-31T13:02:13+01:00\">\n\t\t\t\t<video id=\"video_kgvid_8\" playsinline controls preload=\"metadata\" poster=\"https:\/\/www.synchronsprecher.de\/blog\/wp-content\/uploads\/2026\/01\/Innovation-trifft-Landwirtschaft-\u2013-Vilofoss-Premixe-und-Mineralfutter-\ud83d\udc04\ud83d\udc16\ud83d\udc13\ud83d\udc0e_thumb1.jpg\" width=\"1920\" height=\"1080\" class=\"fitvidsignore video-js kg-video-js-skin\">\n\t\t\t\t\t<source src=\"https:\/\/www.synchronsprecher.de\/blog\/wp-content\/uploads\/2026\/01\/Innovation-trifft-Landwirtschaft-\u2013-Vilofoss-Premixe-und-Mineralfutter-\ud83d\udc04\ud83d\udc16\ud83d\udc13\ud83d\udc0e.mp4?id=8\" type=\"video\/mp4\" data-res=\"1080p\">\n\t\t\t\t<\/video>\n\t\t\t<\/div>\n\t\t\t<div style=\"display:none\" id=\"video_kgvid_8_meta\" class=\"kgvid_video_meta kgvid_video_meta_hover \">\n\t\t\t\t<span class='kgvid_meta_icons'><\/span>\n\t\t\t\t<span id='video_kgvid_8_title' class='kgvid_title'>VILOFOSS<\/span>\n<\/div>\n\t\t<\/div><\/td>\n<td style=\"width: 25%;\">\n<p style=\"text-align: center;\">Stadt Oberkirch<\/p>\n<p><div id=\"kgvid_kgvid_9_wrapper\" class=\"kgvid_wrapper kgvid_wrapper_auto_left kgvid_wrapper_auto_right\">\n\t\t\t<div id=\"video_kgvid_9_div\" class=\"fitvidsignore kgvid_videodiv\" data-id=\"kgvid_9\" data-kgvid_video_vars=\"{&quot;id&quot;:&quot;kgvid_9&quot;,&quot;attachment_id&quot;:&quot;14418&quot;,&quot;player_type&quot;:&quot;Video.js v8&quot;,&quot;width&quot;:&quot;1920&quot;,&quot;height&quot;:1080,&quot;fullwidth&quot;:&quot;false&quot;,&quot;fixed_aspect&quot;:&quot;true&quot;,&quot;countable&quot;:true,&quot;count_views&quot;:&quot;start_complete&quot;,&quot;start&quot;:&quot;&quot;,&quot;autoplay&quot;:&quot;false&quot;,&quot;pauseothervideos&quot;:&quot;true&quot;,&quot;set_volume&quot;:&quot;0.9&quot;,&quot;muted&quot;:&quot;false&quot;,&quot;meta&quot;:true,&quot;endofvideooverlay&quot;:&quot;&quot;,&quot;resize&quot;:&quot;true&quot;,&quot;auto_res&quot;:&quot;automatisch&quot;,&quot;pixel_ratio&quot;:&quot;true&quot;,&quot;right_click&quot;:&quot;on&quot;,&quot;playback_rate&quot;:&quot;false&quot;,&quot;title&quot;:&quot;Stadt Oberkirch&quot;,&quot;skip_buttons&quot;:[],&quot;nativecontrolsfortouch&quot;:&quot;false&quot;,&quot;locale&quot;:&quot;de&quot;,&quot;enable_resolutions_plugin&quot;:false}\" itemprop=\"video\" itemscope itemtype=\"https:\/\/schema.org\/VideoObject\"><meta itemprop=\"thumbnailUrl\" content=\"https:\/\/www.synchronsprecher.de\/blog\/wp-content\/uploads\/2026\/01\/Oberkirch-Wo-Gutes-entsteht-Imagefilm_thumb1.jpg\"><meta itemprop=\"embedUrl\" content=\"https:\/\/www.synchronsprecher.de\/blog\/?attachment_id=14418&#038;videopack%5Benable%5D=true\"><meta itemprop=\"contentUrl\" content=\"https:\/\/www.synchronsprecher.de\/blog\/wp-content\/uploads\/2026\/01\/Oberkirch-Wo-Gutes-entsteht-Imagefilm.mp4\"><meta itemprop=\"name\" content=\"Stadt Oberkirch\"><meta itemprop=\"description\" content=\"Video\"><meta itemprop=\"uploadDate\" content=\"2026-01-31T13:04:32+01:00\">\n\t\t\t\t<video id=\"video_kgvid_9\" playsinline controls preload=\"metadata\" poster=\"https:\/\/www.synchronsprecher.de\/blog\/wp-content\/uploads\/2026\/01\/Oberkirch-Wo-Gutes-entsteht-Imagefilm_thumb1.jpg\" width=\"1920\" height=\"1080\" class=\"fitvidsignore video-js kg-video-js-skin\">\n\t\t\t\t\t<source src=\"https:\/\/www.synchronsprecher.de\/blog\/wp-content\/uploads\/2026\/01\/Oberkirch-Wo-Gutes-entsteht-Imagefilm.mp4?id=9\" type=\"video\/mp4\" data-res=\"822p\">\n\t\t\t\t<\/video>\n\t\t\t<\/div>\n\t\t\t<div style=\"display:none\" id=\"video_kgvid_9_meta\" class=\"kgvid_video_meta kgvid_video_meta_hover \">\n\t\t\t\t<span class='kgvid_meta_icons'><\/span>\n\t\t\t\t<span id='video_kgvid_9_title' class='kgvid_title'>Stadt Oberkirch<\/span>\n<\/div>\n\t\t<\/div><\/td>\n<td style=\"width: 25%;\">\n<p style=\"text-align: center;\">St\u00f6ckli<\/p>\n<p><div id=\"kgvid_kgvid_10_wrapper\" class=\"kgvid_wrapper kgvid_wrapper_auto_left kgvid_wrapper_auto_right\">\n\t\t\t<div id=\"video_kgvid_10_div\" class=\"fitvidsignore kgvid_videodiv\" data-id=\"kgvid_10\" data-kgvid_video_vars=\"{&quot;id&quot;:&quot;kgvid_10&quot;,&quot;attachment_id&quot;:&quot;14421&quot;,&quot;player_type&quot;:&quot;Video.js v8&quot;,&quot;width&quot;:&quot;1920&quot;,&quot;height&quot;:1080,&quot;fullwidth&quot;:&quot;false&quot;,&quot;fixed_aspect&quot;:&quot;true&quot;,&quot;countable&quot;:true,&quot;count_views&quot;:&quot;start_complete&quot;,&quot;start&quot;:&quot;&quot;,&quot;autoplay&quot;:&quot;false&quot;,&quot;pauseothervideos&quot;:&quot;true&quot;,&quot;set_volume&quot;:&quot;0.9&quot;,&quot;muted&quot;:&quot;false&quot;,&quot;meta&quot;:true,&quot;endofvideooverlay&quot;:&quot;&quot;,&quot;resize&quot;:&quot;true&quot;,&quot;auto_res&quot;:&quot;automatisch&quot;,&quot;pixel_ratio&quot;:&quot;true&quot;,&quot;right_click&quot;:&quot;on&quot;,&quot;playback_rate&quot;:&quot;false&quot;,&quot;title&quot;:&quot;St\\u00f6ckli&quot;,&quot;skip_buttons&quot;:[],&quot;nativecontrolsfortouch&quot;:&quot;false&quot;,&quot;locale&quot;:&quot;de&quot;,&quot;enable_resolutions_plugin&quot;:false}\" itemprop=\"video\" itemscope itemtype=\"https:\/\/schema.org\/VideoObject\"><meta itemprop=\"thumbnailUrl\" content=\"https:\/\/www.synchronsprecher.de\/blog\/wp-content\/uploads\/2026\/01\/RACING-\u2013-The-Choice-of-Champions-Imagefilm-Stoeckli-MONTANA-Filmproduktion-FRAMEART_thumb1.jpg\"><meta itemprop=\"embedUrl\" content=\"https:\/\/www.synchronsprecher.de\/blog\/?attachment_id=14421&#038;videopack%5Benable%5D=true\"><meta itemprop=\"contentUrl\" content=\"https:\/\/www.synchronsprecher.de\/blog\/wp-content\/uploads\/2026\/01\/RACING-\u2013-The-Choice-of-Champions-Imagefilm-Stoeckli-MONTANA-Filmproduktion-FRAMEART.mp4\"><meta itemprop=\"name\" content=\"St\u00f6ckli\"><meta itemprop=\"description\" content=\"Video\"><meta itemprop=\"uploadDate\" content=\"2026-01-31T13:08:33+01:00\">\n\t\t\t\t<video id=\"video_kgvid_10\" playsinline controls preload=\"metadata\" poster=\"https:\/\/www.synchronsprecher.de\/blog\/wp-content\/uploads\/2026\/01\/RACING-\u2013-The-Choice-of-Champions-Imagefilm-Stoeckli-MONTANA-Filmproduktion-FRAMEART_thumb1.jpg\" width=\"1920\" height=\"1080\" class=\"fitvidsignore video-js kg-video-js-skin\">\n\t\t\t\t\t<source src=\"https:\/\/www.synchronsprecher.de\/blog\/wp-content\/uploads\/2026\/01\/RACING-\u2013-The-Choice-of-Champions-Imagefilm-Stoeckli-MONTANA-Filmproduktion-FRAMEART.mp4?id=10\" type=\"video\/mp4\" data-res=\"1080p\">\n\t\t\t\t<\/video>\n\t\t\t<\/div>\n\t\t\t<div style=\"display:none\" id=\"video_kgvid_10_meta\" class=\"kgvid_video_meta kgvid_video_meta_hover \">\n\t\t\t\t<span class='kgvid_meta_icons'><\/span>\n\t\t\t\t<span id='video_kgvid_10_title' class='kgvid_title'>St\u00f6ckli<\/span>\n<\/div>\n\t\t<\/div><\/td>\n<td style=\"width: 25%;\">\n<p style=\"text-align: center;\">AMOS<\/p>\n<p><div id=\"kgvid_kgvid_11_wrapper\" class=\"kgvid_wrapper kgvid_wrapper_auto_left kgvid_wrapper_auto_right\">\n\t\t\t<div id=\"video_kgvid_11_div\" class=\"fitvidsignore kgvid_videodiv\" data-id=\"kgvid_11\" data-kgvid_video_vars=\"{&quot;id&quot;:&quot;kgvid_11&quot;,&quot;attachment_id&quot;:&quot;14423&quot;,&quot;player_type&quot;:&quot;Video.js v8&quot;,&quot;width&quot;:&quot;1920&quot;,&quot;height&quot;:1080,&quot;fullwidth&quot;:&quot;false&quot;,&quot;fixed_aspect&quot;:&quot;true&quot;,&quot;countable&quot;:true,&quot;count_views&quot;:&quot;start_complete&quot;,&quot;start&quot;:&quot;&quot;,&quot;autoplay&quot;:&quot;false&quot;,&quot;pauseothervideos&quot;:&quot;true&quot;,&quot;set_volume&quot;:&quot;0.9&quot;,&quot;muted&quot;:&quot;false&quot;,&quot;meta&quot;:true,&quot;endofvideooverlay&quot;:&quot;&quot;,&quot;resize&quot;:&quot;true&quot;,&quot;auto_res&quot;:&quot;automatisch&quot;,&quot;pixel_ratio&quot;:&quot;true&quot;,&quot;right_click&quot;:&quot;on&quot;,&quot;playback_rate&quot;:&quot;false&quot;,&quot;title&quot;:&quot;Amos&quot;,&quot;skip_buttons&quot;:[],&quot;nativecontrolsfortouch&quot;:&quot;false&quot;,&quot;locale&quot;:&quot;de&quot;,&quot;enable_resolutions_plugin&quot;:false}\" itemprop=\"video\" itemscope itemtype=\"https:\/\/schema.org\/VideoObject\"><meta itemprop=\"thumbnailUrl\" content=\"https:\/\/www.synchronsprecher.de\/blog\/wp-content\/uploads\/2026\/03\/AMOS-clever-bauen-Imagefilm_thumb1.jpg\"><meta itemprop=\"embedUrl\" content=\"https:\/\/www.synchronsprecher.de\/blog\/?attachment_id=14423&#038;videopack%5Benable%5D=true\"><meta itemprop=\"contentUrl\" content=\"https:\/\/www.synchronsprecher.de\/blog\/wp-content\/uploads\/2026\/01\/AMOS-clever-bauen-Imagefilm.mp4\"><meta itemprop=\"name\" content=\"Amos\"><meta itemprop=\"description\" content=\"Video\"><meta itemprop=\"uploadDate\" content=\"2026-01-31T13:12:46+01:00\">\n\t\t\t\t<video id=\"video_kgvid_11\" playsinline controls preload=\"metadata\" poster=\"https:\/\/www.synchronsprecher.de\/blog\/wp-content\/uploads\/2026\/03\/AMOS-clever-bauen-Imagefilm_thumb1.jpg\" width=\"1920\" height=\"1080\" class=\"fitvidsignore video-js kg-video-js-skin\">\n\t\t\t\t\t<source src=\"https:\/\/www.synchronsprecher.de\/blog\/wp-content\/uploads\/2026\/01\/AMOS-clever-bauen-Imagefilm.mp4?id=11\" type=\"video\/mp4\" data-res=\"1080p\">\n\t\t\t\t<\/video>\n\t\t\t<\/div>\n\t\t\t<div style=\"display:none\" id=\"video_kgvid_11_meta\" class=\"kgvid_video_meta kgvid_video_meta_hover \">\n\t\t\t\t<span class='kgvid_meta_icons'><\/span>\n\t\t\t\t<span id='video_kgvid_11_title' class='kgvid_title'>Amos<\/span>\n<\/div>\n\t\t<\/div><\/td>\n<\/tr>\n<tr>\n<td style=\"width: 25%; text-align: center;\">Deutsche Getr\u00e4nke Logistic<\/p>\n<p><div id=\"kgvid_kgvid_12_wrapper\" class=\"kgvid_wrapper kgvid_wrapper_auto_left kgvid_wrapper_auto_right\">\n\t\t\t<div id=\"video_kgvid_12_div\" class=\"fitvidsignore kgvid_videodiv\" data-id=\"kgvid_12\" data-kgvid_video_vars=\"{&quot;id&quot;:&quot;kgvid_12&quot;,&quot;attachment_id&quot;:&quot;14427&quot;,&quot;player_type&quot;:&quot;Video.js v8&quot;,&quot;width&quot;:&quot;1920&quot;,&quot;height&quot;:1080,&quot;fullwidth&quot;:&quot;false&quot;,&quot;fixed_aspect&quot;:&quot;true&quot;,&quot;countable&quot;:true,&quot;count_views&quot;:&quot;start_complete&quot;,&quot;start&quot;:&quot;&quot;,&quot;autoplay&quot;:&quot;false&quot;,&quot;pauseothervideos&quot;:&quot;true&quot;,&quot;set_volume&quot;:&quot;0.9&quot;,&quot;muted&quot;:&quot;false&quot;,&quot;meta&quot;:true,&quot;endofvideooverlay&quot;:&quot;&quot;,&quot;resize&quot;:&quot;true&quot;,&quot;auto_res&quot;:&quot;automatisch&quot;,&quot;pixel_ratio&quot;:&quot;true&quot;,&quot;right_click&quot;:&quot;on&quot;,&quot;playback_rate&quot;:&quot;false&quot;,&quot;title&quot;:&quot;Deutsche Getr\\u00e4nke Logistik&quot;,&quot;skip_buttons&quot;:[],&quot;nativecontrolsfortouch&quot;:&quot;false&quot;,&quot;locale&quot;:&quot;de&quot;,&quot;enable_resolutions_plugin&quot;:false}\" itemprop=\"video\" itemscope itemtype=\"https:\/\/schema.org\/VideoObject\"><meta itemprop=\"thumbnailUrl\" content=\"https:\/\/www.synchronsprecher.de\/blog\/wp-content\/uploads\/2026\/01\/DGL-Deutsche-Getraenke-Logistik-.-und-alles-laeuft_thumb1.jpg\"><meta itemprop=\"embedUrl\" content=\"https:\/\/www.synchronsprecher.de\/blog\/?attachment_id=14427&#038;videopack%5Benable%5D=true\"><meta itemprop=\"contentUrl\" content=\"https:\/\/www.synchronsprecher.de\/blog\/wp-content\/uploads\/2026\/01\/DGL-Deutsche-Getraenke-Logistik-.-und-alles-laeuft.mp4\"><meta itemprop=\"name\" content=\"Deutsche Getr\u00e4nke Logistik\"><meta itemprop=\"description\" content=\"Video\"><meta itemprop=\"uploadDate\" content=\"2026-01-31T13:22:11+01:00\">\n\t\t\t\t<video id=\"video_kgvid_12\" playsinline controls preload=\"metadata\" poster=\"https:\/\/www.synchronsprecher.de\/blog\/wp-content\/uploads\/2026\/01\/DGL-Deutsche-Getraenke-Logistik-.-und-alles-laeuft_thumb1.jpg\" width=\"1920\" height=\"1080\" class=\"fitvidsignore video-js kg-video-js-skin\">\n\t\t\t\t\t<source src=\"https:\/\/www.synchronsprecher.de\/blog\/wp-content\/uploads\/2026\/01\/DGL-Deutsche-Getraenke-Logistik-.-und-alles-laeuft.mp4?id=12\" type=\"video\/mp4\" data-res=\"1080p\">\n\t\t\t\t<\/video>\n\t\t\t<\/div>\n\t\t\t<div style=\"display:none\" id=\"video_kgvid_12_meta\" class=\"kgvid_video_meta kgvid_video_meta_hover \">\n\t\t\t\t<span class='kgvid_meta_icons'><\/span>\n\t\t\t\t<span id='video_kgvid_12_title' class='kgvid_title'>Deutsche Getr\u00e4nke Logistik<\/span>\n<\/div>\n\t\t<\/div><\/td>\n<td style=\"width: 25%; text-align: center;\">Autohaus Tietjen<\/p>\n<p><div id=\"kgvid_kgvid_13_wrapper\" class=\"kgvid_wrapper kgvid_wrapper_auto_left kgvid_wrapper_auto_right\">\n\t\t\t<div id=\"video_kgvid_13_div\" class=\"fitvidsignore kgvid_videodiv\" data-id=\"kgvid_13\" data-kgvid_video_vars=\"{&quot;id&quot;:&quot;kgvid_13&quot;,&quot;attachment_id&quot;:&quot;14431&quot;,&quot;player_type&quot;:&quot;Video.js v8&quot;,&quot;width&quot;:&quot;1920&quot;,&quot;height&quot;:1080,&quot;fullwidth&quot;:&quot;false&quot;,&quot;fixed_aspect&quot;:&quot;true&quot;,&quot;countable&quot;:true,&quot;count_views&quot;:&quot;start_complete&quot;,&quot;start&quot;:&quot;&quot;,&quot;autoplay&quot;:&quot;false&quot;,&quot;pauseothervideos&quot;:&quot;true&quot;,&quot;set_volume&quot;:&quot;0.9&quot;,&quot;muted&quot;:&quot;false&quot;,&quot;meta&quot;:true,&quot;endofvideooverlay&quot;:&quot;&quot;,&quot;resize&quot;:&quot;true&quot;,&quot;auto_res&quot;:&quot;automatisch&quot;,&quot;pixel_ratio&quot;:&quot;true&quot;,&quot;right_click&quot;:&quot;on&quot;,&quot;playback_rate&quot;:&quot;false&quot;,&quot;title&quot;:&quot;Autohaus Tietjen&quot;,&quot;skip_buttons&quot;:[],&quot;nativecontrolsfortouch&quot;:&quot;false&quot;,&quot;locale&quot;:&quot;de&quot;,&quot;enable_resolutions_plugin&quot;:false}\" itemprop=\"video\" itemscope itemtype=\"https:\/\/schema.org\/VideoObject\"><meta itemprop=\"thumbnailUrl\" content=\"https:\/\/www.synchronsprecher.de\/blog\/wp-content\/uploads\/2026\/01\/50-JAHRE-AUTOHAUS-TIETJEN_thumb1.jpg\"><meta itemprop=\"embedUrl\" content=\"https:\/\/www.synchronsprecher.de\/blog\/?attachment_id=14431&#038;videopack%5Benable%5D=true\"><meta itemprop=\"contentUrl\" content=\"https:\/\/www.synchronsprecher.de\/blog\/wp-content\/uploads\/2026\/01\/50-JAHRE-AUTOHAUS-TIETJEN.mp4\"><meta itemprop=\"name\" content=\"Autohaus Tietjen\"><meta itemprop=\"description\" content=\"Video\"><meta itemprop=\"uploadDate\" content=\"2026-01-31T13:30:42+01:00\">\n\t\t\t\t<video id=\"video_kgvid_13\" playsinline controls preload=\"metadata\" poster=\"https:\/\/www.synchronsprecher.de\/blog\/wp-content\/uploads\/2026\/01\/50-JAHRE-AUTOHAUS-TIETJEN_thumb1.jpg\" width=\"1920\" height=\"1080\" class=\"fitvidsignore video-js kg-video-js-skin\">\n\t\t\t\t\t<source src=\"https:\/\/www.synchronsprecher.de\/blog\/wp-content\/uploads\/2026\/01\/50-JAHRE-AUTOHAUS-TIETJEN.mp4?id=13\" type=\"video\/mp4\" data-res=\"1080p\">\n\t\t\t\t<\/video>\n\t\t\t<\/div>\n\t\t\t<div style=\"display:none\" id=\"video_kgvid_13_meta\" class=\"kgvid_video_meta kgvid_video_meta_hover \">\n\t\t\t\t<span class='kgvid_meta_icons'><\/span>\n\t\t\t\t<span id='video_kgvid_13_title' class='kgvid_title'>Autohaus Tietjen<\/span>\n<\/div>\n\t\t<\/div><\/td>\n<td style=\"width: 25%; text-align: center;\">Primeo Energie<\/p>\n<p><div id=\"kgvid_kgvid_14_wrapper\" class=\"kgvid_wrapper kgvid_wrapper_auto_left kgvid_wrapper_auto_right\">\n\t\t\t<div id=\"video_kgvid_14_div\" class=\"fitvidsignore kgvid_videodiv\" data-id=\"kgvid_14\" data-kgvid_video_vars=\"{&quot;id&quot;:&quot;kgvid_14&quot;,&quot;attachment_id&quot;:&quot;14433&quot;,&quot;player_type&quot;:&quot;Video.js v8&quot;,&quot;width&quot;:&quot;1920&quot;,&quot;height&quot;:1080,&quot;fullwidth&quot;:&quot;false&quot;,&quot;fixed_aspect&quot;:&quot;true&quot;,&quot;countable&quot;:true,&quot;count_views&quot;:&quot;start_complete&quot;,&quot;start&quot;:&quot;&quot;,&quot;autoplay&quot;:&quot;false&quot;,&quot;pauseothervideos&quot;:&quot;true&quot;,&quot;set_volume&quot;:&quot;0.9&quot;,&quot;muted&quot;:&quot;false&quot;,&quot;meta&quot;:true,&quot;endofvideooverlay&quot;:&quot;&quot;,&quot;resize&quot;:&quot;true&quot;,&quot;auto_res&quot;:&quot;automatisch&quot;,&quot;pixel_ratio&quot;:&quot;true&quot;,&quot;right_click&quot;:&quot;on&quot;,&quot;playback_rate&quot;:&quot;false&quot;,&quot;title&quot;:&quot;Prime Energie&quot;,&quot;skip_buttons&quot;:[],&quot;nativecontrolsfortouch&quot;:&quot;false&quot;,&quot;locale&quot;:&quot;de&quot;,&quot;enable_resolutions_plugin&quot;:false}\" itemprop=\"video\" itemscope itemtype=\"https:\/\/schema.org\/VideoObject\"><meta itemprop=\"thumbnailUrl\" content=\"https:\/\/www.synchronsprecher.de\/blog\/wp-content\/uploads\/2026\/01\/Primeo-Energie-Das-sind-wir_thumb1.jpg\"><meta itemprop=\"embedUrl\" content=\"https:\/\/www.synchronsprecher.de\/blog\/?attachment_id=14433&#038;videopack%5Benable%5D=true\"><meta itemprop=\"contentUrl\" content=\"https:\/\/www.synchronsprecher.de\/blog\/wp-content\/uploads\/2026\/01\/Primeo-Energie-Das-sind-wir.mp4\"><meta itemprop=\"name\" content=\"Prime Energie\"><meta itemprop=\"description\" content=\"Video\"><meta itemprop=\"uploadDate\" content=\"2026-01-31T13:34:45+01:00\">\n\t\t\t\t<video id=\"video_kgvid_14\" playsinline controls preload=\"metadata\" poster=\"https:\/\/www.synchronsprecher.de\/blog\/wp-content\/uploads\/2026\/01\/Primeo-Energie-Das-sind-wir_thumb1.jpg\" width=\"1920\" height=\"1080\" class=\"fitvidsignore video-js kg-video-js-skin\">\n\t\t\t\t\t<source src=\"https:\/\/www.synchronsprecher.de\/blog\/wp-content\/uploads\/2026\/01\/Primeo-Energie-Das-sind-wir.mp4?id=14\" type=\"video\/mp4\" data-res=\"1080p\">\n\t\t\t\t<\/video>\n\t\t\t<\/div>\n\t\t\t<div style=\"display:none\" id=\"video_kgvid_14_meta\" class=\"kgvid_video_meta kgvid_video_meta_hover \">\n\t\t\t\t<span class='kgvid_meta_icons'><\/span>\n\t\t\t\t<span id='video_kgvid_14_title' class='kgvid_title'>Prime Energie<\/span>\n<\/div>\n\t\t<\/div><\/td>\n<td style=\"width: 25%; text-align: center;\">8com Cyber Security<\/p>\n<p><div id=\"kgvid_kgvid_15_wrapper\" class=\"kgvid_wrapper kgvid_wrapper_auto_left kgvid_wrapper_auto_right\">\n\t\t\t<div id=\"video_kgvid_15_div\" class=\"fitvidsignore kgvid_videodiv\" data-id=\"kgvid_15\" data-kgvid_video_vars=\"{&quot;id&quot;:&quot;kgvid_15&quot;,&quot;attachment_id&quot;:&quot;14436&quot;,&quot;player_type&quot;:&quot;Video.js v8&quot;,&quot;width&quot;:&quot;1920&quot;,&quot;height&quot;:1080,&quot;fullwidth&quot;:&quot;false&quot;,&quot;fixed_aspect&quot;:&quot;true&quot;,&quot;countable&quot;:true,&quot;count_views&quot;:&quot;start_complete&quot;,&quot;start&quot;:&quot;&quot;,&quot;autoplay&quot;:&quot;false&quot;,&quot;pauseothervideos&quot;:&quot;true&quot;,&quot;set_volume&quot;:&quot;0.9&quot;,&quot;muted&quot;:&quot;false&quot;,&quot;meta&quot;:true,&quot;endofvideooverlay&quot;:&quot;&quot;,&quot;resize&quot;:&quot;true&quot;,&quot;auto_res&quot;:&quot;automatisch&quot;,&quot;pixel_ratio&quot;:&quot;true&quot;,&quot;right_click&quot;:&quot;on&quot;,&quot;playback_rate&quot;:&quot;false&quot;,&quot;title&quot;:&quot;8 Com Cyber Security&quot;,&quot;skip_buttons&quot;:[],&quot;nativecontrolsfortouch&quot;:&quot;false&quot;,&quot;locale&quot;:&quot;de&quot;,&quot;enable_resolutions_plugin&quot;:false}\" itemprop=\"video\" itemscope itemtype=\"https:\/\/schema.org\/VideoObject\"><meta itemprop=\"thumbnailUrl\" content=\"https:\/\/www.synchronsprecher.de\/blog\/wp-content\/uploads\/2026\/01\/8com-Cyber-Security-\u2013-fuer-eine-sichere-digitale-Zukunft_thumb1.jpg\"><meta itemprop=\"embedUrl\" content=\"https:\/\/www.synchronsprecher.de\/blog\/?attachment_id=14436&#038;videopack%5Benable%5D=true\"><meta itemprop=\"contentUrl\" content=\"https:\/\/www.synchronsprecher.de\/blog\/wp-content\/uploads\/2026\/01\/8com-Cyber-Security-\u2013-fuer-eine-sichere-digitale-Zukunft.mp4\"><meta itemprop=\"name\" content=\"8 Com Cyber Security\"><meta itemprop=\"description\" content=\"Video\"><meta itemprop=\"uploadDate\" content=\"2026-01-31T13:38:15+01:00\">\n\t\t\t\t<video id=\"video_kgvid_15\" playsinline controls preload=\"metadata\" poster=\"https:\/\/www.synchronsprecher.de\/blog\/wp-content\/uploads\/2026\/01\/8com-Cyber-Security-\u2013-fuer-eine-sichere-digitale-Zukunft_thumb1.jpg\" width=\"1920\" height=\"1080\" class=\"fitvidsignore video-js kg-video-js-skin\">\n\t\t\t\t\t<source src=\"https:\/\/www.synchronsprecher.de\/blog\/wp-content\/uploads\/2026\/01\/8com-Cyber-Security-\u2013-fuer-eine-sichere-digitale-Zukunft.mp4?id=15\" type=\"video\/mp4\" data-res=\"1080p\">\n\t\t\t\t<\/video>\n\t\t\t<\/div>\n\t\t\t<div style=\"display:none\" id=\"video_kgvid_15_meta\" class=\"kgvid_video_meta kgvid_video_meta_hover \">\n\t\t\t\t<span class='kgvid_meta_icons'><\/span>\n\t\t\t\t<span id='video_kgvid_15_title' class='kgvid_title'>8 Com Cyber Security<\/span>\n<\/div>\n\t\t<\/div><\/td>\n<\/tr>\n<tr>\n<td style=\"width: 25%;\">\n<p style=\"text-align: center;\">just.ai &#8211; Online Clip<\/p>\n<p><div id=\"kgvid_kgvid_16_wrapper\" class=\"kgvid_wrapper kgvid_wrapper_auto_left kgvid_wrapper_auto_right\">\n\t\t\t<div id=\"video_kgvid_16_div\" class=\"fitvidsignore kgvid_videodiv\" data-id=\"kgvid_16\" data-kgvid_video_vars=\"{&quot;id&quot;:&quot;kgvid_16&quot;,&quot;attachment_id&quot;:&quot;14560&quot;,&quot;player_type&quot;:&quot;Video.js v8&quot;,&quot;width&quot;:&quot;1920&quot;,&quot;height&quot;:1080,&quot;fullwidth&quot;:&quot;false&quot;,&quot;fixed_aspect&quot;:&quot;true&quot;,&quot;countable&quot;:true,&quot;count_views&quot;:&quot;start_complete&quot;,&quot;start&quot;:&quot;&quot;,&quot;autoplay&quot;:&quot;false&quot;,&quot;pauseothervideos&quot;:&quot;true&quot;,&quot;set_volume&quot;:&quot;0.9&quot;,&quot;muted&quot;:&quot;false&quot;,&quot;meta&quot;:true,&quot;endofvideooverlay&quot;:&quot;&quot;,&quot;resize&quot;:&quot;true&quot;,&quot;auto_res&quot;:&quot;automatisch&quot;,&quot;pixel_ratio&quot;:&quot;true&quot;,&quot;right_click&quot;:&quot;on&quot;,&quot;playback_rate&quot;:&quot;false&quot;,&quot;title&quot;:&quot;Just.ai&quot;,&quot;skip_buttons&quot;:[],&quot;nativecontrolsfortouch&quot;:&quot;false&quot;,&quot;locale&quot;:&quot;de&quot;,&quot;enable_resolutions_plugin&quot;:false}\" itemprop=\"video\" itemscope itemtype=\"https:\/\/schema.org\/VideoObject\"><meta itemprop=\"thumbnailUrl\" content=\"https:\/\/www.synchronsprecher.de\/blog\/wp-content\/uploads\/2026\/02\/German-FullHD__thumb2.jpg\"><meta itemprop=\"embedUrl\" content=\"https:\/\/www.synchronsprecher.de\/blog\/?attachment_id=14560&#038;videopack%5Benable%5D=true\"><meta itemprop=\"contentUrl\" content=\"https:\/\/www.synchronsprecher.de\/blog\/wp-content\/uploads\/2026\/01\/German-FullHD_.mp4\"><meta itemprop=\"name\" content=\"Just.ai\"><meta itemprop=\"description\" content=\"Video\"><meta itemprop=\"uploadDate\" content=\"2026-02-04T10:05:19+01:00\">\n\t\t\t\t<video id=\"video_kgvid_16\" playsinline controls preload=\"metadata\" poster=\"https:\/\/www.synchronsprecher.de\/blog\/wp-content\/uploads\/2026\/02\/German-FullHD__thumb2.jpg\" width=\"1920\" height=\"1080\" class=\"fitvidsignore video-js kg-video-js-skin\">\n\t\t\t\t\t<source src=\"https:\/\/www.synchronsprecher.de\/blog\/wp-content\/uploads\/2026\/01\/German-FullHD_.mp4?id=16\" type=\"video\/mp4\" data-res=\"1080p\">\n\t\t\t\t<\/video>\n\t\t\t<\/div>\n\t\t\t<div style=\"display:none\" id=\"video_kgvid_16_meta\" class=\"kgvid_video_meta kgvid_video_meta_hover \">\n\t\t\t\t<span class='kgvid_meta_icons'><\/span>\n\t\t\t\t<span id='video_kgvid_16_title' class='kgvid_title'>Just.ai<\/span>\n<\/div>\n\t\t<\/div><\/td>\n<td style=\"width: 25%;\">\n<p style=\"text-align: center;\">SOS Kinderdorf &#8211; TV Spot<\/p>\n<p><div id=\"kgvid_kgvid_17_wrapper\" class=\"kgvid_wrapper kgvid_wrapper_auto_left kgvid_wrapper_auto_right\">\n\t\t\t<div id=\"video_kgvid_17_div\" class=\"fitvidsignore kgvid_videodiv\" data-id=\"kgvid_17\" data-kgvid_video_vars=\"{&quot;id&quot;:&quot;kgvid_17&quot;,&quot;attachment_id&quot;:&quot;14846&quot;,&quot;player_type&quot;:&quot;Video.js v8&quot;,&quot;width&quot;:&quot;1920&quot;,&quot;height&quot;:1080,&quot;fullwidth&quot;:&quot;false&quot;,&quot;fixed_aspect&quot;:&quot;true&quot;,&quot;countable&quot;:true,&quot;count_views&quot;:&quot;start_complete&quot;,&quot;start&quot;:&quot;&quot;,&quot;autoplay&quot;:&quot;false&quot;,&quot;pauseothervideos&quot;:&quot;true&quot;,&quot;set_volume&quot;:&quot;0.9&quot;,&quot;muted&quot;:&quot;false&quot;,&quot;meta&quot;:true,&quot;endofvideooverlay&quot;:&quot;&quot;,&quot;resize&quot;:&quot;true&quot;,&quot;auto_res&quot;:&quot;automatisch&quot;,&quot;pixel_ratio&quot;:&quot;true&quot;,&quot;right_click&quot;:&quot;on&quot;,&quot;playback_rate&quot;:&quot;false&quot;,&quot;title&quot;:&quot;SOS Kinderdorf DE Sunil&quot;,&quot;skip_buttons&quot;:[],&quot;nativecontrolsfortouch&quot;:&quot;false&quot;,&quot;locale&quot;:&quot;de&quot;,&quot;enable_resolutions_plugin&quot;:false}\" itemprop=\"video\" itemscope itemtype=\"https:\/\/schema.org\/VideoObject\"><meta itemprop=\"thumbnailUrl\" content=\"https:\/\/www.synchronsprecher.de\/blog\/wp-content\/uploads\/2026\/02\/SOS-Kinderdorf_Sunil_Short_DE_thumb1.jpg\"><meta itemprop=\"embedUrl\" content=\"https:\/\/www.synchronsprecher.de\/blog\/?attachment_id=14846&#038;videopack%5Benable%5D=true\"><meta itemprop=\"contentUrl\" content=\"https:\/\/www.synchronsprecher.de\/blog\/wp-content\/uploads\/2026\/01\/SOS-Kinderdorf_Sunil_Short_DE.mp4\"><meta itemprop=\"name\" content=\"SOS Kinderdorf DE Sunil\"><meta itemprop=\"description\" content=\"Video\"><meta itemprop=\"uploadDate\" content=\"2026-02-14T17:21:06+01:00\">\n\t\t\t\t<video id=\"video_kgvid_17\" playsinline controls preload=\"metadata\" poster=\"https:\/\/www.synchronsprecher.de\/blog\/wp-content\/uploads\/2026\/02\/SOS-Kinderdorf_Sunil_Short_DE_thumb1.jpg\" width=\"1920\" height=\"1080\" class=\"fitvidsignore video-js kg-video-js-skin\">\n\t\t\t\t\t<source src=\"https:\/\/www.synchronsprecher.de\/blog\/wp-content\/uploads\/2026\/01\/SOS-Kinderdorf_Sunil_Short_DE.mp4?id=17\" type=\"video\/mp4\" data-res=\"1080p\">\n\t\t\t\t<\/video>\n\t\t\t<\/div>\n\t\t\t<div style=\"display:none\" id=\"video_kgvid_17_meta\" class=\"kgvid_video_meta kgvid_video_meta_hover \">\n\t\t\t\t<span class='kgvid_meta_icons'><\/span>\n\t\t\t\t<span id='video_kgvid_17_title' class='kgvid_title'>SOS Kinderdorf DE Sunil<\/span>\n<\/div>\n\t\t<\/div><\/td>\n<td style=\"width: 25%;\"><\/td>\n<td style=\"width: 25%;\"><\/td>\n<\/tr>\n<\/tbody>\n<\/table>\n<p>&nbsp;<\/p>\n<p style=\"text-align: center;\"><span style=\"text-decoration: underline;\">Fazit:<\/span> Achim &amp; Synchronsprecher.de sind ein tolles Team!<\/p>\n<p>&nbsp;<\/p>\n<p><img decoding=\"async\" class=\"aligncenter wp-image-7755 size-medium\" src=\"https:\/\/www.synchronsprecher.de\/blog\/wp-content\/uploads\/2023\/09\/logo_14-19-300x58.png\" alt=\"\" width=\"300\" height=\"58\" data-wp-pid=\"7755\" srcset=\"https:\/\/www.synchronsprecher.de\/blog\/wp-content\/uploads\/2023\/09\/logo_14-19-200x38.png 200w, https:\/\/www.synchronsprecher.de\/blog\/wp-content\/uploads\/2023\/09\/logo_14-19-300x58.png 300w, https:\/\/www.synchronsprecher.de\/blog\/wp-content\/uploads\/2023\/09\/logo_14-19-400x77.png 400w, https:\/\/www.synchronsprecher.de\/blog\/wp-content\/uploads\/2023\/09\/logo_14-19-600x115.png 600w, https:\/\/www.synchronsprecher.de\/blog\/wp-content\/uploads\/2023\/09\/logo_14-19-768x148.png 768w, https:\/\/www.synchronsprecher.de\/blog\/wp-content\/uploads\/2023\/09\/logo_14-19-800x154.png 800w, https:\/\/www.synchronsprecher.de\/blog\/wp-content\/uploads\/2023\/09\/logo_14-19.png 884w\" sizes=\"(max-width: 300px) 100vw, 300px\" \/><\/p>\n<h1 style=\"text-align: center;\"><span style=\"font-size: 14px;\"><span style=\"text-decoration: underline;\">Synchronsprecher.de<\/span> VITA I KONTAKT I BOOKING I AGENTUR I MANAGEMENT I SPRACHPROBEN I TONSTUDIO I STUDIO<\/span><\/h1>\n<p>&nbsp;<\/p>\n<p>&nbsp;<\/p>\n<p>&nbsp;<\/p>\n<p>&nbsp;<\/p>\n<p>&nbsp;<\/p>\n<p>&nbsp;<\/p>\n<p>&nbsp;<\/p>\n<p>&nbsp;<\/p>\n<p>&nbsp;<\/p>\n<p>&nbsp;<\/p>\n<p>&nbsp;<\/p>\n<p>&nbsp;<\/p>\n<p>&nbsp;<\/p>\n<p>&nbsp;<\/p>\n<p>&nbsp;<\/p>\n<p>&nbsp;<\/p>\n<p>&nbsp;<\/p>\n<p>&nbsp;<\/p>\n<p>&nbsp;<\/p>\n<p>&nbsp;<\/p>\n<p>&nbsp;<\/p>\n<p>&nbsp;<\/p>\n<p>&nbsp;<\/p>\n<p>&nbsp;<\/p>\n<p>&nbsp;<\/p>\n<p>&nbsp;<\/p>\n<p>&nbsp;<\/p>\n<p>&nbsp;<\/p>\n<p>&nbsp;<\/p>\n<p>&nbsp;<\/p>\n<p>&nbsp;<\/p>\n<p>&nbsp;<\/p>\n<p>&nbsp;<\/p>\n<p>&nbsp;<\/p>\n<p>&nbsp;<\/p>\n<p>&nbsp;<\/p>\n<p>&nbsp;<\/p>\n<p>&nbsp;<\/p>\n<p>&nbsp;<\/p>\n<p>&nbsp;<\/p>\n<p>&nbsp;<\/p>\n<p>&nbsp;<\/p>\n<p>&nbsp;<\/p>\n<p>&nbsp;<\/p>\n<p>&nbsp;<\/p>\n<p>&nbsp;<\/p>\n<p>&nbsp;<\/p>\n<p>&nbsp;<\/p>\n<p>&nbsp;<\/p>\n<p>&nbsp;<\/p>\n<p>&nbsp;<\/p>\n<p>&nbsp;<\/p>\n<p>&nbsp;<\/p>\n<p>&nbsp;<\/p>\n<p>&nbsp;<\/p>\n<p>&nbsp;<\/p>\n<p>&nbsp;<\/p>\n<p>&nbsp;<\/p>\n<p>&nbsp;<\/p>\n<p>&nbsp;<\/p>\n<p>&nbsp;<\/p>\n<p>&nbsp;<\/p>\n<p>&nbsp;<\/p>\n<p>&nbsp;<\/p>\n<p>&nbsp;<\/p>\n<p>&nbsp;<\/p>\n<p>&nbsp;<\/p>\n<p>&nbsp;<\/p>\n<p>&nbsp;<\/p>\n<p>&nbsp;<\/p>\n<p>&nbsp;<\/p>\n<p>&nbsp;<\/p>\n<p>&nbsp;<\/p>\n<p>&nbsp;<\/p>\n<p>&nbsp;<\/p>\n<p>&nbsp;<\/p>\n<p>&nbsp;<\/p>\n<p>&nbsp;<\/p>\n<p>&nbsp;<\/p>\n<p>&nbsp;<\/p>\n<p>&nbsp;<\/p>\n<p>&nbsp;<\/p>\n<p>&nbsp;<\/p>\n<p>&nbsp;<\/p>\n<p>&nbsp;<\/p>\n<p>&nbsp;<\/p>\n<p>&nbsp;<\/p>\n<p>&nbsp;<\/p>\n<p>&nbsp;<\/p>\n<p>&nbsp;<\/p>\n<p>&nbsp;<\/p>\n<p>&nbsp;<\/p>\n<p>&nbsp;<\/p>\n<p>&nbsp;<\/p>\n<p>&nbsp;<\/p>\n<p>&nbsp;<\/p>\n<p>&nbsp;<\/p>\n<p>&nbsp;<\/p>\n<p>&nbsp;<\/p>\n<p>&nbsp;<\/p>\n<p>&nbsp;<\/p>\n<p>&nbsp;<\/p>\n<p>&nbsp;<\/p>\n<p>&nbsp;<\/p>\n<p>&nbsp;<\/p>\n<p>&nbsp;<\/p>\n<p>&nbsp;<\/p>\n<p>&nbsp;<\/p>\n<p>&nbsp;<\/p>\n<p>&nbsp;<\/p>\n<p>&nbsp;<\/p>\n<p>&nbsp;<\/p>\n<p>&nbsp;<\/p>\n<p>&nbsp;<\/p>\n<p>&nbsp;<\/p>\n<p>&nbsp;<\/p>\n<p>&nbsp;<\/p>\n<p>&nbsp;<\/p>\n<p>&nbsp;<\/p>\n<p>&nbsp;<\/p>\n<p>&nbsp;<\/p>\n<p>&nbsp;<\/p>\n<p>&nbsp;<\/p>\n<p>&nbsp;<\/p>\n<p>&nbsp;<\/p>\n<p>&nbsp;<\/p>\n<p>&nbsp;<\/p>\n<p>&nbsp;<\/p>\n<p>&nbsp;<\/p>\n<p>&nbsp;<\/p>\n<p>&nbsp;<\/p>\n<p>&nbsp;<\/p>\n<p>&nbsp;<\/p>\n<p>&nbsp;<\/p>\n<p>&nbsp;<\/p>\n<p>&nbsp;<\/p>\n<p>&nbsp;<\/p>\n<p>&nbsp;<\/p>\n<p>&nbsp;<\/p>\n<p>&nbsp;<\/p>\n<p>&nbsp;<\/p>\n<p>&nbsp;<\/p>\n<p>&nbsp;<\/p>\n<p>&nbsp;<\/p>\n<p>&nbsp;<\/p>\n<p>&nbsp;<\/p>\n<p>&nbsp;<\/p>\n<p>&nbsp;<\/p>\n<p>&nbsp;<\/p>\n<p>&nbsp;<\/p>\n<p>&nbsp;<\/p>\n<p>&nbsp;<\/p>\n<p>&nbsp;<\/p>\n<p>&nbsp;<\/p>\n<p>&nbsp;<\/p>\n<p>&nbsp;<\/p>\n<p>&nbsp;<\/p>\n<p>&nbsp;<\/p>\n<p>&nbsp;<\/p>\n<p>&nbsp;<\/p>\n<p>&nbsp;<\/p>\n<p>&nbsp;<\/p>\n<p>&nbsp;<\/p>\n<p>&nbsp;<\/p>\n<p>&nbsp;<\/p>\n<p>&nbsp;<\/p>\n<p>&nbsp;<\/p>\n<p>&nbsp;<\/p>\n<p>&nbsp;<\/p>\n<p>&nbsp;<\/p>\n<p>&nbsp;<\/p>\n<p>&nbsp;<\/p>\n<p>&nbsp;<\/p>\n<p>&nbsp;<\/p>\n<p>&nbsp;<\/p>\n<p>&nbsp;<\/p>\n<p>&nbsp;<\/p>\n<p>&nbsp;<\/p>\n<p>&nbsp;<\/p>\n<p>&nbsp;<\/p>\n<p>&nbsp;<\/p>\n<p>&nbsp;<\/p>\n<p>&nbsp;<\/p>\n<p>Profisprecher f\u00fcr Werbung<br \/>\nProfisprecher f\u00fcr Voice Over<br \/>\nProfisprecher f\u00fcr Imagefilm<br \/>\nProfisprecher f\u00fcr Erkl\u00e4rvideo<br \/>\nProfisprecher f\u00fcr Werbespot<br \/>\nProfisprecher f\u00fcr Radiowerbung<br \/>\nProfisprecher f\u00fcr TV Werbung<br \/>\nProfisprecher f\u00fcr Online Werbung<br \/>\nProfisprecher f\u00fcr Social Media Werbung<br \/>\nProfisprecher f\u00fcr YouTube Werbung<br \/>\nProfisprecher f\u00fcr Unternehmensfilm<br \/>\nProfisprecher f\u00fcr Industriefilm<br \/>\nProfisprecher f\u00fcr Produktvideo<br \/>\nProfisprecher f\u00fcr Marketingvideo<br \/>\nProfisprecher f\u00fcr Pr\u00e4sentation<br \/>\nProfisprecher f\u00fcr E Learning<br \/>\nProfisprecher f\u00fcr Schulungsvideo<br \/>\nProfisprecher f\u00fcr Tutorial Video<br \/>\nProfisprecher f\u00fcr Dokumentation<br \/>\nProfisprecher f\u00fcr Narration<br \/>\nProfisprecher f\u00fcr Trailer<br \/>\nProfisprecher f\u00fcr Kinotrailer<br \/>\nProfisprecher f\u00fcr Games<br \/>\nProfisprecher f\u00fcr Videospiele<br \/>\nProfisprecher f\u00fcr Animation<br \/>\nProfisprecher f\u00fcr Cartoon<br \/>\nProfisprecher f\u00fcr H\u00f6rbuch<br \/>\nProfisprecher f\u00fcr H\u00f6rspiel<br \/>\nProfisprecher f\u00fcr Podcast Intro<br \/>\nProfisprecher f\u00fcr Podcast Werbung<br \/>\nProfisprecher f\u00fcr Telefonansage<br \/>\nProfisprecher f\u00fcr Warteschleife<br \/>\nProfisprecher f\u00fcr Anrufbeantworter Ansage<br \/>\nProfisprecher f\u00fcr IVR Ansagen<br \/>\nProfisprecher f\u00fcr Messevideo<br \/>\nProfisprecher f\u00fcr Event Trailer<br \/>\nProfisprecher f\u00fcr Audioguide<br \/>\nProfisprecher f\u00fcr Museumsf\u00fchrung<br \/>\nProfisprecher f\u00fcr App Video<br \/>\nProfisprecher f\u00fcr Software Pr\u00e4sentation<br \/>\nProfisprecher f\u00fcr Startup Video<br \/>\nProfisprecher f\u00fcr Recruiting Video<br \/>\nProfisprecher f\u00fcr Employer Branding Video<br \/>\nProfisprecher f\u00fcr Social Media Video<br \/>\nProfisprecher f\u00fcr Instagram Werbung<br \/>\nProfisprecher f\u00fcr Facebook Werbung<br \/>\nProfisprecher f\u00fcr TikTok Werbung<br \/>\nProfisprecher f\u00fcr Unternehmenspr\u00e4sentation<br \/>\nProfisprecher f\u00fcr Markenfilm<br \/>\nProfisprecher f\u00fcr Corporate Video<br \/>\nProfisprecher f\u00fcr Werbevideo<br \/>\nProfisprecher f\u00fcr Online Spot<br \/>\nProfisprecher f\u00fcr Internet Werbung<br \/>\nProfisprecher f\u00fcr Marketing Kampagne<br \/>\nProfisprecher f\u00fcr Produktpr\u00e4sentation<br \/>\nProfisprecher f\u00fcr Unternehmenskommunikation<br \/>\nProfisprecher f\u00fcr Produktlaunch Video<br \/>\nProfisprecher f\u00fcr Imagevideo<br \/>\nProfisprecher f\u00fcr Firmenvideo<br \/>\nProfisprecher f\u00fcr Werbekampagne<br \/>\nProfisprecher f\u00fcr Kino Werbung<br \/>\nProfisprecher f\u00fcr Audiowerbung<br \/>\nProfisprecher f\u00fcr Werbejingle<br \/>\nProfisprecher f\u00fcr Markenbotschaft<br \/>\nProfisprecher f\u00fcr Storytelling Video<br \/>\nProfisprecher f\u00fcr Unternehmensstory<br \/>\nProfisprecher f\u00fcr Corporate Story<br \/>\nProfisprecher f\u00fcr Pr\u00e4sentationsvideo<br \/>\nProfisprecher f\u00fcr Schulungsfilm<br \/>\nProfisprecher f\u00fcr E Learning Kurs<br \/>\nProfisprecher f\u00fcr Online Kurs<br \/>\nProfisprecher f\u00fcr Tutorial Vertonung<br \/>\nProfisprecher f\u00fcr Webvideo<br \/>\nProfisprecher f\u00fcr Landingpage Video<br \/>\nProfisprecher f\u00fcr Recruiting Kampagne<br \/>\nProfisprecher f\u00fcr Mitarbeiter Video<br \/>\nProfisprecher f\u00fcr Unternehmenspodcast<br \/>\nProfisprecher f\u00fcr Podcast Werbung<br \/>\nProfisprecher f\u00fcr Podcast Intro Stimme<br \/>\nProfisprecher f\u00fcr Video Narration<br \/>\nProfisprecher f\u00fcr Dokumentarfilm<br \/>\nProfisprecher f\u00fcr Film Narration<br \/>\nProfisprecher f\u00fcr Filmtrailer<br \/>\nProfisprecher f\u00fcr Streaming Werbung<br \/>\nProfisprecher f\u00fcr OTT Werbung<br \/>\nProfisprecher f\u00fcr Smart TV Werbung<br \/>\nProfisprecher f\u00fcr Social Media Kampagne<br \/>\nProfisprecher f\u00fcr Werbeansage<br \/>\nProfisprecher f\u00fcr Event Ansage<br \/>\nProfisprecher f\u00fcr B\u00fchnenshow Ansage<br \/>\nProfisprecher f\u00fcr Award Show Ansage<br \/>\nProfisprecher f\u00fcr Messe Ansage<br \/>\nProfisprecher f\u00fcr Stadion Ansage<br \/>\nProfisprecher f\u00fcr Livestream Ansage<br \/>\nProfisprecher f\u00fcr Pr\u00e4sentations Ansage<br \/>\nProfisprecher f\u00fcr Hotline Ansage<br \/>\nProfisprecher f\u00fcr Service Hotline<br \/>\nProfisprecher f\u00fcr Unternehmensansage<br \/>\nProfisprecher f\u00fcr Voice Branding<br \/>\nProfisprecher f\u00fcr Markenstimme<br \/>\nProfisprecher f\u00fcr Corporate Voice<\/p>\n","protected":false},"excerpt":{"rendered":"<p>WERBESPRECHER, SYNCHRONSPRECHER, SYNCHRONSTIMME, VOICE OVER, SPRECHER F\u00dcR WERBUNG&#8230; Egal wie man mich nennen mag \u2013 letzten Endes bin ich Profisprecher aus Leidenschaft. Mein Name ist Achim, und meine Stimme ist mein Werkzeug. Was auch immer Sie sprachlich vertont haben m\u00f6chten, kann ich mit meiner ausgebildeten, warmen und sonoren Stimme professionell umsetzen. Eine gute Stimme transportiert nicht nur Worte, sondern auch Emotionen, Atmosph\u00e4re und Vertrauen \u2013 genau das ist mein Anspruch bei jeder Produktion. Zu meinem Repertoire geh\u00f6ren Sprachvertonungen f\u00fcr Imagefilme, Industriefilme, Erkl\u00e4rvideos, Radiospots, Dokumentationen, Trailer, Pr\u00e4sentationen, E-Learnings und Narrationen. Auch H\u00f6rb\u00fccher, Synchron, Games, Show-Ansagen sowie [&#8230;]<\/p>\n","protected":false},"author":2,"featured_media":15775,"comment_status":"open","ping_status":"open","sticky":false,"template":"","format":"standard","meta":{"_acf_changed":false,"footnotes":""},"categories":[1],"tags":[],"class_list":["post-15774","post","type-post","status-publish","format-standard","has-post-thumbnail","hentry","category-allgemein"],"acf":[],"yoast_head":"<!-- This site is optimized with the Yoast SEO plugin v27.5 - https:\/\/yoast.com\/product\/yoast-seo-wordpress\/ -->\n<title>Profisprecher - Achim - Synchronsprecher<\/title>\n<meta name=\"description\" content=\"Profisprecher - Achim - Werbesprecher, Synchronsprecher, Synchronstimme, Voice Over Sprecher, Sprecher f\u00fcr Werbung\" \/>\n<meta name=\"robots\" content=\"index, follow, max-snippet:-1, max-image-preview:large, max-video-preview:-1\" \/>\n<link rel=\"canonical\" href=\"https:\/\/www.synchronsprecher.de\/blog\/profisprecher-achim\/\" \/>\n<meta name=\"author\" content=\"Corsta Danner\" \/>\n<script type=\"application\/ld+json\" class=\"yoast-schema-graph\">{\"@context\":\"https:\\\/\\\/schema.org\",\"@graph\":[{\"@type\":\"BreadcrumbList\",\"@id\":\"https:\\\/\\\/www.synchronsprecher.de\\\/blog\\\/profisprecher-achim\\\/#breadcrumb\",\"itemListElement\":[{\"@type\":\"ListItem\",\"position\":1,\"name\":\"Startseite\",\"item\":\"https:\\\/\\\/www.synchronsprecher.de\\\/blog\\\/\"},{\"@type\":\"ListItem\",\"position\":2,\"name\":\"Profisprecher &#8211; Achim\"}]}]}<\/script>\n<!-- \/ Yoast SEO plugin. -->","yoast_head_json":{"title":"Profisprecher - Achim - Synchronsprecher","description":"Profisprecher - Achim - Werbesprecher, Synchronsprecher, Synchronstimme, Voice Over Sprecher, Sprecher f\u00fcr Werbung","robots":{"index":"index","follow":"follow","max-snippet":"max-snippet:-1","max-image-preview":"max-image-preview:large","max-video-preview":"max-video-preview:-1"},"canonical":"https:\/\/www.synchronsprecher.de\/blog\/profisprecher-achim\/","author":"Corsta Danner","schema":{"@context":"https:\/\/schema.org","@graph":[{"@type":"BreadcrumbList","@id":"https:\/\/www.synchronsprecher.de\/blog\/profisprecher-achim\/#breadcrumb","itemListElement":[{"@type":"ListItem","position":1,"name":"Startseite","item":"https:\/\/www.synchronsprecher.de\/blog\/"},{"@type":"ListItem","position":2,"name":"Profisprecher &#8211; Achim"}]}]}},"_links":{"self":[{"href":"https:\/\/www.synchronsprecher.de\/blog\/wp-json\/wp\/v2\/posts\/15774","targetHints":{"allow":["GET"]}}],"collection":[{"href":"https:\/\/www.synchronsprecher.de\/blog\/wp-json\/wp\/v2\/posts"}],"about":[{"href":"https:\/\/www.synchronsprecher.de\/blog\/wp-json\/wp\/v2\/types\/post"}],"author":[{"embeddable":true,"href":"https:\/\/www.synchronsprecher.de\/blog\/wp-json\/wp\/v2\/users\/2"}],"replies":[{"embeddable":true,"href":"https:\/\/www.synchronsprecher.de\/blog\/wp-json\/wp\/v2\/comments?post=15774"}],"version-history":[{"count":11,"href":"https:\/\/www.synchronsprecher.de\/blog\/wp-json\/wp\/v2\/posts\/15774\/revisions"}],"predecessor-version":[{"id":16433,"href":"https:\/\/www.synchronsprecher.de\/blog\/wp-json\/wp\/v2\/posts\/15774\/revisions\/16433"}],"wp:featuredmedia":[{"embeddable":true,"href":"https:\/\/www.synchronsprecher.de\/blog\/wp-json\/wp\/v2\/media\/15775"}],"wp:attachment":[{"href":"https:\/\/www.synchronsprecher.de\/blog\/wp-json\/wp\/v2\/media?parent=15774"}],"wp:term":[{"taxonomy":"category","embeddable":true,"href":"https:\/\/www.synchronsprecher.de\/blog\/wp-json\/wp\/v2\/categories?post=15774"},{"taxonomy":"post_tag","embeddable":true,"href":"https:\/\/www.synchronsprecher.de\/blog\/wp-json\/wp\/v2\/tags?post=15774"}],"curies":[{"name":"wp","href":"https:\/\/api.w.org\/{rel}","templated":true}]}}