{"id":15706,"date":"2026-02-06T15:45:34","date_gmt":"2026-02-06T14:45:34","guid":{"rendered":"https:\/\/www.synchronsprecher.de\/blog\/?p=15706"},"modified":"2026-03-21T14:12:26","modified_gmt":"2026-03-21T13:12:26","slug":"professionelle-sprachaufnahme-werbung","status":"publish","type":"post","link":"https:\/\/www.synchronsprecher.de\/blog\/professionelle-sprachaufnahme-werbung\/","title":{"rendered":"Professionelle Sprachaufnahme Werbung"},"content":{"rendered":"<p data-start=\"0\" data-end=\"372\"><img decoding=\"async\" class=\"size-medium wp-image-15707 alignleft\" src=\"https:\/\/www.synchronsprecher.de\/blog\/wp-content\/uploads\/2026\/03\/B0D374C1-0BC4-4C28-A4BF-D3936DDEDBEB-300x99.jpeg\" alt=\"\" width=\"300\" height=\"99\" data-wp-pid=\"15707\" srcset=\"https:\/\/www.synchronsprecher.de\/blog\/wp-content\/uploads\/2026\/03\/B0D374C1-0BC4-4C28-A4BF-D3936DDEDBEB-200x66.jpeg 200w, https:\/\/www.synchronsprecher.de\/blog\/wp-content\/uploads\/2026\/03\/B0D374C1-0BC4-4C28-A4BF-D3936DDEDBEB-300x99.jpeg 300w, https:\/\/www.synchronsprecher.de\/blog\/wp-content\/uploads\/2026\/03\/B0D374C1-0BC4-4C28-A4BF-D3936DDEDBEB-400x132.jpeg 400w, https:\/\/www.synchronsprecher.de\/blog\/wp-content\/uploads\/2026\/03\/B0D374C1-0BC4-4C28-A4BF-D3936DDEDBEB-600x198.jpeg 600w, https:\/\/www.synchronsprecher.de\/blog\/wp-content\/uploads\/2026\/03\/B0D374C1-0BC4-4C28-A4BF-D3936DDEDBEB-768x254.jpeg 768w, https:\/\/www.synchronsprecher.de\/blog\/wp-content\/uploads\/2026\/03\/B0D374C1-0BC4-4C28-A4BF-D3936DDEDBEB-800x264.jpeg 800w, https:\/\/www.synchronsprecher.de\/blog\/wp-content\/uploads\/2026\/03\/B0D374C1-0BC4-4C28-A4BF-D3936DDEDBEB-1024x338.jpeg 1024w, https:\/\/www.synchronsprecher.de\/blog\/wp-content\/uploads\/2026\/03\/B0D374C1-0BC4-4C28-A4BF-D3936DDEDBEB-1200x396.jpeg 1200w, https:\/\/www.synchronsprecher.de\/blog\/wp-content\/uploads\/2026\/03\/B0D374C1-0BC4-4C28-A4BF-D3936DDEDBEB.jpeg 1247w\" sizes=\"(max-width: 300px) 100vw, 300px\" \/>Sie sind auf der Suche nach einer <strong data-start=\"34\" data-end=\"76\">professionellen Sprachaufnahme f\u00fcr Ihre Werbung<\/strong>, die Ihre Botschaft perfekt transportiert? Dann sind Sie bei uns genau richtig. Eine \u00fcberzeugende Werbestimme entscheidet oft dar\u00fcber, ob eine Botschaft im Kopf bleibt oder einfach vorbeigeht. Doch welche Stimme passt am besten zu Ihrem Projekt \u2013 weiblich oder m\u00e4nnlich, dynamisch oder seri\u00f6s?<\/p>\n<p data-start=\"374\" data-end=\"622\"><span style=\"text-decoration: underline;\">Kein Problem:<\/span> Bei uns werden Sie garantiert f\u00fcndig. Wir von synchronsprecher.de sind Experten f\u00fcr <strong data-start=\"472\" data-end=\"513\">professionelle Sprachaufnahmen f\u00fcr Werbung <\/strong>jedweder Art und arbeiten mit erfahrenen Sprecherinnen und Sprechern, die Ihrer Kampagne den passenden Klang verleihen.<\/p>\n<p data-start=\"624\" data-end=\"967\">Zum Beispiel unser beliebter und sonorer <span style=\"color: #008000; --darkreader-inline-color: var(--darkreader-text-008000, #8cff8c);\" data-darkreader-inline-color=\"\"><a style=\"color: #008000; --darkreader-inline-color: var(--darkreader-text-008000, #8cff8c);\" href=\"https:\/\/www.synchronsprecher.de\/blog\/achim-werbesprecher-german-voice-over-talent-for-commercial-male\/\" data-darkreader-inline-color=\"\">Sprecher Achim<\/a><\/span>, der mit seiner warmen Stimme besonders f\u00fcr hochwertige Werbespots gesch\u00e4tzt wird. Oder unsere dynamische <span style=\"color: #008000; --darkreader-inline-color: var(--darkreader-text-008000, #8cff8c);\" data-darkreader-inline-color=\"\"><a style=\"color: #008000; --darkreader-inline-color: var(--darkreader-text-008000, #8cff8c);\" href=\"https:\/\/www.synchronsprecher.de\/blog\/tila-werbesprecherin-german-voice-over-talent-for-commercial-female\/\" data-darkreader-inline-color=\"\">Sprecherin Tila<\/a><\/span>, die mit Energie und Frische begeistert. Ebenso \u00fcberzeugt unsere erfahrene <span style=\"color: #008000;\" data-darkreader-inline-color=\"\"><a style=\"color: #008000;\" href=\"https:\/\/www.synchronsprecher.de\/blog\/sprecherin-fuer-medizinische-und-pharmazeutische-texte\/\" data-darkreader-inline-color=\"\">Sprecherin Brigitte<\/a><\/span> mit ihrer seri\u00f6sen, angenehmen Stimme \u2013 ideal f\u00fcr vertrauensvolle und elegante Werbebotschaften.<\/p>\n<p data-start=\"343\" data-end=\"692\">Beispiel mi mit unserem Sprecher <span style=\"color: #008000;\"><a style=\"color: #008000;\" href=\"https:\/\/www.synchronsprecher.de\/synchronsprecher.html?Link1=004D00610072006B00750073002000310020004B00E400730074006C0065002F\">Markus<\/a><\/span>:<\/p>\n<!--[if lt IE 9]><script>document.createElement('audio');<\/script><![endif]-->\n<audio class=\"wp-audio-shortcode\" id=\"audio-15706-1\" preload=\"none\" style=\"width: 100%;\" controls=\"controls\"><source type=\"audio\/mpeg\" src=\"https:\/\/www.synchronsprecher.de\/blog\/wp-content\/uploads\/2026\/03\/Markus_1_ID1.mp3?_=1\" \/><a href=\"https:\/\/www.synchronsprecher.de\/blog\/wp-content\/uploads\/2026\/03\/Markus_1_ID1.mp3\">https:\/\/www.synchronsprecher.de\/blog\/wp-content\/uploads\/2026\/03\/Markus_1_ID1.mp3<\/a><\/audio>\n<p data-start=\"969\" data-end=\"1228\" data-is-last-node=\"\" data-is-only-node=\"\">\n<p data-start=\"969\" data-end=\"1228\" data-is-last-node=\"\" data-is-only-node=\"\">Alle unsere Sprecherinnen und Sprecher k\u00f6nnen selbstverst\u00e4ndlich auch mit Live-Regie gebucht werden. So stellen wir sicher, dass Ihre <strong data-start=\"1103\" data-end=\"1144\">professionelle Sprachaufnahme f\u00fcr Ihre neue Werbung<\/strong> genau so klingt, wie Sie es sich vorstellen \u2013 pr\u00e4zise, hochwertig und wirkungsvoll.<\/p>\n<p data-start=\"1240\" data-end=\"1366\" data-is-last-node=\"\" data-is-only-node=\"\">\ud83d\udfe2 Dr\u00fccken Sie einfach auf den roten Knopf und finden Sie Ihre Sprecher Stimme f\u00fcr Ihre Sprachaufnahme!<\/p>\n<p><a href=\"https:\/\/www.synchronsprecher.de\/Sprachen\/native-speaker-deutsch-(D).html\"><img decoding=\"async\" class=\"aligncenter\" src=\"https:\/\/www.synchronsprecher.de\/blog\/wp-content\/uploads\/2026\/01\/7760269D-253A-48E9-91C9-31D3F37AD3E7.png\" alt=\"\" width=\"364\" height=\"364\" \/><\/a><\/p>\n<p><img decoding=\"async\" class=\"aligncenter wp-image-7755 size-medium\" src=\"https:\/\/www.synchronsprecher.de\/blog\/wp-content\/uploads\/2023\/09\/logo_14-19-300x58.png\" alt=\"\" width=\"300\" height=\"58\" data-wp-pid=\"7755\" srcset=\"https:\/\/www.synchronsprecher.de\/blog\/wp-content\/uploads\/2023\/09\/logo_14-19-200x38.png 200w, https:\/\/www.synchronsprecher.de\/blog\/wp-content\/uploads\/2023\/09\/logo_14-19-300x58.png 300w, https:\/\/www.synchronsprecher.de\/blog\/wp-content\/uploads\/2023\/09\/logo_14-19-400x77.png 400w, https:\/\/www.synchronsprecher.de\/blog\/wp-content\/uploads\/2023\/09\/logo_14-19-600x115.png 600w, https:\/\/www.synchronsprecher.de\/blog\/wp-content\/uploads\/2023\/09\/logo_14-19-768x148.png 768w, https:\/\/www.synchronsprecher.de\/blog\/wp-content\/uploads\/2023\/09\/logo_14-19-800x154.png 800w, https:\/\/www.synchronsprecher.de\/blog\/wp-content\/uploads\/2023\/09\/logo_14-19.png 884w\" sizes=\"(max-width: 300px) 100vw, 300px\" \/><\/p>\n<h1 style=\"text-align: center;\"><span style=\"font-size: 14px;\">\u00a0<span style=\"color: #008000; --darkreader-inline-color: var(--darkreader-text-008000, #72ff72);\" data-darkreader-inline-color=\"\"><a style=\"color: #008000; --darkreader-inline-color: var(--darkreader-text-008000, #72ff72);\" href=\"https:\/\/www.synchronsprecher.de\/blog\/tonstudio-fuer-werbung\/\" data-darkreader-inline-color=\"\">TONSTUDIO F\u00dcR WERBUNG<\/a><\/span> I KONTAKT I BOOKING I <span style=\"color: #008000;\" data-darkreader-inline-color=\"\"><a style=\"color: #008000;\" href=\"https:\/\/www.synchronsprecher.de\/sprecheragentur.html\" data-darkreader-inline-color=\"\">SPRECHERAGENTUR<\/a><\/span> I MANAGEMENT I SPRACHPROBEN I TONSTUDIO I <span style=\"color: #008000; --darkreader-inline-color: var(--darkreader-text-008000, #72ff72);\" data-darkreader-inline-color=\"\"><a style=\"color: #008000; --darkreader-inline-color: var(--darkreader-text-008000, #72ff72);\" href=\"https:\/\/www.synchronsprecher.de\/werbesprecher.html\" data-darkreader-inline-color=\"\">PROFISPRECHER<\/a><\/span> I STUDIO I <span style=\"color: #008000; --darkreader-inline-color: var(--darkreader-text-008000, #72ff72);\" data-darkreader-inline-color=\"\"><a style=\"color: #008000; --darkreader-inline-color: var(--darkreader-text-008000, #72ff72);\" href=\"https:\/\/www.synchronsprecher.de\/blog\/audio-agentur\/\" data-darkreader-inline-color=\"\">AUDIO AGENTUR<\/a><\/span><\/span><\/h1>\n","protected":false},"excerpt":{"rendered":"<p>Sie sind auf der Suche nach einer professionellen Sprachaufnahme f\u00fcr Ihre Werbung, die Ihre Botschaft perfekt transportiert? Dann sind Sie bei uns genau richtig. Eine \u00fcberzeugende Werbestimme entscheidet oft dar\u00fcber, ob eine Botschaft im Kopf bleibt oder einfach vorbeigeht. Doch welche Stimme passt am besten zu Ihrem Projekt \u2013 weiblich oder m\u00e4nnlich, dynamisch oder seri\u00f6s? Kein Problem: Bei uns werden Sie garantiert f\u00fcndig. Wir von synchronsprecher.de sind Experten f\u00fcr professionelle Sprachaufnahmen f\u00fcr Werbung jedweder Art und arbeiten mit erfahrenen Sprecherinnen und Sprechern, die Ihrer Kampagne den passenden Klang verleihen. Zum Beispiel unser beliebter und sonorer [&#8230;]<\/p>\n","protected":false},"author":2,"featured_media":15707,"comment_status":"open","ping_status":"open","sticky":false,"template":"","format":"standard","meta":{"_acf_changed":false,"footnotes":""},"categories":[1],"tags":[],"class_list":["post-15706","post","type-post","status-publish","format-standard","has-post-thumbnail","hentry","category-allgemein"],"acf":[],"yoast_head":"<!-- This site is optimized with the Yoast SEO plugin v27.5 - https:\/\/yoast.com\/product\/yoast-seo-wordpress\/ -->\n<title>Professionelle Sprachaufnahme Werbung - Synchronsprecher<\/title>\n<meta name=\"description\" content=\"Professionelle Sprachaufnahme Werbung - Synchronsprecher und Synchronsprecherinnen - Werbesprecher + Tonstudio + Produktion.\" \/>\n<meta name=\"robots\" content=\"index, follow, max-snippet:-1, max-image-preview:large, max-video-preview:-1\" \/>\n<link rel=\"canonical\" href=\"https:\/\/www.synchronsprecher.de\/blog\/professionelle-sprachaufnahme-werbung\/\" \/>\n<meta name=\"author\" content=\"Corsta Danner\" \/>\n<script type=\"application\/ld+json\" class=\"yoast-schema-graph\">{\"@context\":\"https:\\\/\\\/schema.org\",\"@graph\":[{\"@type\":\"BreadcrumbList\",\"@id\":\"https:\\\/\\\/www.synchronsprecher.de\\\/blog\\\/professionelle-sprachaufnahme-werbung\\\/#breadcrumb\",\"itemListElement\":[{\"@type\":\"ListItem\",\"position\":1,\"name\":\"Startseite\",\"item\":\"https:\\\/\\\/www.synchronsprecher.de\\\/blog\\\/\"},{\"@type\":\"ListItem\",\"position\":2,\"name\":\"Professionelle Sprachaufnahme Werbung\"}]}]}<\/script>\n<!-- \/ Yoast SEO plugin. -->","yoast_head_json":{"title":"Professionelle Sprachaufnahme Werbung - Synchronsprecher","description":"Professionelle Sprachaufnahme Werbung - Synchronsprecher und Synchronsprecherinnen - Werbesprecher + Tonstudio + Produktion.","robots":{"index":"index","follow":"follow","max-snippet":"max-snippet:-1","max-image-preview":"max-image-preview:large","max-video-preview":"max-video-preview:-1"},"canonical":"https:\/\/www.synchronsprecher.de\/blog\/professionelle-sprachaufnahme-werbung\/","author":"Corsta Danner","schema":{"@context":"https:\/\/schema.org","@graph":[{"@type":"BreadcrumbList","@id":"https:\/\/www.synchronsprecher.de\/blog\/professionelle-sprachaufnahme-werbung\/#breadcrumb","itemListElement":[{"@type":"ListItem","position":1,"name":"Startseite","item":"https:\/\/www.synchronsprecher.de\/blog\/"},{"@type":"ListItem","position":2,"name":"Professionelle Sprachaufnahme Werbung"}]}]}},"_links":{"self":[{"href":"https:\/\/www.synchronsprecher.de\/blog\/wp-json\/wp\/v2\/posts\/15706","targetHints":{"allow":["GET"]}}],"collection":[{"href":"https:\/\/www.synchronsprecher.de\/blog\/wp-json\/wp\/v2\/posts"}],"about":[{"href":"https:\/\/www.synchronsprecher.de\/blog\/wp-json\/wp\/v2\/types\/post"}],"author":[{"embeddable":true,"href":"https:\/\/www.synchronsprecher.de\/blog\/wp-json\/wp\/v2\/users\/2"}],"replies":[{"embeddable":true,"href":"https:\/\/www.synchronsprecher.de\/blog\/wp-json\/wp\/v2\/comments?post=15706"}],"version-history":[{"count":5,"href":"https:\/\/www.synchronsprecher.de\/blog\/wp-json\/wp\/v2\/posts\/15706\/revisions"}],"predecessor-version":[{"id":16573,"href":"https:\/\/www.synchronsprecher.de\/blog\/wp-json\/wp\/v2\/posts\/15706\/revisions\/16573"}],"wp:featuredmedia":[{"embeddable":true,"href":"https:\/\/www.synchronsprecher.de\/blog\/wp-json\/wp\/v2\/media\/15707"}],"wp:attachment":[{"href":"https:\/\/www.synchronsprecher.de\/blog\/wp-json\/wp\/v2\/media?parent=15706"}],"wp:term":[{"taxonomy":"category","embeddable":true,"href":"https:\/\/www.synchronsprecher.de\/blog\/wp-json\/wp\/v2\/categories?post=15706"},{"taxonomy":"post_tag","embeddable":true,"href":"https:\/\/www.synchronsprecher.de\/blog\/wp-json\/wp\/v2\/tags?post=15706"}],"curies":[{"name":"wp","href":"https:\/\/api.w.org\/{rel}","templated":true}]}}