{"id":15662,"date":"2026-02-06T15:45:00","date_gmt":"2026-02-06T14:45:00","guid":{"rendered":"https:\/\/www.synchronsprecher.de\/blog\/?p=15662"},"modified":"2026-03-21T13:37:37","modified_gmt":"2026-03-21T12:37:37","slug":"sprecher-fuer-stadtfuehrung","status":"publish","type":"post","link":"https:\/\/www.synchronsprecher.de\/blog\/sprecher-fuer-stadtfuehrung\/","title":{"rendered":"Sprecher f\u00fcr Stadtf\u00fchrung"},"content":{"rendered":"<p data-start=\"0\" data-end=\"471\"><img decoding=\"async\" class=\"size-medium wp-image-15663 alignleft\" src=\"https:\/\/www.synchronsprecher.de\/blog\/wp-content\/uploads\/2026\/03\/IMG_1806-300x123.jpeg\" alt=\"\" width=\"300\" height=\"123\" data-wp-pid=\"15663\" srcset=\"https:\/\/www.synchronsprecher.de\/blog\/wp-content\/uploads\/2026\/03\/IMG_1806-200x82.jpeg 200w, https:\/\/www.synchronsprecher.de\/blog\/wp-content\/uploads\/2026\/03\/IMG_1806-300x123.jpeg 300w, https:\/\/www.synchronsprecher.de\/blog\/wp-content\/uploads\/2026\/03\/IMG_1806-400x164.jpeg 400w, https:\/\/www.synchronsprecher.de\/blog\/wp-content\/uploads\/2026\/03\/IMG_1806-600x245.jpeg 600w, https:\/\/www.synchronsprecher.de\/blog\/wp-content\/uploads\/2026\/03\/IMG_1806-669x272.jpeg 669w, https:\/\/www.synchronsprecher.de\/blog\/wp-content\/uploads\/2026\/03\/IMG_1806-768x314.jpeg 768w, https:\/\/www.synchronsprecher.de\/blog\/wp-content\/uploads\/2026\/03\/IMG_1806-800x327.jpeg 800w, https:\/\/www.synchronsprecher.de\/blog\/wp-content\/uploads\/2026\/03\/IMG_1806-1024x419.jpeg 1024w, https:\/\/www.synchronsprecher.de\/blog\/wp-content\/uploads\/2026\/03\/IMG_1806-1200x491.jpeg 1200w, https:\/\/www.synchronsprecher.de\/blog\/wp-content\/uploads\/2026\/03\/IMG_1806.jpeg 1247w\" sizes=\"(max-width: 300px) 100vw, 300px\" \/>Ein guter <strong data-start=\"4\" data-end=\"33\">Sprecher f\u00fcr eine Stadtf\u00fchrung<\/strong> braucht eine besonders angenehme und einladende Stimme. Bei einer Stadtf\u00fchrung h\u00f6ren Besucher oft \u00fcber l\u00e4ngere Zeit aufmerksam zu \u2013 deshalb sollte die Stimme nicht nur informativ sein, sondern auch warm, verst\u00e4ndlich und sympathisch klingen. Eine gute Sprecherstimme schafft Atmosph\u00e4re, erz\u00e4hlt Geschichten lebendig und begleitet G\u00e4ste durch Geschichte, Kultur und Sehensw\u00fcrdigkeiten einer Stadt. Genau so entsteht echtes Kopfkino bei den Zuh\u00f6rern.<\/p>\n<p data-start=\"473\" data-end=\"771\">Bei <strong data-start=\"477\" data-end=\"500\">Synchronsprecher.de<\/strong> finden Sie viele professionelle Stimmen, die sich ideal als <strong data-start=\"561\" data-end=\"590\">Sprecher f\u00fcr Ihre Stadtf\u00fchrung<\/strong> eignen. In unserer umfangreichen Sprecherdatenbank stehen Ihnen zahlreiche Sprecher und Sprecherinnen mit besonders angenehmen, klaren und gut verst\u00e4ndlichen Stimmen zur Verf\u00fcgung.<\/p>\n<p data-start=\"773\" data-end=\"918\">Nehmen Sie sich Zeit und w\u00e4hlen Sie in Ruhe die Stimme aus, die perfekt zu Ihrem Projekt passt. Gerne beraten wir Sie pers\u00f6nlich bei der Auswahl.<\/p>\n<p data-start=\"920\" data-end=\"1100\" data-is-last-node=\"\" data-is-only-node=\"\">Auf Wunsch realisieren wir die Aufnahme auch mit <strong data-start=\"969\" data-end=\"983\">Live-Regie<\/strong>, sodass Sie direkt Einfluss auf Betonung, Tempo und Stimmung nehmen k\u00f6nnen \u2013 f\u00fcr eine perfekt vertonte Stadtf\u00fchrung.<\/p>\n<p data-start=\"920\" data-end=\"1100\" data-is-last-node=\"\" data-is-only-node=\"\"><span style=\"text-decoration: underline;\"><strong>Beispiel<\/strong><\/span>: G\u00f6rliwood Stadtrundfahrt<\/p>\n<audio class=\"wp-audio-shortcode\" id=\"audio-15662-1\" preload=\"none\" style=\"width: 100%;\" controls=\"controls\"><source type=\"audio\/mpeg\" src=\"https:\/\/www.synchronsprecher.de\/blog\/wp-content\/uploads\/2026\/02\/Goerliwood.mp3?_=1\" \/><a href=\"https:\/\/www.synchronsprecher.de\/blog\/wp-content\/uploads\/2026\/02\/Goerliwood.mp3\">https:\/\/www.synchronsprecher.de\/blog\/wp-content\/uploads\/2026\/02\/Goerliwood.mp3<\/a><\/audio>\n<p>&nbsp;<\/p>\n<p data-start=\"1413\" data-end=\"1494\">\ud83d\udfe2 Klicken Sie einfach auf den roten Knopf und gelangen Sie direkt zu den besten Sprechern Deutschlands f\u00fcr Ihren <span style=\"color: #008000;\" data-darkreader-inline-color=\"\"><a style=\"color: #008000;\" href=\"https:\/\/www.synchronsprecher.de\/leistungen\/audioguide-sprecher-buchen.html\" data-darkreader-inline-color=\"\">Audioguide<\/a><\/span>.<\/p>\n<p data-start=\"824\" data-end=\"1193\" data-is-last-node=\"\" data-is-only-node=\"\"><a href=\"https:\/\/www.synchronsprecher.de\/werbesprecher.html\" target=\"_blank\" rel=\"noopener\"><img decoding=\"async\" class=\"aligncenter\" src=\"https:\/\/www.synchronsprecher.de\/blog\/wp-content\/uploads\/2026\/01\/7760269D-253A-48E9-91C9-31D3F37AD3E7.png\" alt=\"\" width=\"364\" height=\"364\" \/><\/a><\/p>\n<p><img decoding=\"async\" class=\"aligncenter wp-image-7755 size-medium\" src=\"https:\/\/www.synchronsprecher.de\/blog\/wp-content\/uploads\/2023\/09\/logo_14-19-300x58.png\" alt=\"\" width=\"300\" height=\"58\" data-wp-pid=\"7755\" srcset=\"https:\/\/www.synchronsprecher.de\/blog\/wp-content\/uploads\/2023\/09\/logo_14-19-200x38.png 200w, https:\/\/www.synchronsprecher.de\/blog\/wp-content\/uploads\/2023\/09\/logo_14-19-300x58.png 300w, https:\/\/www.synchronsprecher.de\/blog\/wp-content\/uploads\/2023\/09\/logo_14-19-400x77.png 400w, https:\/\/www.synchronsprecher.de\/blog\/wp-content\/uploads\/2023\/09\/logo_14-19-600x115.png 600w, https:\/\/www.synchronsprecher.de\/blog\/wp-content\/uploads\/2023\/09\/logo_14-19-768x148.png 768w, https:\/\/www.synchronsprecher.de\/blog\/wp-content\/uploads\/2023\/09\/logo_14-19-800x154.png 800w, https:\/\/www.synchronsprecher.de\/blog\/wp-content\/uploads\/2023\/09\/logo_14-19.png 884w\" sizes=\"(max-width: 300px) 100vw, 300px\" \/><\/p>\n<h1 style=\"text-align: center;\"><span style=\"font-size: 14px;\">\u00a0<span style=\"color: #008000; --darkreader-inline-color: var(--darkreader-text-008000, #72ff72);\" data-darkreader-inline-color=\"\"><a style=\"color: #008000; --darkreader-inline-color: var(--darkreader-text-008000, #72ff72);\" href=\"https:\/\/www.synchronsprecher.de\/blog\/tonstudio-fuer-werbung\/\" data-darkreader-inline-color=\"\">TONSTUDIO F\u00dcR WERBUNG<\/a><\/span> I KONTAKT I BOOKING I <span style=\"color: #008000;\" data-darkreader-inline-color=\"\"><a style=\"color: #008000;\" href=\"https:\/\/www.synchronsprecher.de\/sprecheragentur.html\" data-darkreader-inline-color=\"\">SPRECHERAGENTUR<\/a><\/span> I MANAGEMENT I SPRACHPROBEN I TONSTUDIO I <span style=\"color: #008000; --darkreader-inline-color: var(--darkreader-text-008000, #72ff72);\" data-darkreader-inline-color=\"\"><a style=\"color: #008000; --darkreader-inline-color: var(--darkreader-text-008000, #72ff72);\" href=\"https:\/\/www.synchronsprecher.de\/werbesprecher.html\" data-darkreader-inline-color=\"\">PROFISPRECHER<\/a><\/span> I STUDIO I <span style=\"color: #008000; --darkreader-inline-color: var(--darkreader-text-008000, #72ff72);\" data-darkreader-inline-color=\"\"><a style=\"color: #008000; --darkreader-inline-color: var(--darkreader-text-008000, #72ff72);\" href=\"https:\/\/www.synchronsprecher.de\/blog\/audio-agentur\/\" data-darkreader-inline-color=\"\">AUDIO AGENTUR<\/a><\/span><\/span><\/h1>\n","protected":false},"excerpt":{"rendered":"<p>Ein guter Sprecher f\u00fcr eine Stadtf\u00fchrung braucht eine besonders angenehme und einladende Stimme. Bei einer Stadtf\u00fchrung h\u00f6ren Besucher oft \u00fcber l\u00e4ngere Zeit aufmerksam zu \u2013 deshalb sollte die Stimme nicht nur informativ sein, sondern auch warm, verst\u00e4ndlich und sympathisch klingen. Eine gute Sprecherstimme schafft Atmosph\u00e4re, erz\u00e4hlt Geschichten lebendig und begleitet G\u00e4ste durch Geschichte, Kultur und Sehensw\u00fcrdigkeiten einer Stadt. Genau so entsteht echtes Kopfkino bei den Zuh\u00f6rern. Bei Synchronsprecher.de finden Sie viele professionelle Stimmen, die sich ideal als Sprecher f\u00fcr Ihre Stadtf\u00fchrung eignen. In unserer umfangreichen Sprecherdatenbank stehen Ihnen zahlreiche Sprecher und Sprecherinnen mit besonders angenehmen, [&#8230;]<\/p>\n","protected":false},"author":2,"featured_media":15663,"comment_status":"open","ping_status":"open","sticky":false,"template":"","format":"standard","meta":{"_acf_changed":false,"footnotes":""},"categories":[1],"tags":[],"class_list":["post-15662","post","type-post","status-publish","format-standard","has-post-thumbnail","hentry","category-allgemein"],"acf":[],"yoast_head":"<!-- This site is optimized with the Yoast SEO plugin v27.5 - https:\/\/yoast.com\/product\/yoast-seo-wordpress\/ -->\n<title>Sprecher f\u00fcr Stadtf\u00fchrung - Synchronsprecher<\/title>\n<meta name=\"description\" content=\"Sprecher f\u00fcr Stadtf\u00fchrung - Synchronsprecher und Synchronsprecherinnen - Internationale Synchron Native Speaker + Tonstudio \u2705\" \/>\n<meta name=\"robots\" content=\"index, follow, max-snippet:-1, max-image-preview:large, max-video-preview:-1\" \/>\n<link rel=\"canonical\" href=\"https:\/\/www.synchronsprecher.de\/blog\/sprecher-fuer-stadtfuehrung\/\" \/>\n<meta name=\"author\" content=\"Corsta Danner\" \/>\n<script type=\"application\/ld+json\" class=\"yoast-schema-graph\">{\"@context\":\"https:\\\/\\\/schema.org\",\"@graph\":[{\"@type\":\"BreadcrumbList\",\"@id\":\"https:\\\/\\\/www.synchronsprecher.de\\\/blog\\\/sprecher-fuer-stadtfuehrung\\\/#breadcrumb\",\"itemListElement\":[{\"@type\":\"ListItem\",\"position\":1,\"name\":\"Startseite\",\"item\":\"https:\\\/\\\/www.synchronsprecher.de\\\/blog\\\/\"},{\"@type\":\"ListItem\",\"position\":2,\"name\":\"Sprecher f\u00fcr Stadtf\u00fchrung\"}]}]}<\/script>\n<!-- \/ Yoast SEO plugin. -->","yoast_head_json":{"title":"Sprecher f\u00fcr Stadtf\u00fchrung - Synchronsprecher","description":"Sprecher f\u00fcr Stadtf\u00fchrung - Synchronsprecher und Synchronsprecherinnen - Internationale Synchron Native Speaker + Tonstudio \u2705","robots":{"index":"index","follow":"follow","max-snippet":"max-snippet:-1","max-image-preview":"max-image-preview:large","max-video-preview":"max-video-preview:-1"},"canonical":"https:\/\/www.synchronsprecher.de\/blog\/sprecher-fuer-stadtfuehrung\/","author":"Corsta Danner","schema":{"@context":"https:\/\/schema.org","@graph":[{"@type":"BreadcrumbList","@id":"https:\/\/www.synchronsprecher.de\/blog\/sprecher-fuer-stadtfuehrung\/#breadcrumb","itemListElement":[{"@type":"ListItem","position":1,"name":"Startseite","item":"https:\/\/www.synchronsprecher.de\/blog\/"},{"@type":"ListItem","position":2,"name":"Sprecher f\u00fcr Stadtf\u00fchrung"}]}]}},"_links":{"self":[{"href":"https:\/\/www.synchronsprecher.de\/blog\/wp-json\/wp\/v2\/posts\/15662","targetHints":{"allow":["GET"]}}],"collection":[{"href":"https:\/\/www.synchronsprecher.de\/blog\/wp-json\/wp\/v2\/posts"}],"about":[{"href":"https:\/\/www.synchronsprecher.de\/blog\/wp-json\/wp\/v2\/types\/post"}],"author":[{"embeddable":true,"href":"https:\/\/www.synchronsprecher.de\/blog\/wp-json\/wp\/v2\/users\/2"}],"replies":[{"embeddable":true,"href":"https:\/\/www.synchronsprecher.de\/blog\/wp-json\/wp\/v2\/comments?post=15662"}],"version-history":[{"count":6,"href":"https:\/\/www.synchronsprecher.de\/blog\/wp-json\/wp\/v2\/posts\/15662\/revisions"}],"predecessor-version":[{"id":16560,"href":"https:\/\/www.synchronsprecher.de\/blog\/wp-json\/wp\/v2\/posts\/15662\/revisions\/16560"}],"wp:featuredmedia":[{"embeddable":true,"href":"https:\/\/www.synchronsprecher.de\/blog\/wp-json\/wp\/v2\/media\/15663"}],"wp:attachment":[{"href":"https:\/\/www.synchronsprecher.de\/blog\/wp-json\/wp\/v2\/media?parent=15662"}],"wp:term":[{"taxonomy":"category","embeddable":true,"href":"https:\/\/www.synchronsprecher.de\/blog\/wp-json\/wp\/v2\/categories?post=15662"},{"taxonomy":"post_tag","embeddable":true,"href":"https:\/\/www.synchronsprecher.de\/blog\/wp-json\/wp\/v2\/tags?post=15662"}],"curies":[{"name":"wp","href":"https:\/\/api.w.org\/{rel}","templated":true}]}}