{"id":15627,"date":"2026-02-06T15:45:04","date_gmt":"2026-02-06T14:45:04","guid":{"rendered":"https:\/\/www.synchronsprecher.de\/blog\/?p=15627"},"modified":"2026-03-08T18:23:11","modified_gmt":"2026-03-08T17:23:11","slug":"sprecher-fuer-postproduktion","status":"publish","type":"post","link":"https:\/\/www.synchronsprecher.de\/blog\/sprecher-fuer-postproduktion\/","title":{"rendered":"Sprecher f\u00fcr Postproduktion"},"content":{"rendered":"<p data-start=\"0\" data-end=\"64\"><strong data-start=\"0\" data-end=\"64\"><img decoding=\"async\" class=\"size-medium wp-image-15628 alignleft\" src=\"https:\/\/www.synchronsprecher.de\/blog\/wp-content\/uploads\/2026\/03\/Sprecher-fuer-Postproduktion-300x128.jpg\" alt=\"\" width=\"300\" height=\"128\" data-wp-pid=\"15628\" srcset=\"https:\/\/www.synchronsprecher.de\/blog\/wp-content\/uploads\/2026\/03\/Sprecher-fuer-Postproduktion-200x86.jpg 200w, https:\/\/www.synchronsprecher.de\/blog\/wp-content\/uploads\/2026\/03\/Sprecher-fuer-Postproduktion-300x128.jpg 300w, https:\/\/www.synchronsprecher.de\/blog\/wp-content\/uploads\/2026\/03\/Sprecher-fuer-Postproduktion-400x171.jpg 400w, https:\/\/www.synchronsprecher.de\/blog\/wp-content\/uploads\/2026\/03\/Sprecher-fuer-Postproduktion-600x257.jpg 600w, https:\/\/www.synchronsprecher.de\/blog\/wp-content\/uploads\/2026\/03\/Sprecher-fuer-Postproduktion-768x328.jpg 768w, https:\/\/www.synchronsprecher.de\/blog\/wp-content\/uploads\/2026\/03\/Sprecher-fuer-Postproduktion-800x342.jpg 800w, https:\/\/www.synchronsprecher.de\/blog\/wp-content\/uploads\/2026\/03\/Sprecher-fuer-Postproduktion-940x400.jpg 940w, https:\/\/www.synchronsprecher.de\/blog\/wp-content\/uploads\/2026\/03\/Sprecher-fuer-Postproduktion-1024x438.jpg 1024w, https:\/\/www.synchronsprecher.de\/blog\/wp-content\/uploads\/2026\/03\/Sprecher-fuer-Postproduktion.jpg 1132w\" sizes=\"(max-width: 300px) 100vw, 300px\" \/><span style=\"font-size: 20px;\">Sprecher f\u00fcr Postproduktion \u2013 Perfekter Klang bis ins Detail<\/span><\/strong><\/p>\n<p data-start=\"66\" data-end=\"412\">Ein professioneller <strong data-start=\"86\" data-end=\"117\">Sprecher f\u00fcr Postproduktion<\/strong> ist entscheidend, wenn aus einer guten Aufnahme eine wirklich \u00fcberzeugende Produktion werden soll. Genau hier liegt die St\u00e4rke von Synchronsprecher.de. In <strong data-start=\"273\" data-end=\"299\">Deutschland und Europa<\/strong> gelten wir seit vielen Jahren als Experte f\u00fcr <strong data-start=\"346\" data-end=\"411\">hochwertige Sprachaufnahmen inklusive Schnitt und Bearbeitung<\/strong>.<\/p>\n<p data-start=\"414\" data-end=\"725\">Unsere Produktionen entstehen in <strong data-start=\"447\" data-end=\"483\">modernen, hauseigenen Tonstudios<\/strong>, in denen erfahrene Tonmeister jedes Detail im Blick haben. Sie wissen genau, worauf es bei der <strong data-start=\"580\" data-end=\"644\">Mischung, beim Timing und bei der klanglichen Feinabstimmung<\/strong>ankommt. So entsteht ein Sound, der perfekt zu Bild, Musik und Atmosph\u00e4re passt.<\/p>\n<p data-start=\"727\" data-end=\"984\">Viele <strong data-start=\"733\" data-end=\"753\">nationale Marken<\/strong> vertrauen uns bereits seit Jahren \u2013 nicht zuletzt wegen unseres <strong data-start=\"818\" data-end=\"875\">erstklassigen, schnellen und unkomplizierten Services<\/strong>. Vom ersten Briefing bis zur finalen Postproduktion begleiten wir Ihr Projekt professionell und zuverl\u00e4ssig.<\/p>\n<p data-start=\"986\" data-end=\"1219\" data-is-last-node=\"\" data-is-only-node=\"\">Wenn Sie einen <strong data-start=\"1001\" data-end=\"1032\">Sprecher f\u00fcr Postproduktion<\/strong> suchen, der Ihre Produktion auf ein neues Level hebt, ist Synchronsprecher.de die richtige Adresse. Pr\u00e4zise, kreativ und immer mit dem Anspruch, das bestm\u00f6gliche Ergebnis zu liefern.<\/p>\n<p data-start=\"1137\" data-end=\"1400\" data-is-last-node=\"\" data-is-only-node=\"\">St\u00f6bern Sie gerne ein wenig auf unsere Seite und lassen Sie sich inspirieren. \ud83c\udf99\ufe0f<\/p>\n<p data-start=\"1240\" data-end=\"1366\" data-is-last-node=\"\" data-is-only-node=\"\">\ud83d\udfe2 PS: Wenn Sie auf den roten Knopf klicken, dann gelangen Sie direkt zu unserer Sprecherauswahl.<\/p>\n<p><a href=\"https:\/\/www.synchronsprecher.de\/werbesprecher.html\"><img decoding=\"async\" class=\"aligncenter\" src=\"https:\/\/www.synchronsprecher.de\/blog\/wp-content\/uploads\/2026\/01\/7760269D-253A-48E9-91C9-31D3F37AD3E7.png\" alt=\"\" width=\"364\" height=\"364\" \/><\/a><\/p>\n<p><img decoding=\"async\" class=\"aligncenter wp-image-7755 size-medium\" src=\"https:\/\/www.synchronsprecher.de\/blog\/wp-content\/uploads\/2023\/09\/logo_14-19-300x58.png\" alt=\"\" width=\"300\" height=\"58\" data-wp-pid=\"7755\" srcset=\"https:\/\/www.synchronsprecher.de\/blog\/wp-content\/uploads\/2023\/09\/logo_14-19-200x38.png 200w, https:\/\/www.synchronsprecher.de\/blog\/wp-content\/uploads\/2023\/09\/logo_14-19-300x58.png 300w, https:\/\/www.synchronsprecher.de\/blog\/wp-content\/uploads\/2023\/09\/logo_14-19-400x77.png 400w, https:\/\/www.synchronsprecher.de\/blog\/wp-content\/uploads\/2023\/09\/logo_14-19-600x115.png 600w, https:\/\/www.synchronsprecher.de\/blog\/wp-content\/uploads\/2023\/09\/logo_14-19-768x148.png 768w, https:\/\/www.synchronsprecher.de\/blog\/wp-content\/uploads\/2023\/09\/logo_14-19-800x154.png 800w, https:\/\/www.synchronsprecher.de\/blog\/wp-content\/uploads\/2023\/09\/logo_14-19.png 884w\" sizes=\"(max-width: 300px) 100vw, 300px\" \/><\/p>\n<h1 style=\"text-align: center;\"><span style=\"font-size: 14px;\"><span style=\"text-decoration: underline;\">Synchronsprecher.de<\/span> VITA I KONTAKT I BOOKING I AGENTUR I MANAGEMENT I SPRACHPROBEN I TONSTUDIO I STUDIO<\/span><\/h1>\n<p>&nbsp;<\/p>\n","protected":false},"excerpt":{"rendered":"<p>Sprecher f\u00fcr Postproduktion \u2013 Perfekter Klang bis ins Detail Ein professioneller Sprecher f\u00fcr Postproduktion ist entscheidend, wenn aus einer guten Aufnahme eine wirklich \u00fcberzeugende Produktion werden soll. Genau hier liegt die St\u00e4rke von Synchronsprecher.de. In Deutschland und Europa gelten wir seit vielen Jahren als Experte f\u00fcr hochwertige Sprachaufnahmen inklusive Schnitt und Bearbeitung. Unsere Produktionen entstehen in modernen, hauseigenen Tonstudios, in denen erfahrene Tonmeister jedes Detail im Blick haben. Sie wissen genau, worauf es bei der Mischung, beim Timing und bei der klanglichen Feinabstimmungankommt. So entsteht ein Sound, der perfekt zu Bild, Musik und Atmosph\u00e4re passt. [&#8230;]<\/p>\n","protected":false},"author":2,"featured_media":15628,"comment_status":"open","ping_status":"open","sticky":false,"template":"","format":"standard","meta":{"_acf_changed":false,"footnotes":""},"categories":[1],"tags":[],"class_list":["post-15627","post","type-post","status-publish","format-standard","has-post-thumbnail","hentry","category-allgemein"],"acf":[],"yoast_head":"<!-- This site is optimized with the Yoast SEO plugin v27.5 - https:\/\/yoast.com\/product\/yoast-seo-wordpress\/ -->\n<title>Sprecher f\u00fcr Postproduktion - Synchronsprecher<\/title>\n<meta name=\"description\" content=\"Sprecher f\u00fcr Postproduktion - Synchronsprecher &amp; Synchronsprecherinnen - Internationale Synchron Native Speaker, Synchronagentur - Tonstudio\" \/>\n<meta name=\"robots\" content=\"index, follow, max-snippet:-1, max-image-preview:large, max-video-preview:-1\" \/>\n<link rel=\"canonical\" href=\"https:\/\/www.synchronsprecher.de\/blog\/sprecher-fuer-postproduktion\/\" \/>\n<meta name=\"author\" content=\"Corsta Danner\" \/>\n<script type=\"application\/ld+json\" class=\"yoast-schema-graph\">{\"@context\":\"https:\\\/\\\/schema.org\",\"@graph\":[{\"@type\":\"BreadcrumbList\",\"@id\":\"https:\\\/\\\/www.synchronsprecher.de\\\/blog\\\/sprecher-fuer-postproduktion\\\/#breadcrumb\",\"itemListElement\":[{\"@type\":\"ListItem\",\"position\":1,\"name\":\"Startseite\",\"item\":\"https:\\\/\\\/www.synchronsprecher.de\\\/blog\\\/\"},{\"@type\":\"ListItem\",\"position\":2,\"name\":\"Sprecher f\u00fcr Postproduktion\"}]}]}<\/script>\n<!-- \/ Yoast SEO plugin. -->","yoast_head_json":{"title":"Sprecher f\u00fcr Postproduktion - Synchronsprecher","description":"Sprecher f\u00fcr Postproduktion - Synchronsprecher & Synchronsprecherinnen - Internationale Synchron Native Speaker, Synchronagentur - Tonstudio","robots":{"index":"index","follow":"follow","max-snippet":"max-snippet:-1","max-image-preview":"max-image-preview:large","max-video-preview":"max-video-preview:-1"},"canonical":"https:\/\/www.synchronsprecher.de\/blog\/sprecher-fuer-postproduktion\/","author":"Corsta Danner","schema":{"@context":"https:\/\/schema.org","@graph":[{"@type":"BreadcrumbList","@id":"https:\/\/www.synchronsprecher.de\/blog\/sprecher-fuer-postproduktion\/#breadcrumb","itemListElement":[{"@type":"ListItem","position":1,"name":"Startseite","item":"https:\/\/www.synchronsprecher.de\/blog\/"},{"@type":"ListItem","position":2,"name":"Sprecher f\u00fcr Postproduktion"}]}]}},"_links":{"self":[{"href":"https:\/\/www.synchronsprecher.de\/blog\/wp-json\/wp\/v2\/posts\/15627","targetHints":{"allow":["GET"]}}],"collection":[{"href":"https:\/\/www.synchronsprecher.de\/blog\/wp-json\/wp\/v2\/posts"}],"about":[{"href":"https:\/\/www.synchronsprecher.de\/blog\/wp-json\/wp\/v2\/types\/post"}],"author":[{"embeddable":true,"href":"https:\/\/www.synchronsprecher.de\/blog\/wp-json\/wp\/v2\/users\/2"}],"replies":[{"embeddable":true,"href":"https:\/\/www.synchronsprecher.de\/blog\/wp-json\/wp\/v2\/comments?post=15627"}],"version-history":[{"count":1,"href":"https:\/\/www.synchronsprecher.de\/blog\/wp-json\/wp\/v2\/posts\/15627\/revisions"}],"predecessor-version":[{"id":15629,"href":"https:\/\/www.synchronsprecher.de\/blog\/wp-json\/wp\/v2\/posts\/15627\/revisions\/15629"}],"wp:featuredmedia":[{"embeddable":true,"href":"https:\/\/www.synchronsprecher.de\/blog\/wp-json\/wp\/v2\/media\/15628"}],"wp:attachment":[{"href":"https:\/\/www.synchronsprecher.de\/blog\/wp-json\/wp\/v2\/media?parent=15627"}],"wp:term":[{"taxonomy":"category","embeddable":true,"href":"https:\/\/www.synchronsprecher.de\/blog\/wp-json\/wp\/v2\/categories?post=15627"},{"taxonomy":"post_tag","embeddable":true,"href":"https:\/\/www.synchronsprecher.de\/blog\/wp-json\/wp\/v2\/tags?post=15627"}],"curies":[{"name":"wp","href":"https:\/\/api.w.org\/{rel}","templated":true}]}}