{"id":15495,"date":"2026-02-06T15:44:54","date_gmt":"2026-02-06T14:44:54","guid":{"rendered":"https:\/\/www.synchronsprecher.de\/blog\/?p=15495"},"modified":"2026-03-14T11:38:24","modified_gmt":"2026-03-14T10:38:24","slug":"sprecher-kurzfristig","status":"publish","type":"post","link":"https:\/\/www.synchronsprecher.de\/blog\/sprecher-kurzfristig\/","title":{"rendered":"Sprecher kurzfristig"},"content":{"rendered":"<div class=\"flex flex-col text-sm pb-25\">\n<article class=\"text-token-text-primary w-full focus:outline-none [--shadow-height:45px] has-data-writing-block:pointer-events-none has-data-writing-block:-mt-(--shadow-height) has-data-writing-block:pt-(--shadow-height) [&amp;:has([data-writing-block])&gt;*]:pointer-events-auto scroll-mt-[calc(var(--header-height)+min(200px,max(70px,20svh)))]\" dir=\"auto\" tabindex=\"-1\" data-turn-id=\"request-69a97dbd-d3d0-832d-ad33-d6d11cdc0ce7-4\" data-testid=\"conversation-turn-12\" data-scroll-anchor=\"true\" data-turn=\"assistant\">\n<div class=\"text-base my-auto mx-auto pb-10 [--thread-content-margin:--spacing(4)] @w-sm\/main:[--thread-content-margin:--spacing(6)] @w-lg\/main:[--thread-content-margin:--spacing(16)] px-(--thread-content-margin)\">\n<div class=\"[--thread-content-max-width:40rem] @w-lg\/main:[--thread-content-max-width:48rem] mx-auto max-w-(--thread-content-max-width) flex-1 group\/turn-messages focus-visible:outline-hidden relative flex w-full min-w-0 flex-col agent-turn\" tabindex=\"-1\">\n<div class=\"flex max-w-full flex-col grow\">\n<div class=\"min-h-8 text-message relative flex w-full flex-col items-end gap-2 text-start break-words whitespace-normal [.text-message+&amp;]:mt-1\" dir=\"auto\" data-message-author-role=\"assistant\" data-message-id=\"33c85c0c-3ddd-4b60-9a07-601810b4e39f\" data-message-model-slug=\"gpt-5-3\">\n<div class=\"flex w-full flex-col gap-1 empty:hidden first:pt-[1px]\">\n<div class=\"markdown prose dark:prose-invert w-full wrap-break-word dark markdown-new-styling\">\n<p data-start=\"0\" data-end=\"59\"><strong data-start=\"0\" data-end=\"59\"><img decoding=\"async\" class=\"size-medium wp-image-15496 alignleft\" src=\"https:\/\/www.synchronsprecher.de\/blog\/wp-content\/uploads\/2026\/03\/Sprecher-kurzfristig-300x236.jpg\" alt=\"\" width=\"300\" height=\"236\" data-wp-pid=\"15496\" srcset=\"https:\/\/www.synchronsprecher.de\/blog\/wp-content\/uploads\/2026\/03\/Sprecher-kurzfristig-200x157.jpg 200w, https:\/\/www.synchronsprecher.de\/blog\/wp-content\/uploads\/2026\/03\/Sprecher-kurzfristig-300x236.jpg 300w, https:\/\/www.synchronsprecher.de\/blog\/wp-content\/uploads\/2026\/03\/Sprecher-kurzfristig-400x315.jpg 400w, https:\/\/www.synchronsprecher.de\/blog\/wp-content\/uploads\/2026\/03\/Sprecher-kurzfristig-600x472.jpg 600w, https:\/\/www.synchronsprecher.de\/blog\/wp-content\/uploads\/2026\/03\/Sprecher-kurzfristig-768x604.jpg 768w, https:\/\/www.synchronsprecher.de\/blog\/wp-content\/uploads\/2026\/03\/Sprecher-kurzfristig-800x629.jpg 800w, https:\/\/www.synchronsprecher.de\/blog\/wp-content\/uploads\/2026\/03\/Sprecher-kurzfristig-1024x806.jpg 1024w, https:\/\/www.synchronsprecher.de\/blog\/wp-content\/uploads\/2026\/03\/Sprecher-kurzfristig.jpg 1102w\" sizes=\"(max-width: 300px) 100vw, 300px\" \/>Sprecher kurzfristig buchen \u2013 schnell und professionell<\/strong><\/p>\n<p data-start=\"61\" data-end=\"393\">Sie m\u00fcssen <strong data-start=\"72\" data-end=\"102\">kurzfristig einen Sprecher<\/strong> buchen? Kein Problem. Bei Synchronsprecher.de finden Sie schnell und zuverl\u00e4ssig die passende Stimme f\u00fcr Ihr Projekt. Dank unserer gro\u00dfen <span style=\"color: #008000;\" data-darkreader-inline-color=\"\"><a style=\"color: #008000;\" href=\"https:\/\/www.synchronsprecher.de\/blog\/sprecherkartei\/\" data-darkreader-inline-color=\"\">Sprecherkartei<\/a><\/span> mit <span style=\"color: #008000;\" data-darkreader-inline-color=\"\"><a style=\"color: #008000;\" href=\"https:\/\/www.synchronsprecher.de\/werbesprecher.html\" data-darkreader-inline-color=\"\"><strong data-start=\"260\" data-end=\"325\">\u00fcber 2.500 professionellen Sprechern in mehr als 100 Sprachen<\/strong><\/a><\/span> k\u00f6nnen wir auch bei sehr kurzfristigen Anfragen flexibel reagieren.<\/p>\n<p data-start=\"395\" data-end=\"672\">Ob Werbespot, Imagefilm, <strong data-start=\"420\" data-end=\"434\">Voice-Over<\/strong>, E-Learning, Podcast oder Telefonansage \u2013 wir haben f\u00fcr jedes Projekt die richtige Stimme. M\u00e4nner, Frauen, junge Stimmen oder erfahrene Profis: Unsere Sprecher decken eine enorme Bandbreite an Stilrichtungen, Sprachen und Klangfarben ab.<\/p>\n<p data-start=\"674\" data-end=\"954\">Ein gro\u00dfer Vorteil: In unseren Studios sind <strong data-start=\"718\" data-end=\"757\">t\u00e4glich zahlreiche Sprecher vor Ort<\/strong>. Dadurch k\u00f6nnen wir Produktionen oft noch am selben Tag umsetzen. Wenn Sie also <strong data-start=\"838\" data-end=\"868\">kurzfristig einen Sprecher<\/strong> ben\u00f6tigen, organisieren wir Aufnahme, Regie und Produktion schnell und unkompliziert.<\/p>\n<p data-start=\"956\" data-end=\"1191\">Auch <strong data-start=\"961\" data-end=\"981\">Live-Vertonungen<\/strong> sind bei uns problemlos m\u00f6glich. Sie k\u00f6nnen sich auf Wunsch live zur Aufnahme zuschalten und direkt Einfluss auf Tonfall, Betonung und Tempo nehmen. So entsteht genau die Vertonung, die zu Ihrem Projekt passt.<\/p>\n<p data-start=\"1193\" data-end=\"1442\" data-is-last-node=\"\" data-is-only-node=\"\">Synchronsprecher.de steht seit vielen Jahren f\u00fcr Qualit\u00e4t, Schnelligkeit und professionelle Stimmen. Wenn Sie <strong data-start=\"1303\" data-end=\"1333\">kurzfristig einen Sprecher<\/strong> suchen, sind Sie bei uns genau richtig \u2013 wir liefern die passende Stimme, genau dann, wenn Sie sie brauchen.<\/p>\n<p>Sprechen Sie uns einfach an, wir beraten Sie gerne.<\/p>\n<p data-start=\"1739\" data-end=\"1941\">Per E-Mail an: \u2709 <a title=\"Schreiben Sie uns!\" href=\"mailto:info@synchronsprecher.de\">info@synchronsprecher.de<\/a>\u00a0oder telefonisch unter \u260e <a title=\"Rufen Sie uns an!\" href=\"tel:+4907805493990\">+49 (0)7805 49 3 99-0.<\/a><\/p>\n<\/div>\n<\/div>\n<\/div>\n<\/div>\n<div class=\"z-0 flex min-h-[46px] justify-start\">\n<p data-start=\"1413\" data-end=\"1494\">\ud83d\udfe2 Klicken Sie gerne auf den roten Knopf und gelangen Sie direkt zu unseren Voice-Talents.<\/p>\n<p data-start=\"824\" data-end=\"1193\" data-is-last-node=\"\" data-is-only-node=\"\"><a href=\"https:\/\/www.synchronsprecher.de\/werbesprecher.html\" target=\"_blank\" rel=\"noopener\"><img decoding=\"async\" class=\"aligncenter\" src=\"https:\/\/www.synchronsprecher.de\/blog\/wp-content\/uploads\/2026\/01\/7760269D-253A-48E9-91C9-31D3F37AD3E7.png\" alt=\"\" width=\"364\" height=\"364\" \/><\/a><\/p>\n<p><img decoding=\"async\" class=\"aligncenter wp-image-7755 size-medium\" src=\"https:\/\/www.synchronsprecher.de\/blog\/wp-content\/uploads\/2023\/09\/logo_14-19-300x58.png\" alt=\"\" width=\"300\" height=\"58\" data-wp-pid=\"7755\" srcset=\"https:\/\/www.synchronsprecher.de\/blog\/wp-content\/uploads\/2023\/09\/logo_14-19-200x38.png 200w, https:\/\/www.synchronsprecher.de\/blog\/wp-content\/uploads\/2023\/09\/logo_14-19-300x58.png 300w, https:\/\/www.synchronsprecher.de\/blog\/wp-content\/uploads\/2023\/09\/logo_14-19-400x77.png 400w, https:\/\/www.synchronsprecher.de\/blog\/wp-content\/uploads\/2023\/09\/logo_14-19-600x115.png 600w, https:\/\/www.synchronsprecher.de\/blog\/wp-content\/uploads\/2023\/09\/logo_14-19-768x148.png 768w, https:\/\/www.synchronsprecher.de\/blog\/wp-content\/uploads\/2023\/09\/logo_14-19-800x154.png 800w, https:\/\/www.synchronsprecher.de\/blog\/wp-content\/uploads\/2023\/09\/logo_14-19.png 884w\" sizes=\"(max-width: 300px) 100vw, 300px\" \/><\/p>\n<h1 style=\"text-align: center;\"><span style=\"font-size: 14px;\"><span style=\"text-decoration: underline;\">Synchronsprecher.de<\/span> VITA I KONTAKT I BOOKING I AGENTUR I MANAGEMENT I SPRACHPROBEN I TONSTUDIO I STUDIO<\/span><\/h1>\n<\/div>\n<div class=\"mt-3 w-full empty:hidden\">\n<div class=\"text-center\"><\/div>\n<\/div>\n<\/div>\n<\/div>\n<\/article>\n<\/div>\n","protected":false},"excerpt":{"rendered":"<p>Sprecher kurzfristig buchen \u2013 schnell und professionell Sie m\u00fcssen kurzfristig einen Sprecher buchen? Kein Problem. Bei Synchronsprecher.de finden Sie schnell und zuverl\u00e4ssig die passende Stimme f\u00fcr Ihr Projekt. Dank unserer gro\u00dfen Sprecherkartei mit \u00fcber 2.500 professionellen Sprechern in mehr als 100 Sprachen k\u00f6nnen wir auch bei sehr kurzfristigen Anfragen flexibel reagieren. Ob Werbespot, Imagefilm, Voice-Over, E-Learning, Podcast oder Telefonansage \u2013 wir haben f\u00fcr jedes Projekt die richtige Stimme. M\u00e4nner, Frauen, junge Stimmen oder erfahrene Profis: Unsere Sprecher decken eine enorme Bandbreite an Stilrichtungen, Sprachen und Klangfarben ab. Ein gro\u00dfer Vorteil: In unseren Studios sind t\u00e4glich [&#8230;]<\/p>\n","protected":false},"author":2,"featured_media":15496,"comment_status":"open","ping_status":"open","sticky":false,"template":"","format":"standard","meta":{"_acf_changed":false,"footnotes":""},"categories":[1],"tags":[],"class_list":["post-15495","post","type-post","status-publish","format-standard","has-post-thumbnail","hentry","category-allgemein"],"acf":[],"yoast_head":"<!-- This site is optimized with the Yoast SEO plugin v27.5 - https:\/\/yoast.com\/product\/yoast-seo-wordpress\/ -->\n<title>Sprecher kurzfristig - Synchronsprecher<\/title>\n<meta name=\"description\" content=\"Sprecher kurzfristig - Schnelle Lieferung innerhalb von wenigen Stunden. \ud83d\ude80\" \/>\n<meta name=\"robots\" content=\"index, follow, max-snippet:-1, max-image-preview:large, max-video-preview:-1\" \/>\n<link rel=\"canonical\" href=\"https:\/\/www.synchronsprecher.de\/blog\/sprecher-kurzfristig\/\" \/>\n<meta name=\"author\" content=\"Corsta Danner\" \/>\n<script type=\"application\/ld+json\" class=\"yoast-schema-graph\">{\"@context\":\"https:\\\/\\\/schema.org\",\"@graph\":[{\"@type\":\"BreadcrumbList\",\"@id\":\"https:\\\/\\\/www.synchronsprecher.de\\\/blog\\\/sprecher-kurzfristig\\\/#breadcrumb\",\"itemListElement\":[{\"@type\":\"ListItem\",\"position\":1,\"name\":\"Startseite\",\"item\":\"https:\\\/\\\/www.synchronsprecher.de\\\/blog\\\/\"},{\"@type\":\"ListItem\",\"position\":2,\"name\":\"Sprecher kurzfristig\"}]}]}<\/script>\n<!-- \/ Yoast SEO plugin. -->","yoast_head_json":{"title":"Sprecher kurzfristig - Synchronsprecher","description":"Sprecher kurzfristig - Schnelle Lieferung innerhalb von wenigen Stunden. \ud83d\ude80","robots":{"index":"index","follow":"follow","max-snippet":"max-snippet:-1","max-image-preview":"max-image-preview:large","max-video-preview":"max-video-preview:-1"},"canonical":"https:\/\/www.synchronsprecher.de\/blog\/sprecher-kurzfristig\/","author":"Corsta Danner","schema":{"@context":"https:\/\/schema.org","@graph":[{"@type":"BreadcrumbList","@id":"https:\/\/www.synchronsprecher.de\/blog\/sprecher-kurzfristig\/#breadcrumb","itemListElement":[{"@type":"ListItem","position":1,"name":"Startseite","item":"https:\/\/www.synchronsprecher.de\/blog\/"},{"@type":"ListItem","position":2,"name":"Sprecher kurzfristig"}]}]}},"_links":{"self":[{"href":"https:\/\/www.synchronsprecher.de\/blog\/wp-json\/wp\/v2\/posts\/15495","targetHints":{"allow":["GET"]}}],"collection":[{"href":"https:\/\/www.synchronsprecher.de\/blog\/wp-json\/wp\/v2\/posts"}],"about":[{"href":"https:\/\/www.synchronsprecher.de\/blog\/wp-json\/wp\/v2\/types\/post"}],"author":[{"embeddable":true,"href":"https:\/\/www.synchronsprecher.de\/blog\/wp-json\/wp\/v2\/users\/2"}],"replies":[{"embeddable":true,"href":"https:\/\/www.synchronsprecher.de\/blog\/wp-json\/wp\/v2\/comments?post=15495"}],"version-history":[{"count":4,"href":"https:\/\/www.synchronsprecher.de\/blog\/wp-json\/wp\/v2\/posts\/15495\/revisions"}],"predecessor-version":[{"id":15880,"href":"https:\/\/www.synchronsprecher.de\/blog\/wp-json\/wp\/v2\/posts\/15495\/revisions\/15880"}],"wp:featuredmedia":[{"embeddable":true,"href":"https:\/\/www.synchronsprecher.de\/blog\/wp-json\/wp\/v2\/media\/15496"}],"wp:attachment":[{"href":"https:\/\/www.synchronsprecher.de\/blog\/wp-json\/wp\/v2\/media?parent=15495"}],"wp:term":[{"taxonomy":"category","embeddable":true,"href":"https:\/\/www.synchronsprecher.de\/blog\/wp-json\/wp\/v2\/categories?post=15495"},{"taxonomy":"post_tag","embeddable":true,"href":"https:\/\/www.synchronsprecher.de\/blog\/wp-json\/wp\/v2\/tags?post=15495"}],"curies":[{"name":"wp","href":"https:\/\/api.w.org\/{rel}","templated":true}]}}