{"id":15383,"date":"2026-02-06T15:45:33","date_gmt":"2026-02-06T14:45:33","guid":{"rendered":"https:\/\/www.synchronsprecher.de\/blog\/?p=15383"},"modified":"2026-03-14T11:36:14","modified_gmt":"2026-03-14T10:36:14","slug":"maennliche-stimme-fuer-imagefilm","status":"publish","type":"post","link":"https:\/\/www.synchronsprecher.de\/blog\/maennliche-stimme-fuer-imagefilm\/","title":{"rendered":"M\u00e4nnliche Stimme f\u00fcr Imagefilm"},"content":{"rendered":"<p data-start=\"0\" data-end=\"57\"><span style=\"font-size: 20px;\"><strong data-start=\"0\" data-end=\"57\"><img decoding=\"async\" class=\"size-medium wp-image-15401 alignleft\" src=\"https:\/\/www.synchronsprecher.de\/blog\/wp-content\/uploads\/2026\/03\/3BA44A91-2B6B-405E-AABD-C569D0677219-300x159.jpeg\" alt=\"\" width=\"300\" height=\"159\" data-wp-pid=\"15401\" srcset=\"https:\/\/www.synchronsprecher.de\/blog\/wp-content\/uploads\/2026\/03\/3BA44A91-2B6B-405E-AABD-C569D0677219-200x106.jpeg 200w, https:\/\/www.synchronsprecher.de\/blog\/wp-content\/uploads\/2026\/03\/3BA44A91-2B6B-405E-AABD-C569D0677219-300x159.jpeg 300w, https:\/\/www.synchronsprecher.de\/blog\/wp-content\/uploads\/2026\/03\/3BA44A91-2B6B-405E-AABD-C569D0677219-400x212.jpeg 400w, https:\/\/www.synchronsprecher.de\/blog\/wp-content\/uploads\/2026\/03\/3BA44A91-2B6B-405E-AABD-C569D0677219-600x318.jpeg 600w, https:\/\/www.synchronsprecher.de\/blog\/wp-content\/uploads\/2026\/03\/3BA44A91-2B6B-405E-AABD-C569D0677219-768x407.jpeg 768w, https:\/\/www.synchronsprecher.de\/blog\/wp-content\/uploads\/2026\/03\/3BA44A91-2B6B-405E-AABD-C569D0677219-800x424.jpeg 800w, https:\/\/www.synchronsprecher.de\/blog\/wp-content\/uploads\/2026\/03\/3BA44A91-2B6B-405E-AABD-C569D0677219-1024x542.jpeg 1024w, https:\/\/www.synchronsprecher.de\/blog\/wp-content\/uploads\/2026\/03\/3BA44A91-2B6B-405E-AABD-C569D0677219.jpeg 1110w\" sizes=\"(max-width: 300px) 100vw, 300px\" \/>ST\u00c4RKE, DIE MAN H\u00d6RT<\/strong><\/span><\/p>\n<p data-start=\"59\" data-end=\"397\">Ein Imagefilm ist die Visitenkarte Ihres Unternehmens. Er transportiert Werte, Haltung und Vision \u2013 und genau hier spielt die richtige Stimme eine entscheidende Rolle. Eine kr\u00e4ftige m\u00e4nnliche Stimme vermittelt auf Anhieb St\u00e4rke, Kompetenz und Souver\u00e4nit\u00e4t. Sie schafft Vertrauen, wirkt pr\u00e4sent und gibt Ihrer Botschaft das n\u00f6tige Gewicht.<\/p>\n<p data-start=\"399\" data-end=\"811\"><span style=\"font-size: 20px;\"><strong>DIE RICHTIGE STIMME MACHT DEN UNTERSCHIED<\/strong><\/span><\/p>\n<p data-start=\"399\" data-end=\"811\">Gerade im Imagefilm z\u00e4hlt der erste Eindruck. Eine markante, klare und selbstbewusste m\u00e4nnliche Stimme unterstreicht Professionalit\u00e4t und Verl\u00e4sslichkeit. Sie f\u00fchrt Zuschauer sicher durch Inhalte, erkl\u00e4rt komplexe Themen verst\u00e4ndlich und verleiht Ihrem Unternehmen Charakter. Ob traditionsreiches Familienunternehmen, innovatives Start-up oder internationaler Konzern \u2013 die passende Stimme macht den Unterschied.<\/p>\n<p data-start=\"813\" data-end=\"1116\">In der <span style=\"color: #008000;\" data-darkreader-inline-color=\"\"><a style=\"color: #008000;\" href=\"https:\/\/www.synchronsprecher.de\/blog\/sprecherkartei\/\" data-darkreader-inline-color=\"\">Sprecherkartei<\/a> <\/span>von <span class=\"hover:entity-accent entity-underline inline cursor-pointer align-baseline\"><span class=\"whitespace-normal\">synchronsprecher.de<\/span><\/span> finden Sie die besten und bekanntesten Sprecher Deutschlands f\u00fcr Imagefilme. Von sonor und kraftvoll bis modern und dynamisch \u2013 hier entdecken Sie Stimmen mit Wiedererkennungswert und Erfahrung in nationalen wie internationalen Produktionen.<\/p>\n<p data-start=\"1118\" data-end=\"1376\" data-is-last-node=\"\" data-is-only-node=\"\">Setzen Sie auf Qualit\u00e4t, die man h\u00f6rt. Mit der richtigen Stimme wird Ihr Imagefilm nicht nur gesehen, sondern gesp\u00fcrt. \u00dcberzeugen Sie Ihr Publikum mit Authentizit\u00e4t, Pr\u00e4senz und einer Stimme, die Ihre Unternehmenswerte eindrucksvoll transportiert.<\/p>\n<p data-start=\"1189\" data-end=\"1395\" data-is-last-node=\"\" data-is-only-node=\"\">\ud83d\udfe2 Neugierig geworden?<\/p>\n<p data-start=\"1189\" data-end=\"1395\" data-is-last-node=\"\" data-is-only-node=\"\">Dann dr\u00fccken Sie einfach auf den roten Knopf und h\u00f6ren Sie sich unsere maskulinen Sprecher an \u2013 vielleicht ist Ihre perfekte Voice nur einen Klick entfernt.<\/p>\n<p data-start=\"824\" data-end=\"1193\" data-is-last-node=\"\" data-is-only-node=\"\"><a href=\"https:\/\/www.synchronsprecher.de\/werbesprecher.html\" target=\"_blank\" rel=\"noopener\"><img decoding=\"async\" class=\"aligncenter\" src=\"https:\/\/www.synchronsprecher.de\/blog\/wp-content\/uploads\/2026\/01\/7760269D-253A-48E9-91C9-31D3F37AD3E7.png\" alt=\"\" width=\"364\" height=\"364\" \/><\/a><\/p>\n<p><img decoding=\"async\" class=\"aligncenter wp-image-7755 size-medium\" src=\"https:\/\/www.synchronsprecher.de\/blog\/wp-content\/uploads\/2023\/09\/logo_14-19-300x58.png\" alt=\"\" width=\"300\" height=\"58\" data-wp-pid=\"7755\" srcset=\"https:\/\/www.synchronsprecher.de\/blog\/wp-content\/uploads\/2023\/09\/logo_14-19-200x38.png 200w, https:\/\/www.synchronsprecher.de\/blog\/wp-content\/uploads\/2023\/09\/logo_14-19-300x58.png 300w, https:\/\/www.synchronsprecher.de\/blog\/wp-content\/uploads\/2023\/09\/logo_14-19-400x77.png 400w, https:\/\/www.synchronsprecher.de\/blog\/wp-content\/uploads\/2023\/09\/logo_14-19-600x115.png 600w, https:\/\/www.synchronsprecher.de\/blog\/wp-content\/uploads\/2023\/09\/logo_14-19-768x148.png 768w, https:\/\/www.synchronsprecher.de\/blog\/wp-content\/uploads\/2023\/09\/logo_14-19-800x154.png 800w, https:\/\/www.synchronsprecher.de\/blog\/wp-content\/uploads\/2023\/09\/logo_14-19.png 884w\" sizes=\"(max-width: 300px) 100vw, 300px\" \/><\/p>\n<h1 style=\"text-align: center;\"><span style=\"font-size: 14px;\"><span style=\"text-decoration: underline;\">Synchronsprecher.de<\/span> VITA I KONTAKT I BOOKING I AGENTUR I MANAGEMENT I SPRACHPROBEN I TONSTUDIO I STUDIO<\/span><\/h1>\n","protected":false},"excerpt":{"rendered":"<p>ST\u00c4RKE, DIE MAN H\u00d6RT Ein Imagefilm ist die Visitenkarte Ihres Unternehmens. Er transportiert Werte, Haltung und Vision \u2013 und genau hier spielt die richtige Stimme eine entscheidende Rolle. Eine kr\u00e4ftige m\u00e4nnliche Stimme vermittelt auf Anhieb St\u00e4rke, Kompetenz und Souver\u00e4nit\u00e4t. Sie schafft Vertrauen, wirkt pr\u00e4sent und gibt Ihrer Botschaft das n\u00f6tige Gewicht. DIE RICHTIGE STIMME MACHT DEN UNTERSCHIED Gerade im Imagefilm z\u00e4hlt der erste Eindruck. Eine markante, klare und selbstbewusste m\u00e4nnliche Stimme unterstreicht Professionalit\u00e4t und Verl\u00e4sslichkeit. Sie f\u00fchrt Zuschauer sicher durch Inhalte, erkl\u00e4rt komplexe Themen verst\u00e4ndlich und verleiht Ihrem Unternehmen Charakter. Ob traditionsreiches Familienunternehmen, innovatives Start-up [&#8230;]<\/p>\n","protected":false},"author":2,"featured_media":15401,"comment_status":"open","ping_status":"open","sticky":false,"template":"","format":"standard","meta":{"_acf_changed":false,"footnotes":""},"categories":[1],"tags":[],"class_list":["post-15383","post","type-post","status-publish","format-standard","has-post-thumbnail","hentry","category-allgemein"],"acf":[],"yoast_head":"<!-- This site is optimized with the Yoast SEO plugin v27.5 - https:\/\/yoast.com\/product\/yoast-seo-wordpress\/ -->\n<title>M\u00e4nnliche Stimme f\u00fcr Imagefilm - Synchronsprecher<\/title>\n<meta name=\"description\" content=\"M\u00e4nnliche Stimme f\u00fcr Imagefilm - Synchronsprecher und Synchronsprecherinnen - Synchronagentur - Stimmen direkt buchen. + Tonstudio.\" \/>\n<meta name=\"robots\" content=\"index, follow, max-snippet:-1, max-image-preview:large, max-video-preview:-1\" \/>\n<link rel=\"canonical\" href=\"https:\/\/www.synchronsprecher.de\/blog\/maennliche-stimme-fuer-imagefilm\/\" \/>\n<meta name=\"author\" content=\"Corsta Danner\" \/>\n<script type=\"application\/ld+json\" class=\"yoast-schema-graph\">{\"@context\":\"https:\\\/\\\/schema.org\",\"@graph\":[{\"@type\":\"BreadcrumbList\",\"@id\":\"https:\\\/\\\/www.synchronsprecher.de\\\/blog\\\/maennliche-stimme-fuer-imagefilm\\\/#breadcrumb\",\"itemListElement\":[{\"@type\":\"ListItem\",\"position\":1,\"name\":\"Startseite\",\"item\":\"https:\\\/\\\/www.synchronsprecher.de\\\/blog\\\/\"},{\"@type\":\"ListItem\",\"position\":2,\"name\":\"M\u00e4nnliche Stimme f\u00fcr Imagefilm\"}]}]}<\/script>\n<!-- \/ Yoast SEO plugin. -->","yoast_head_json":{"title":"M\u00e4nnliche Stimme f\u00fcr Imagefilm - Synchronsprecher","description":"M\u00e4nnliche Stimme f\u00fcr Imagefilm - Synchronsprecher und Synchronsprecherinnen - Synchronagentur - Stimmen direkt buchen. + Tonstudio.","robots":{"index":"index","follow":"follow","max-snippet":"max-snippet:-1","max-image-preview":"max-image-preview:large","max-video-preview":"max-video-preview:-1"},"canonical":"https:\/\/www.synchronsprecher.de\/blog\/maennliche-stimme-fuer-imagefilm\/","author":"Corsta Danner","schema":{"@context":"https:\/\/schema.org","@graph":[{"@type":"BreadcrumbList","@id":"https:\/\/www.synchronsprecher.de\/blog\/maennliche-stimme-fuer-imagefilm\/#breadcrumb","itemListElement":[{"@type":"ListItem","position":1,"name":"Startseite","item":"https:\/\/www.synchronsprecher.de\/blog\/"},{"@type":"ListItem","position":2,"name":"M\u00e4nnliche Stimme f\u00fcr Imagefilm"}]}]}},"_links":{"self":[{"href":"https:\/\/www.synchronsprecher.de\/blog\/wp-json\/wp\/v2\/posts\/15383","targetHints":{"allow":["GET"]}}],"collection":[{"href":"https:\/\/www.synchronsprecher.de\/blog\/wp-json\/wp\/v2\/posts"}],"about":[{"href":"https:\/\/www.synchronsprecher.de\/blog\/wp-json\/wp\/v2\/types\/post"}],"author":[{"embeddable":true,"href":"https:\/\/www.synchronsprecher.de\/blog\/wp-json\/wp\/v2\/users\/2"}],"replies":[{"embeddable":true,"href":"https:\/\/www.synchronsprecher.de\/blog\/wp-json\/wp\/v2\/comments?post=15383"}],"version-history":[{"count":6,"href":"https:\/\/www.synchronsprecher.de\/blog\/wp-json\/wp\/v2\/posts\/15383\/revisions"}],"predecessor-version":[{"id":15875,"href":"https:\/\/www.synchronsprecher.de\/blog\/wp-json\/wp\/v2\/posts\/15383\/revisions\/15875"}],"wp:featuredmedia":[{"embeddable":true,"href":"https:\/\/www.synchronsprecher.de\/blog\/wp-json\/wp\/v2\/media\/15401"}],"wp:attachment":[{"href":"https:\/\/www.synchronsprecher.de\/blog\/wp-json\/wp\/v2\/media?parent=15383"}],"wp:term":[{"taxonomy":"category","embeddable":true,"href":"https:\/\/www.synchronsprecher.de\/blog\/wp-json\/wp\/v2\/categories?post=15383"},{"taxonomy":"post_tag","embeddable":true,"href":"https:\/\/www.synchronsprecher.de\/blog\/wp-json\/wp\/v2\/tags?post=15383"}],"curies":[{"name":"wp","href":"https:\/\/api.w.org\/{rel}","templated":true}]}}