{"id":13037,"date":"2026-04-25T14:51:32","date_gmt":"2026-04-25T12:51:32","guid":{"rendered":"https:\/\/www.synchronsprecher.de\/blog\/?p=13037"},"modified":"2026-04-25T16:28:34","modified_gmt":"2026-04-25T14:28:34","slug":"verivox-werbung-sprecher-tonstudio","status":"publish","type":"post","link":"https:\/\/www.synchronsprecher.de\/blog\/verivox-werbung-sprecher-tonstudio\/","title":{"rendered":"VERIVOX Werbung + Sprecher + Tonstudio"},"content":{"rendered":"<p><img decoding=\"async\" class=\"aligncenter wp-image-7865 size-medium\" src=\"https:\/\/www.synchronsprecher.de\/blog\/wp-content\/uploads\/2023\/09\/Verivox-300x169.jpg\" alt=\"\" width=\"300\" height=\"169\" data-wp-pid=\"7865\" srcset=\"https:\/\/www.synchronsprecher.de\/blog\/wp-content\/uploads\/2023\/09\/Verivox-200x113.jpg 200w, https:\/\/www.synchronsprecher.de\/blog\/wp-content\/uploads\/2023\/09\/Verivox-300x169.jpg 300w, https:\/\/www.synchronsprecher.de\/blog\/wp-content\/uploads\/2023\/09\/Verivox-400x225.jpg 400w, https:\/\/www.synchronsprecher.de\/blog\/wp-content\/uploads\/2023\/09\/Verivox-600x338.jpg 600w, https:\/\/www.synchronsprecher.de\/blog\/wp-content\/uploads\/2023\/09\/Verivox-768x432.jpg 768w, https:\/\/www.synchronsprecher.de\/blog\/wp-content\/uploads\/2023\/09\/Verivox-800x450.jpg 800w, https:\/\/www.synchronsprecher.de\/blog\/wp-content\/uploads\/2023\/09\/Verivox.jpg 1024w\" sizes=\"(max-width: 300px) 100vw, 300px\" \/><\/p>\n<div style=\"background-color: whitesmoke; padding-left: 40px;\" data-darkreader-inline-bgcolor=\"\">\n<div style=\"height: 24px;\"><\/div>\n<p>Die sch\u00f6ne Zusammenarbeit mit <strong>VERIVOX<\/strong> geht weiter \ud83e\udd8a&#8230;<\/p>\n<p><strong>VERIVOX<\/strong> \u00a0hat sich auf Tarifvergleiche spezialisiert, um M\u00e4rkte wie Energie (Strom &amp; Gas), Mobilfunk, Internet, Kredite und Versicherungen f\u00fcr Verbraucher transparenter zu machen.<\/p>\n<p>Gerade eben durften wir in unserem <strong>Tonstudio<\/strong>\u00a0den neuen Herbstflight f\u00fcr die <strong>TV &amp; Online Spots<\/strong> vertonen.<br \/>\nDer fuchsige <span style=\"color: #339966;\" data-darkreader-inline-color=\"\"><a style=\"color: #339966;\" href=\"https:\/\/www.synchronsprecher.de\/werbesprecher.html\" data-darkreader-inline-color=\"\"><strong>Werbesprecher<\/strong><\/a><\/span> ist nat\u00fcrlich wieder unser <strong>Profisprecher<\/strong> und Multitalent <strong><span style=\"color: #339966;\" data-darkreader-inline-color=\"\"><a style=\"color: #339966;\" href=\"https:\/\/www.synchronsprecher.de\/synchronsprecher.html?Link1=004700650072006F005F00570061006300680068006F006C007A005F00320030003200310031003100300033003100330035003800310030005F00310033003400360031002F\" data-darkreader-inline-color=\"\">Gero<\/a><\/span><\/strong>.<\/p>\n<p>Und so klingt das in der <strong><span style=\"color: #339966;\" data-darkreader-inline-color=\"\"><a style=\"color: #339966;\" href=\"https:\/\/www.synchronsprecher.de\/blog\/tonmischung-in-der-werbung-tv-online-radio-pos-kino-tonstudio\/\" data-darkreader-inline-color=\"\">finalen Tonmischung;<\/a><\/span><\/strong><\/p>\n<\/div>\n<div id=\"kgvid_kgvid_0_wrapper\" class=\"kgvid_wrapper kgvid_wrapper_auto_left kgvid_wrapper_auto_right\">\n\t\t\t<div id=\"video_kgvid_0_div\" class=\"fitvidsignore kgvid_videodiv\" data-id=\"kgvid_0\" data-kgvid_video_vars=\"{&quot;id&quot;:&quot;kgvid_0&quot;,&quot;attachment_id&quot;:&quot;13039&quot;,&quot;player_type&quot;:&quot;Video.js v8&quot;,&quot;width&quot;:&quot;1920&quot;,&quot;height&quot;:1080,&quot;fullwidth&quot;:&quot;false&quot;,&quot;fixed_aspect&quot;:&quot;true&quot;,&quot;countable&quot;:true,&quot;count_views&quot;:&quot;start_complete&quot;,&quot;start&quot;:&quot;&quot;,&quot;autoplay&quot;:&quot;false&quot;,&quot;pauseothervideos&quot;:&quot;true&quot;,&quot;set_volume&quot;:&quot;0.9&quot;,&quot;muted&quot;:&quot;false&quot;,&quot;meta&quot;:true,&quot;endofvideooverlay&quot;:&quot;&quot;,&quot;resize&quot;:&quot;true&quot;,&quot;auto_res&quot;:&quot;automatisch&quot;,&quot;pixel_ratio&quot;:&quot;true&quot;,&quot;right_click&quot;:&quot;on&quot;,&quot;playback_rate&quot;:&quot;false&quot;,&quot;title&quot;:&quot;&quot;,&quot;skip_buttons&quot;:[],&quot;nativecontrolsfortouch&quot;:&quot;false&quot;,&quot;locale&quot;:&quot;de&quot;,&quot;enable_resolutions_plugin&quot;:false}\" itemprop=\"video\" itemscope itemtype=\"https:\/\/schema.org\/VideoObject\"><meta itemprop=\"thumbnailUrl\" content=\"https:\/\/www.synchronsprecher.de\/blog\/wp-content\/uploads\/2025\/09\/VERIVOX-2025_thumb1.jpg\"><meta itemprop=\"embedUrl\" content=\"https:\/\/www.synchronsprecher.de\/blog\/?attachment_id=13039&#038;videopack%5Benable%5D=true\"><meta itemprop=\"contentUrl\" content=\"https:\/\/www.synchronsprecher.de\/blog\/wp-content\/uploads\/2025\/09\/VERIVOX-2025.mp4\"><meta itemprop=\"name\" content=\"\"><meta itemprop=\"description\" content=\"Verivox 2025\"><meta itemprop=\"uploadDate\" content=\"2025-09-23T10:02:04+02:00\">\n\t\t\t\t<video id=\"video_kgvid_0\" playsinline controls preload=\"metadata\" poster=\"https:\/\/www.synchronsprecher.de\/blog\/wp-content\/uploads\/2025\/09\/VERIVOX-2025_thumb1.jpg\" width=\"1920\" height=\"1080\" class=\"fitvidsignore video-js kg-video-js-skin\">\n\t\t\t\t\t<source src=\"https:\/\/www.synchronsprecher.de\/blog\/wp-content\/uploads\/2025\/09\/VERIVOX-2025.mp4?id=0\" type=\"video\/mp4\" data-res=\"1080p\">\n\t\t\t\t<\/video>\n\t\t\t<\/div>\n\t\t\t<div style=\"display:none\" id=\"video_kgvid_0_meta\" class=\"kgvid_video_meta kgvid_video_meta_hover \">\n\t\t\t\t<span class='kgvid_meta_icons'><\/span>\n\t\t\t\t<span id='video_kgvid_0_title' class='kgvid_title'><\/span>\n<\/div>\n\t\t<\/div>\n<p style=\"text-align: center;\">PS: VERIVOX gilt als einer der gr\u00f6\u00dften Anbieter im Bereich Tarifvergleiche in Deutschland und wird regelm\u00e4\u00dfig von unabh\u00e4ngigen Institutionen wie dem T\u00dcV oder der Stiftung Warentest gepr\u00fcft und ausgezeichnet \u2705<\/p>\n<div style=\"background-color: whitesmoke; padding-left: 40px;\" data-darkreader-inline-bgcolor=\"\">\n<div style=\"height: 24px;\"><\/div>\n<p style=\"text-align: center;\">Danke VERIVOX \u2764\ufe0f !<\/p>\n<p style=\"text-align: center;\"><br data-start=\"3792\" data-end=\"3795\" \/>\u27a1\ufe0f J<a href=\"https:\/\/www.synchronsprecher.de\/#Kontakt\">etzt professionelle Vertonung anfragen<\/a>.<\/p>\n<\/div>\n","protected":false},"excerpt":{"rendered":"<p>VERIVOX Werbung<\/p>\n","protected":false},"author":2,"featured_media":13038,"comment_status":"open","ping_status":"open","sticky":false,"template":"","format":"standard","meta":{"_acf_changed":false,"footnotes":""},"categories":[11917],"tags":[],"class_list":["post-13037","post","type-post","status-publish","format-standard","has-post-thumbnail","hentry","category-projekte"],"acf":[],"yoast_head":"<!-- This site is optimized with the Yoast SEO plugin v27.4 - https:\/\/yoast.com\/product\/yoast-seo-wordpress\/ -->\n<title>VERIVOX Werbung + Sprecher + Tonstudio - Synchronsprecher<\/title>\n<meta name=\"description\" content=\"VERIVOX Werbung - Synchronsprecher und Synchronsprecherinnen - Internationale Synchron Native Speaker, Synchronagentur - Tonstudio.\" \/>\n<meta name=\"robots\" content=\"index, follow, max-snippet:-1, max-image-preview:large, max-video-preview:-1\" \/>\n<link rel=\"canonical\" href=\"https:\/\/www.synchronsprecher.de\/blog\/verivox-werbung-sprecher-tonstudio\/\" \/>\n<meta name=\"author\" content=\"Corsta Danner\" \/>\n<script type=\"application\/ld+json\" class=\"yoast-schema-graph\">{\"@context\":\"https:\\\/\\\/schema.org\",\"@graph\":[{\"@type\":\"BreadcrumbList\",\"@id\":\"https:\\\/\\\/www.synchronsprecher.de\\\/blog\\\/verivox-werbung-sprecher-tonstudio\\\/#breadcrumb\",\"itemListElement\":[{\"@type\":\"ListItem\",\"position\":1,\"name\":\"Startseite\",\"item\":\"https:\\\/\\\/www.synchronsprecher.de\\\/blog\\\/\"},{\"@type\":\"ListItem\",\"position\":2,\"name\":\"VERIVOX Werbung + Sprecher + Tonstudio\"}]}]}<\/script>\n<!-- \/ Yoast SEO plugin. -->","yoast_head_json":{"title":"VERIVOX Werbung + Sprecher + Tonstudio - Synchronsprecher","description":"VERIVOX Werbung - Synchronsprecher und Synchronsprecherinnen - Internationale Synchron Native Speaker, Synchronagentur - Tonstudio.","robots":{"index":"index","follow":"follow","max-snippet":"max-snippet:-1","max-image-preview":"max-image-preview:large","max-video-preview":"max-video-preview:-1"},"canonical":"https:\/\/www.synchronsprecher.de\/blog\/verivox-werbung-sprecher-tonstudio\/","author":"Corsta Danner","schema":{"@context":"https:\/\/schema.org","@graph":[{"@type":"BreadcrumbList","@id":"https:\/\/www.synchronsprecher.de\/blog\/verivox-werbung-sprecher-tonstudio\/#breadcrumb","itemListElement":[{"@type":"ListItem","position":1,"name":"Startseite","item":"https:\/\/www.synchronsprecher.de\/blog\/"},{"@type":"ListItem","position":2,"name":"VERIVOX Werbung + Sprecher + Tonstudio"}]}]}},"_links":{"self":[{"href":"https:\/\/www.synchronsprecher.de\/blog\/wp-json\/wp\/v2\/posts\/13037","targetHints":{"allow":["GET"]}}],"collection":[{"href":"https:\/\/www.synchronsprecher.de\/blog\/wp-json\/wp\/v2\/posts"}],"about":[{"href":"https:\/\/www.synchronsprecher.de\/blog\/wp-json\/wp\/v2\/types\/post"}],"author":[{"embeddable":true,"href":"https:\/\/www.synchronsprecher.de\/blog\/wp-json\/wp\/v2\/users\/2"}],"replies":[{"embeddable":true,"href":"https:\/\/www.synchronsprecher.de\/blog\/wp-json\/wp\/v2\/comments?post=13037"}],"version-history":[{"count":18,"href":"https:\/\/www.synchronsprecher.de\/blog\/wp-json\/wp\/v2\/posts\/13037\/revisions"}],"predecessor-version":[{"id":18437,"href":"https:\/\/www.synchronsprecher.de\/blog\/wp-json\/wp\/v2\/posts\/13037\/revisions\/18437"}],"wp:featuredmedia":[{"embeddable":true,"href":"https:\/\/www.synchronsprecher.de\/blog\/wp-json\/wp\/v2\/media\/13038"}],"wp:attachment":[{"href":"https:\/\/www.synchronsprecher.de\/blog\/wp-json\/wp\/v2\/media?parent=13037"}],"wp:term":[{"taxonomy":"category","embeddable":true,"href":"https:\/\/www.synchronsprecher.de\/blog\/wp-json\/wp\/v2\/categories?post=13037"},{"taxonomy":"post_tag","embeddable":true,"href":"https:\/\/www.synchronsprecher.de\/blog\/wp-json\/wp\/v2\/tags?post=13037"}],"curies":[{"name":"wp","href":"https:\/\/api.w.org\/{rel}","templated":true}]}}