{"id":12987,"date":"2025-02-06T15:47:23","date_gmt":"2025-02-06T14:47:23","guid":{"rendered":"https:\/\/www.synchronsprecher.de\/blog\/?p=12987"},"modified":"2026-02-15T22:11:13","modified_gmt":"2026-02-15T21:11:13","slug":"hoerbuchproduktion-studio-aufnahme","status":"publish","type":"post","link":"https:\/\/www.synchronsprecher.de\/blog\/hoerbuchproduktion-studio-aufnahme\/","title":{"rendered":"H\u00f6rbuchproduktion &#8211; Studio &#8211; Aufnahme"},"content":{"rendered":"<p><img decoding=\"async\" class=\"wp-image-12988 alignleft\" src=\"https:\/\/www.synchronsprecher.de\/blog\/wp-content\/uploads\/2025\/09\/Bildschirmfoto-2025-09-12-um-16.44.10-300x231.png\" alt=\"\" width=\"216\" height=\"166\" data-wp-pid=\"12988\" srcset=\"https:\/\/www.synchronsprecher.de\/blog\/wp-content\/uploads\/2025\/09\/Bildschirmfoto-2025-09-12-um-16.44.10-200x154.png 200w, https:\/\/www.synchronsprecher.de\/blog\/wp-content\/uploads\/2025\/09\/Bildschirmfoto-2025-09-12-um-16.44.10-300x231.png 300w, https:\/\/www.synchronsprecher.de\/blog\/wp-content\/uploads\/2025\/09\/Bildschirmfoto-2025-09-12-um-16.44.10-400x308.png 400w, https:\/\/www.synchronsprecher.de\/blog\/wp-content\/uploads\/2025\/09\/Bildschirmfoto-2025-09-12-um-16.44.10-600x461.png 600w, https:\/\/www.synchronsprecher.de\/blog\/wp-content\/uploads\/2025\/09\/Bildschirmfoto-2025-09-12-um-16.44.10-768x590.png 768w, https:\/\/www.synchronsprecher.de\/blog\/wp-content\/uploads\/2025\/09\/Bildschirmfoto-2025-09-12-um-16.44.10-800x615.png 800w, https:\/\/www.synchronsprecher.de\/blog\/wp-content\/uploads\/2025\/09\/Bildschirmfoto-2025-09-12-um-16.44.10-1024x787.png 1024w, https:\/\/www.synchronsprecher.de\/blog\/wp-content\/uploads\/2025\/09\/Bildschirmfoto-2025-09-12-um-16.44.10-1200x923.png 1200w, https:\/\/www.synchronsprecher.de\/blog\/wp-content\/uploads\/2025\/09\/Bildschirmfoto-2025-09-12-um-16.44.10.png 1280w\" sizes=\"(max-width: 216px) 100vw, 216px\" \/><\/p>\n<p>&nbsp;<\/p>\n<p>&nbsp;<\/p>\n<p>&nbsp;<\/p>\n<p>&nbsp;<\/p>\n<p>Wieder einmal durften wir mit unserem beliebten <span style=\"color: #339966;\" data-darkreader-inline-color=\"\"><a style=\"color: #339966;\" href=\"https:\/\/www.synchronsprecher.de\/leistungen\/hoerbuch-sprecher-buchen.html\" data-darkreader-inline-color=\"\">H\u00f6rbuchsprecher Achim<\/a> <\/span>ein spannendes H\u00f6rbuch in unseren <strong>Tonstudios<\/strong> vertonen.<br \/>\nDer Autor Stefan Schwedes berichtet von Tipps und Tricks im ungleichen Spiel gegen die Sozialversicherung in Deutschland.<br \/>\nCharmant geschrieben und elegant von unserem <strong>Profi Spreche<\/strong>r Achim vorgetragen.<\/p>\n<p>Auszug: (kleine H\u00f6rprobe)<\/p>\n<!--[if lt IE 9]><script>document.createElement('audio');<\/script><![endif]-->\n<audio class=\"wp-audio-shortcode\" id=\"audio-12987-1\" preload=\"none\" style=\"width: 100%;\" controls=\"controls\"><source type=\"audio\/mpeg\" src=\"https:\/\/www.synchronsprecher.de\/blog\/wp-content\/uploads\/2025\/09\/Achim.mp3?_=1\" \/><a href=\"https:\/\/www.synchronsprecher.de\/blog\/wp-content\/uploads\/2025\/09\/Achim.mp3\">https:\/\/www.synchronsprecher.de\/blog\/wp-content\/uploads\/2025\/09\/Achim.mp3<\/a><\/audio>\n<p><span style=\"color: #339966;\" data-darkreader-inline-color=\"\"><a style=\"color: #339966;\" href=\"https:\/\/www.synchronsprecher.de\/blog\/sprecher-fuer-hoerbuch-hoerbuch-sprecher\/\" data-darkreader-inline-color=\"\">Erfahre hier mehr \u00fcber unseren H\u00f6rbuch Sprecher Achim.<\/a><\/span><\/p>\n<p>Gerne produzieren wir auch Ihr H\u00f6rbuch!<\/p>\n<p>Kontaktieren Sie uns einfach <span style=\"color: #339966;\" data-darkreader-inline-color=\"\"><a style=\"color: #339966;\" href=\"mailto:info@synchronsprecher.de\" data-darkreader-inline-color=\"\">per Mail <\/a><\/span>oder per Telefon <span style=\"color: #339966;\" data-darkreader-inline-color=\"\"><a style=\"color: #339966;\" href=\"tel:07805493990\" data-darkreader-inline-color=\"\">07805 \/ 493 99 0<\/a>\u00a0<\/span> &#8211; wir beraten Sie mit \u2764\ufe0f und Leidenschaft!<\/p>\n","protected":false},"excerpt":{"rendered":"<p>&nbsp; &nbsp; &nbsp; &nbsp; Wieder einmal durften wir mit unserem beliebten H\u00f6rbuchsprecher Achim ein spannendes H\u00f6rbuch in unseren Tonstudios vertonen. Der Autor Stefan Schwedes berichtet von Tipps und Tricks im ungleichen Spiel gegen die Sozialversicherung in Deutschland. Charmant geschrieben und elegant von unserem Profi Sprecher Achim vorgetragen. Auszug: (kleine H\u00f6rprobe) Erfahre hier mehr \u00fcber unseren H\u00f6rbuch Sprecher Achim. Gerne produzieren wir auch Ihr H\u00f6rbuch! Kontaktieren Sie uns einfach per Mail oder per Telefon 07805 \/ 493 99 0\u00a0 &#8211; wir beraten Sie mit \u2764\ufe0f und Leidenschaft!<\/p>\n","protected":false},"author":2,"featured_media":12988,"comment_status":"open","ping_status":"open","sticky":false,"template":"","format":"standard","meta":{"_acf_changed":false,"footnotes":""},"categories":[11917],"tags":[],"class_list":["post-12987","post","type-post","status-publish","format-standard","has-post-thumbnail","hentry","category-projekte"],"acf":[],"yoast_head":"<!-- This site is optimized with the Yoast SEO plugin v27.4 - https:\/\/yoast.com\/product\/yoast-seo-wordpress\/ -->\n<title>H\u00f6rbuchproduktion - Studio - Aufnahme - Synchronsprecher<\/title>\n<meta name=\"description\" content=\"H\u00f6rbuchproduktion mit Synchronsprecher direkt mit Tonstudio buchen. Carpe Diem Studios GmbH\" \/>\n<meta name=\"robots\" content=\"index, follow, max-snippet:-1, max-image-preview:large, max-video-preview:-1\" \/>\n<link rel=\"canonical\" href=\"https:\/\/www.synchronsprecher.de\/blog\/hoerbuchproduktion-studio-aufnahme\/\" \/>\n<meta name=\"author\" content=\"Corsta Danner\" \/>\n<script type=\"application\/ld+json\" class=\"yoast-schema-graph\">{\"@context\":\"https:\\\/\\\/schema.org\",\"@graph\":[{\"@type\":\"BreadcrumbList\",\"@id\":\"https:\\\/\\\/www.synchronsprecher.de\\\/blog\\\/hoerbuchproduktion-studio-aufnahme\\\/#breadcrumb\",\"itemListElement\":[{\"@type\":\"ListItem\",\"position\":1,\"name\":\"Startseite\",\"item\":\"https:\\\/\\\/www.synchronsprecher.de\\\/blog\\\/\"},{\"@type\":\"ListItem\",\"position\":2,\"name\":\"H\u00f6rbuchproduktion &#8211; Studio &#8211; Aufnahme\"}]}]}<\/script>\n<!-- \/ Yoast SEO plugin. -->","yoast_head_json":{"title":"H\u00f6rbuchproduktion - Studio - Aufnahme - Synchronsprecher","description":"H\u00f6rbuchproduktion mit Synchronsprecher direkt mit Tonstudio buchen. Carpe Diem Studios GmbH","robots":{"index":"index","follow":"follow","max-snippet":"max-snippet:-1","max-image-preview":"max-image-preview:large","max-video-preview":"max-video-preview:-1"},"canonical":"https:\/\/www.synchronsprecher.de\/blog\/hoerbuchproduktion-studio-aufnahme\/","author":"Corsta Danner","schema":{"@context":"https:\/\/schema.org","@graph":[{"@type":"BreadcrumbList","@id":"https:\/\/www.synchronsprecher.de\/blog\/hoerbuchproduktion-studio-aufnahme\/#breadcrumb","itemListElement":[{"@type":"ListItem","position":1,"name":"Startseite","item":"https:\/\/www.synchronsprecher.de\/blog\/"},{"@type":"ListItem","position":2,"name":"H\u00f6rbuchproduktion &#8211; Studio &#8211; Aufnahme"}]}]}},"_links":{"self":[{"href":"https:\/\/www.synchronsprecher.de\/blog\/wp-json\/wp\/v2\/posts\/12987","targetHints":{"allow":["GET"]}}],"collection":[{"href":"https:\/\/www.synchronsprecher.de\/blog\/wp-json\/wp\/v2\/posts"}],"about":[{"href":"https:\/\/www.synchronsprecher.de\/blog\/wp-json\/wp\/v2\/types\/post"}],"author":[{"embeddable":true,"href":"https:\/\/www.synchronsprecher.de\/blog\/wp-json\/wp\/v2\/users\/2"}],"replies":[{"embeddable":true,"href":"https:\/\/www.synchronsprecher.de\/blog\/wp-json\/wp\/v2\/comments?post=12987"}],"version-history":[{"count":15,"href":"https:\/\/www.synchronsprecher.de\/blog\/wp-json\/wp\/v2\/posts\/12987\/revisions"}],"predecessor-version":[{"id":14910,"href":"https:\/\/www.synchronsprecher.de\/blog\/wp-json\/wp\/v2\/posts\/12987\/revisions\/14910"}],"wp:featuredmedia":[{"embeddable":true,"href":"https:\/\/www.synchronsprecher.de\/blog\/wp-json\/wp\/v2\/media\/12988"}],"wp:attachment":[{"href":"https:\/\/www.synchronsprecher.de\/blog\/wp-json\/wp\/v2\/media?parent=12987"}],"wp:term":[{"taxonomy":"category","embeddable":true,"href":"https:\/\/www.synchronsprecher.de\/blog\/wp-json\/wp\/v2\/categories?post=12987"},{"taxonomy":"post_tag","embeddable":true,"href":"https:\/\/www.synchronsprecher.de\/blog\/wp-json\/wp\/v2\/tags?post=12987"}],"curies":[{"name":"wp","href":"https:\/\/api.w.org\/{rel}","templated":true}]}}