{"id":11448,"date":"2025-02-03T14:07:48","date_gmt":"2025-02-03T13:07:48","guid":{"rendered":"https:\/\/www.synchronsprecher.de\/blog\/?p=11448"},"modified":"2026-02-13T23:49:40","modified_gmt":"2026-02-13T22:49:40","slug":"anke-friedrich-sprecherin","status":"publish","type":"post","link":"https:\/\/www.synchronsprecher.de\/blog\/anke-friedrich-sprecherin\/","title":{"rendered":"Anke Friedrich &#8211; Sprecherin"},"content":{"rendered":"<p><img decoding=\"async\" class=\"alignleft wp-image-11452 \" src=\"https:\/\/www.synchronsprecher.de\/blog\/wp-content\/uploads\/2025\/02\/Anke-Friedrich-Sprecherin-224x300.png\" alt=\"\" width=\"241\" height=\"323\" data-wp-pid=\"11452\" srcset=\"https:\/\/www.synchronsprecher.de\/blog\/wp-content\/uploads\/2025\/02\/Anke-Friedrich-Sprecherin-200x268.png 200w, https:\/\/www.synchronsprecher.de\/blog\/wp-content\/uploads\/2025\/02\/Anke-Friedrich-Sprecherin-224x300.png 224w, https:\/\/www.synchronsprecher.de\/blog\/wp-content\/uploads\/2025\/02\/Anke-Friedrich-Sprecherin-400x536.png 400w, https:\/\/www.synchronsprecher.de\/blog\/wp-content\/uploads\/2025\/02\/Anke-Friedrich-Sprecherin-600x804.png 600w, https:\/\/www.synchronsprecher.de\/blog\/wp-content\/uploads\/2025\/02\/Anke-Friedrich-Sprecherin-764x1024.png 764w, https:\/\/www.synchronsprecher.de\/blog\/wp-content\/uploads\/2025\/02\/Anke-Friedrich-Sprecherin-768x1029.png 768w, https:\/\/www.synchronsprecher.de\/blog\/wp-content\/uploads\/2025\/02\/Anke-Friedrich-Sprecherin-800x1072.png 800w, https:\/\/www.synchronsprecher.de\/blog\/wp-content\/uploads\/2025\/02\/Anke-Friedrich-Sprecherin-1147x1536.png 1147w, https:\/\/www.synchronsprecher.de\/blog\/wp-content\/uploads\/2025\/02\/Anke-Friedrich-Sprecherin-1200x1608.png 1200w, https:\/\/www.synchronsprecher.de\/blog\/wp-content\/uploads\/2025\/02\/Anke-Friedrich-Sprecherin.png 1360w\" sizes=\"(max-width: 241px) 100vw, 241px\" \/><span style=\"color: #339966; --darkreader-inline-color: var(--darkreader-text-339966, #75d1a3);\" data-darkreader-inline-color=\"\"><a style=\"color: #339966; --darkreader-inline-color: var(--darkreader-text-339966, #75d1a3);\" href=\"https:\/\/www.synchronsprecher.de\/synchronsprecher.html?Link1=0041006E006B0065005F005F00320030003200350030003200300032003100340031003700350033005F00380031003200330036002F\" data-darkreader-inline-color=\"\">Anke Friedrich<\/a><\/span> &#8211; Was f\u00fcr eine tolle <span style=\"color: #339966;\" data-darkreader-inline-color=\"\"><a style=\"color: #339966;\" href=\"https:\/\/www.synchronsprecher.de\/werbesprecher.html\" data-darkreader-inline-color=\"\">Sprecherin<\/a><\/span>!<\/p>\n<p>Doch wie beschreibt man Ihre faszinierende Stimme?<\/p>\n<p>Sanft<br \/>\nZ\u00e4rtlich<br \/>\nEinf\u00fchlsam<br \/>\nSeri\u00f6s<br \/>\nSinnlich<br \/>\nMarkant<br \/>\nWarm<br \/>\nLiebevoll<br \/>\nSuggestiv<\/p>\n<p>Wenn Sie also auf der Suche nach einer Synchronstimme mit diesen Attributen sind,<br \/>\ndann sollten Sie sich diese Stimmproben einfach mal anh\u00f6ren.<\/p>\n<p>Sprachprobe 1:<\/p>\n<!--[if lt IE 9]><script>document.createElement('audio');<\/script><![endif]-->\n<audio class=\"wp-audio-shortcode\" id=\"audio-11448-1\" preload=\"none\" style=\"width: 100%;\" controls=\"controls\"><source type=\"audio\/mpeg\" src=\"https:\/\/www.synchronsprecher.de\/blog\/wp-content\/uploads\/2025\/02\/Anke-1.mp3?_=1\" \/><a href=\"https:\/\/www.synchronsprecher.de\/blog\/wp-content\/uploads\/2025\/02\/Anke-1.mp3\">https:\/\/www.synchronsprecher.de\/blog\/wp-content\/uploads\/2025\/02\/Anke-1.mp3<\/a><\/audio>\n<p>&nbsp;<\/p>\n<p>Sprachprobe 2:<\/p>\n<audio class=\"wp-audio-shortcode\" id=\"audio-11448-2\" preload=\"none\" style=\"width: 100%;\" controls=\"controls\"><source type=\"audio\/mpeg\" src=\"https:\/\/www.synchronsprecher.de\/blog\/wp-content\/uploads\/2025\/02\/Anke-2.mp3?_=2\" \/><a href=\"https:\/\/www.synchronsprecher.de\/blog\/wp-content\/uploads\/2025\/02\/Anke-2.mp3\">https:\/\/www.synchronsprecher.de\/blog\/wp-content\/uploads\/2025\/02\/Anke-2.mp3<\/a><\/audio>\n<p>&nbsp;<\/p>\n<p>Sprachprobe 3:<\/p>\n<audio class=\"wp-audio-shortcode\" id=\"audio-11448-3\" preload=\"none\" style=\"width: 100%;\" controls=\"controls\"><source type=\"audio\/mpeg\" src=\"https:\/\/www.synchronsprecher.de\/blog\/wp-content\/uploads\/2025\/02\/Anke-3.mp3?_=3\" \/><a href=\"https:\/\/www.synchronsprecher.de\/blog\/wp-content\/uploads\/2025\/02\/Anke-3.mp3\">https:\/\/www.synchronsprecher.de\/blog\/wp-content\/uploads\/2025\/02\/Anke-3.mp3<\/a><\/audio>\n<p>&nbsp;<\/p>\n<p>Sprachprobe 4:<\/p>\n<audio class=\"wp-audio-shortcode\" id=\"audio-11448-4\" preload=\"none\" style=\"width: 100%;\" controls=\"controls\"><source type=\"audio\/mpeg\" src=\"https:\/\/www.synchronsprecher.de\/blog\/wp-content\/uploads\/2025\/02\/Anke-4.mp3?_=4\" \/><a href=\"https:\/\/www.synchronsprecher.de\/blog\/wp-content\/uploads\/2025\/02\/Anke-4.mp3\">https:\/\/www.synchronsprecher.de\/blog\/wp-content\/uploads\/2025\/02\/Anke-4.mp3<\/a><\/audio>\n<p>&nbsp;<\/p>\n<p>Sprachprobe 5:<\/p>\n<audio class=\"wp-audio-shortcode\" id=\"audio-11448-5\" preload=\"none\" style=\"width: 100%;\" controls=\"controls\"><source type=\"audio\/mpeg\" src=\"https:\/\/www.synchronsprecher.de\/blog\/wp-content\/uploads\/2025\/02\/Anke-5.mp3?_=5\" \/><a href=\"https:\/\/www.synchronsprecher.de\/blog\/wp-content\/uploads\/2025\/02\/Anke-5.mp3\">https:\/\/www.synchronsprecher.de\/blog\/wp-content\/uploads\/2025\/02\/Anke-5.mp3<\/a><\/audio>\n<p>&nbsp;<\/p>\n<p style=\"text-align: center;\">Wenn Sie Anke Friedrich als <strong><span style=\"color: #339966;\" data-darkreader-inline-color=\"\"><a style=\"color: #339966;\" href=\"https:\/\/www.synchronsprecher.de\/werbesprecher.html\" data-darkreader-inline-color=\"\">Werbesprecherin<\/a><\/span><\/strong> buchen m\u00f6chten, dann nehmen Sie gerne Kontakt mit uns auf.<br \/>\nUnter der Telefonnummer \u260e <a title=\"Rufen Sie uns an!\" href=\"tel:+4907805493990\">+49 (0)7805 49 3 99-0<\/a> sind wir pers\u00f6nlich f\u00fcr Sie da. Oder schreiben Sie uns Ihr Anliegen einfach per E-Mail an \u2709 <a title=\"Schreiben Sie uns!\" href=\"mailto:info@synchronsprecher.de\">info@synchronsprecher.de<\/a>.<\/p>\n<p>&nbsp;<\/p>\n<p style=\"text-align: center;\"><span style=\"color: #339966;\" data-darkreader-inline-color=\"\"><a style=\"color: #339966;\" href=\"https:\/\/www.synchronsprecher.de\/sprecheragentur.html\" target=\"_blank\" rel=\"noopener\" data-darkreader-inline-color=\"\"><span style=\"text-decoration: underline;\"><strong><em>Synchronsprecher.de &#8211; Sprecheragentur seit 1997<\/em><\/strong><\/span><\/a><\/span><\/p>\n<p>&nbsp;<\/p>\n<p>&nbsp;<\/p>\n<p>&nbsp;<\/p>\n<p>&nbsp;<\/p>\n<p>&nbsp;<\/p>\n<p>&nbsp;<\/p>\n<p>&nbsp;<\/p>\n<p>&nbsp;<\/p>\n<p>&nbsp;<\/p>\n<p>&nbsp;<\/p>\n<p>&nbsp;<\/p>\n<p>&nbsp;<\/p>\n<p>&nbsp;<\/p>\n<p>&nbsp;<\/p>\n<p>&nbsp;<\/p>\n<p>&nbsp;<\/p>\n<p>&nbsp;<\/p>\n<p>&nbsp;<\/p>\n<p>&nbsp;<\/p>\n<p>&nbsp;<\/p>\n<p>&nbsp;<\/p>\n<p>&nbsp;<\/p>\n<p>&nbsp;<\/p>\n<p>&nbsp;<\/p>\n<p>&nbsp;<\/p>\n<p>&nbsp;<\/p>\n<p>&nbsp;<\/p>\n<p>&nbsp;<\/p>\n<p>&nbsp;<\/p>\n<p>&nbsp;<\/p>\n<p>&nbsp;<\/p>\n<p>&nbsp;<\/p>\n<p>&nbsp;<\/p>\n<p>&nbsp;<\/p>\n<p>&nbsp;<\/p>\n<p>&nbsp;<\/p>\n<p>&nbsp;<\/p>\n<p>&nbsp;<\/p>\n<p>&nbsp;<\/p>\n<p>&nbsp;<\/p>\n<p>&nbsp;<\/p>\n<p>&nbsp;<\/p>\n<p>&nbsp;<\/p>\n<p>&nbsp;<\/p>\n<p>&nbsp;<\/p>\n<p>&nbsp;<\/p>\n<p>&nbsp;<\/p>\n<p>&nbsp;<\/p>\n<p>&nbsp;<\/p>\n<p>&nbsp;<\/p>\n<p>&nbsp;<\/p>\n<p>&nbsp;<\/p>\n<p>&nbsp;<\/p>\n<p>&nbsp;<\/p>\n<p>&nbsp;<\/p>\n<p>&nbsp;<\/p>\n<p>&nbsp;<\/p>\n<p>&nbsp;<\/p>\n<p>&nbsp;<\/p>\n<p>&nbsp;<\/p>\n<p>&nbsp;<\/p>\n<p>&nbsp;<\/p>\n<p>&nbsp;<\/p>\n<p>&nbsp;<\/p>\n<p>&nbsp;<\/p>\n<p>&nbsp;<\/p>\n<p>&nbsp;<\/p>\n<p>&nbsp;<\/p>\n<p>&nbsp;<\/p>\n<p>&nbsp;<\/p>\n<p>&nbsp;<\/p>\n<p>&nbsp;<\/p>\n<p>&nbsp;<\/p>\n<p>&nbsp;<\/p>\n<p>&nbsp;<\/p>\n<p>&nbsp;<\/p>\n<p>&nbsp;<\/p>\n<p>&nbsp;<\/p>\n<p>&nbsp;<\/p>\n<p>&nbsp;<\/p>\n<p>&nbsp;<\/p>\n<p>&nbsp;<\/p>\n<p>&nbsp;<\/p>\n<p>&nbsp;<\/p>\n<p>&nbsp;<\/p>\n<p>&nbsp;<\/p>\n<p>&nbsp;<\/p>\n<p>&nbsp;<\/p>\n<p>&nbsp;<\/p>\n<p>&nbsp;<\/p>\n<p>&nbsp;<\/p>\n<p>&nbsp;<\/p>\n<p>&nbsp;<\/p>\n<p>&nbsp;<\/p>\n<p>&nbsp;<\/p>\n<p>&nbsp;<\/p>\n<p>&nbsp;<\/p>\n<p>&nbsp;<\/p>\n<p>&nbsp;<\/p>\n<p>&nbsp;<\/p>\n<p>&nbsp;<\/p>\n<p>&nbsp;<\/p>\n<p>&nbsp;<\/p>\n<p>&nbsp;<\/p>\n<p>&nbsp;<\/p>\n<p>&nbsp;<\/p>\n<p>&nbsp;<\/p>\n<p>&nbsp;<\/p>\n<p>&nbsp;<\/p>\n<p>&nbsp;<\/p>\n<p>&nbsp;<\/p>\n<p>&nbsp;<\/p>\n<p>&nbsp;<\/p>\n<p>&nbsp;<\/p>\n<p>&nbsp;<\/p>\n<p>&nbsp;<\/p>\n<p>&nbsp;<\/p>\n<p>&nbsp;<\/p>\n<p>&nbsp;<\/p>\n<p>&nbsp;<\/p>\n<p>&nbsp;<\/p>\n<p>&nbsp;<\/p>\n<p>&nbsp;<\/p>\n<p>&nbsp;<\/p>\n<p>&nbsp;<\/p>\n<p>&nbsp;<\/p>\n<p>&nbsp;<\/p>\n<p>&nbsp;<\/p>\n<p>&nbsp;<\/p>\n<p>&nbsp;<\/p>\n<p>&nbsp;<\/p>\n<p>&nbsp;<\/p>\n<p>&nbsp;<\/p>\n<p>&nbsp;<\/p>\n<p>&nbsp;<\/p>\n<p>&nbsp;<\/p>\n<p>&nbsp;<\/p>\n<p>&nbsp;<\/p>\n<p>&nbsp;<\/p>\n<p>&nbsp;<\/p>\n<p>&nbsp;<\/p>\n<p>&nbsp;<\/p>\n<p>&nbsp;<\/p>\n<p>&nbsp;<\/p>\n<p>&nbsp;<\/p>\n<p>&nbsp;<\/p>\n<p>&nbsp;<\/p>\n<p>&nbsp;<\/p>\n<p>&nbsp;<\/p>\n<p>&nbsp;<\/p>\n<p>&nbsp;<\/p>\n<p>&nbsp;<\/p>\n<p>&nbsp;<\/p>\n<p>&nbsp;<\/p>\n<p>&nbsp;<\/p>\n<p>&nbsp;<\/p>\n<p>&nbsp;<\/p>\n<p>&nbsp;<\/p>\n<p>&nbsp;<\/p>\n<p>&nbsp;<\/p>\n<p>&nbsp;<\/p>\n<p>&nbsp;<\/p>\n<p>&nbsp;<\/p>\n<p>&nbsp;<\/p>\n<p>&nbsp;<\/p>\n<p>&nbsp;<\/p>\n<p>&nbsp;<\/p>\n<p>&nbsp;<\/p>\n<p>&nbsp;<\/p>\n<p>&nbsp;<\/p>\n<p>&nbsp;<\/p>\n<p>&nbsp;<\/p>\n<p>&nbsp;<\/p>\n<p>&nbsp;<\/p>\n<p>&nbsp;<\/p>\n<p>&nbsp;<\/p>\n<p>&nbsp;<\/p>\n<p>&nbsp;<\/p>\n<p>&nbsp;<\/p>\n<p>&nbsp;<\/p>\n<p>&nbsp;<\/p>\n<p>&nbsp;<\/p>\n<p>&nbsp;<\/p>\n<p>&nbsp;<\/p>\n<p>&nbsp;<\/p>\n<p>&nbsp;<\/p>\n<p>&nbsp;<\/p>\n<p>&nbsp;<\/p>\n<p>&nbsp;<\/p>\n<p>&nbsp;<\/p>\n<p>&nbsp;<\/p>\n<p>&nbsp;<\/p>\n<p>&nbsp;<\/p>\n<p>&nbsp;<\/p>\n<p>&nbsp;<\/p>\n<p>&nbsp;<\/p>\n<p>&nbsp;<\/p>\n<p>&nbsp;<\/p>\n<p>&nbsp;<\/p>\n<p>&nbsp;<\/p>\n<p>&nbsp;<\/p>\n<p>&nbsp;<\/p>\n<p>&nbsp;<\/p>\n<p>&nbsp;<\/p>\n<p>&nbsp;<\/p>\n<p>&nbsp;<\/p>\n<p>&nbsp;<\/p>\n<p>&nbsp;<\/p>\n<p>&nbsp;<\/p>\n<p>&nbsp;<\/p>\n<p>&nbsp;<\/p>\n<p>&nbsp;<\/p>\n<p>&nbsp;<\/p>\n<p>&nbsp;<\/p>\n<p>&nbsp;<\/p>\n<p>&nbsp;<\/p>\n<p>&nbsp;<\/p>\n<p>&nbsp;<\/p>\n<p>&nbsp;<\/p>\n<p>&nbsp;<\/p>\n<p>&nbsp;<\/p>\n<p>&nbsp;<\/p>\n<p>&nbsp;<\/p>\n<p>&nbsp;<\/p>\n<p>&nbsp;<\/p>\n<p>&nbsp;<\/p>\n<p>&nbsp;<\/p>\n<p>&nbsp;<\/p>\n<p>&nbsp;<\/p>\n<p>&nbsp;<\/p>\n<p>&nbsp;<\/p>\n<p>&nbsp;<\/p>\n<p>&nbsp;<\/p>\n<p>&nbsp;<\/p>\n<p>&nbsp;<\/p>\n<p>&nbsp;<\/p>\n<p>&nbsp;<\/p>\n<p>&nbsp;<\/p>\n<p>&nbsp;<\/p>\n<p>&nbsp;<\/p>\n<p>&nbsp;<\/p>\n<p>&nbsp;<\/p>\n<p>&nbsp;<\/p>\n<p>&nbsp;<\/p>\n<p>&nbsp;<\/p>\n<p>&nbsp;<\/p>\n<p>&nbsp;<\/p>\n<p>&nbsp;<\/p>\n<p>&nbsp;<\/p>\n<p>&nbsp;<\/p>\n<p>&nbsp;<\/p>\n<p>&nbsp;<\/p>\n<p>&nbsp;<\/p>\n<p>&nbsp;<\/p>\n<p>&nbsp;<\/p>\n<p>&nbsp;<\/p>\n<p>&nbsp;<\/p>\n<p>&nbsp;<\/p>\n<p>&nbsp;<\/p>\n<p>&nbsp;<\/p>\n<p>&nbsp;<\/p>\n<p>&nbsp;<\/p>\n<p>&nbsp;<\/p>\n<p>&nbsp;<\/p>\n<p>&nbsp;<\/p>\n<p>&nbsp;<\/p>\n<p>&nbsp;<\/p>\n<p>&nbsp;<\/p>\n<p>&nbsp;<\/p>\n<p>&nbsp;<\/p>\n<p>&nbsp;<\/p>\n<p>&nbsp;<\/p>\n<p>&nbsp;<\/p>\n<p>&nbsp;<\/p>\n<p>&nbsp;<\/p>\n<p>&nbsp;<\/p>\n<p>&nbsp;<\/p>\n<p>&nbsp;<\/p>\n<p>&nbsp;<\/p>\n<p>&nbsp;<\/p>\n<p>&nbsp;<\/p>\n<p>&nbsp;<\/p>\n<p>&nbsp;<\/p>\n<p>&nbsp;<\/p>\n<p>&nbsp;<\/p>\n<p>&nbsp;<\/p>\n<p>&nbsp;<\/p>\n<p>&nbsp;<\/p>\n<p>&nbsp;<\/p>\n<p>&nbsp;<\/p>\n<p>&nbsp;<\/p>\n<p>&nbsp;<\/p>\n<p>&nbsp;<\/p>\n<p>&nbsp;<\/p>\n<p>&nbsp;<\/p>\n<p>&nbsp;<\/p>\n<p>&nbsp;<\/p>\n<p>&nbsp;<\/p>\n<p>&nbsp;<\/p>\n<p>&nbsp;<\/p>\n<p>&nbsp;<\/p>\n<p>&nbsp;<\/p>\n<p>&nbsp;<\/p>\n<p>&nbsp;<\/p>\n<p>&nbsp;<\/p>\n<p>&nbsp;<\/p>\n<p>&nbsp;<\/p>\n<p>&nbsp;<\/p>\n<p>&nbsp;<\/p>\n<p>&nbsp;<\/p>\n<p>&nbsp;<\/p>\n<p>&nbsp;<\/p>\n<p>&nbsp;<\/p>\n<p>&nbsp;<\/p>\n<p>&nbsp;<\/p>\n<p>&nbsp;<\/p>\n<p>&nbsp;<\/p>\n<p>&nbsp;<\/p>\n<p>&nbsp;<\/p>\n<p>&nbsp;<\/p>\n<p>&nbsp;<\/p>\n<p>&nbsp;<\/p>\n<p>&nbsp;<\/p>\n<p>&nbsp;<\/p>\n<p>&nbsp;<\/p>\n<p>&nbsp;<\/p>\n<p>&nbsp;<\/p>\n<p>&nbsp;<\/p>\n<p>&nbsp;<\/p>\n<p>&nbsp;<\/p>\n<p>&nbsp;<\/p>\n<p>&nbsp;<\/p>\n<p>&nbsp;<\/p>\n<p>&nbsp;<\/p>\n<p>&nbsp;<\/p>\n<p>&nbsp;<\/p>\n<p>&nbsp;<\/p>\n<p>&nbsp;<\/p>\n<p>&nbsp;<\/p>\n<p>&nbsp;<\/p>\n<p>&nbsp;<\/p>\n<p>&nbsp;<\/p>\n<p>&nbsp;<\/p>\n<p>&nbsp;<\/p>\n<p>&nbsp;<\/p>\n<p>&nbsp;<\/p>\n<p>&nbsp;<\/p>\n<p>Sprachproben<br \/>\nVita<br \/>\nKontakt<br \/>\nBooking<br \/>\nSendung<br \/>\nLive<br \/>\nBeispiel<br \/>\nmp3<br \/>\nH\u00f6rprobe<br \/>\nRadiomoderatorin<br \/>\nHomepage<br \/>\nH\u00f6rfunk<br \/>\nRadio<br \/>\nModeratorin<br \/>\nNachrichtensprecherin<br \/>\nModeratorin beim RBB<br \/>\nRadiomoderation<br \/>\nRBB 88,8<br \/>\nWiki<br \/>\nPrivat<br \/>\nAlter<br \/>\nGeboren<br \/>\nJournalistin<br \/>\nWie alt<br \/>\nWikipedia<br \/>\nSchauspielerin<br \/>\nFacebook<br \/>\nFamilie<br \/>\nRadio Berlin<br \/>\nSynchronsprecherin<br \/>\nSprecherin f\u00fcr H\u00f6rbuch<br \/>\nSprecherin f\u00fcr Podcast<br \/>\nSprecherin f\u00fcr App<br \/>\nSprecherin f\u00fcr Meditation<br \/>\nSprecherin f\u00fcr Affirmation<br \/>\nSprecherin f\u00fcr Liebesbriefe<br \/>\nSprecherin f\u00fcr Mental Health Inhalte<br \/>\nAnke Friedrich<br \/>\nDie geb\u00fcrtige Berlinerin begann ihre Karriere bei Radiostationen in Rheinland-Pfalz und Th\u00fcringen. Seit 2008 moderiert sie beim rbb &#8211; aktuell die Vormittagssendung von rbb 88.8. Seit fast 20 Jahren ist Anke Friedrich au\u00dferdem Sprecherin f\u00fcr Dokumentationen, H\u00f6rb\u00fccher, Werbung und Podcasts.<\/p>\n<p>anke friedrich essen<br \/>\nanke friedrich esprit<br \/>\nanke friedrich eltern<br \/>\nanke friedrich familie<br \/>\nanke friedrich facebook<br \/>\nanke friedrich geboren<br \/>\n320-anke friedrich geburtstag<br \/>\nanke friedrich geschwister<br \/>\nanke friedrich instagram<br \/>\nanke isabell friedrich<br \/>\nanke friedrich moderatorin<br \/>\nanke friedrich moderatorin alter<br \/>\nanke friedrich moderatorin wikipedia<br \/>\nanke friedrich rbb geburtstag<br \/>\nanke friedrich radio berlin<br \/>\nanke friedrich radio<br \/>\nanke friedrich rbb alter<br \/>\nanke friedrich schauspielerin<br \/>\nanke friedrich wikipedia<br \/>\nanke friedrich wie alt<br \/>\nanke friedrich moderatorin wikipedia<br \/>\nanke friedrich wiki<br \/>\nanke friedrich 88.8<\/p>\n","protected":false},"excerpt":{"rendered":"<p>Anke Friedrich &#8211; Was f\u00fcr eine tolle Sprecherin! Doch wie beschreibt man Ihre faszinierende Stimme? Sanft Z\u00e4rtlich Einf\u00fchlsam Seri\u00f6s Sinnlich Markant Warm Liebevoll Suggestiv Wenn Sie also auf der Suche nach einer Synchronstimme mit diesen Attributen sind, dann sollten Sie sich diese Stimmproben einfach mal anh\u00f6ren. Sprachprobe 1: &nbsp; Sprachprobe 2: &nbsp; Sprachprobe 3: &nbsp; Sprachprobe 4: &nbsp; Sprachprobe 5: &nbsp; Wenn Sie Anke Friedrich als Werbesprecherin buchen m\u00f6chten, dann nehmen Sie gerne Kontakt mit uns auf. Unter der Telefonnummer \u260e +49 (0)7805 49 3 99-0 sind wir pers\u00f6nlich f\u00fcr Sie da. Oder schreiben Sie [&#8230;]<\/p>\n","protected":false},"author":2,"featured_media":11449,"comment_status":"open","ping_status":"open","sticky":false,"template":"","format":"standard","meta":{"_acf_changed":false,"footnotes":""},"categories":[1],"tags":[],"class_list":["post-11448","post","type-post","status-publish","format-standard","has-post-thumbnail","hentry","category-allgemein"],"acf":[],"yoast_head":"<!-- This site is optimized with the Yoast SEO plugin v27.4 - https:\/\/yoast.com\/product\/yoast-seo-wordpress\/ -->\n<title>Anke Friedrich - Sprecherin - Synchronsprecher<\/title>\n<meta name=\"description\" content=\"Anke Friedrich - Sprecherin - Synchronsprecher und Synchronsprecherinnen - Internationale Synchron Native Speaker, Synchronagentur\" \/>\n<meta name=\"robots\" content=\"index, follow, max-snippet:-1, max-image-preview:large, max-video-preview:-1\" \/>\n<link rel=\"canonical\" href=\"https:\/\/www.synchronsprecher.de\/blog\/anke-friedrich-sprecherin\/\" \/>\n<meta name=\"author\" content=\"Corsta Danner\" \/>\n<script type=\"application\/ld+json\" class=\"yoast-schema-graph\">{\"@context\":\"https:\\\/\\\/schema.org\",\"@graph\":[{\"@type\":\"BreadcrumbList\",\"@id\":\"https:\\\/\\\/www.synchronsprecher.de\\\/blog\\\/anke-friedrich-sprecherin\\\/#breadcrumb\",\"itemListElement\":[{\"@type\":\"ListItem\",\"position\":1,\"name\":\"Startseite\",\"item\":\"https:\\\/\\\/www.synchronsprecher.de\\\/blog\\\/\"},{\"@type\":\"ListItem\",\"position\":2,\"name\":\"Anke Friedrich &#8211; Sprecherin\"}]}]}<\/script>\n<!-- \/ Yoast SEO plugin. -->","yoast_head_json":{"title":"Anke Friedrich - Sprecherin - Synchronsprecher","description":"Anke Friedrich - Sprecherin - Synchronsprecher und Synchronsprecherinnen - Internationale Synchron Native Speaker, Synchronagentur","robots":{"index":"index","follow":"follow","max-snippet":"max-snippet:-1","max-image-preview":"max-image-preview:large","max-video-preview":"max-video-preview:-1"},"canonical":"https:\/\/www.synchronsprecher.de\/blog\/anke-friedrich-sprecherin\/","author":"Corsta Danner","schema":{"@context":"https:\/\/schema.org","@graph":[{"@type":"BreadcrumbList","@id":"https:\/\/www.synchronsprecher.de\/blog\/anke-friedrich-sprecherin\/#breadcrumb","itemListElement":[{"@type":"ListItem","position":1,"name":"Startseite","item":"https:\/\/www.synchronsprecher.de\/blog\/"},{"@type":"ListItem","position":2,"name":"Anke Friedrich &#8211; Sprecherin"}]}]}},"_links":{"self":[{"href":"https:\/\/www.synchronsprecher.de\/blog\/wp-json\/wp\/v2\/posts\/11448","targetHints":{"allow":["GET"]}}],"collection":[{"href":"https:\/\/www.synchronsprecher.de\/blog\/wp-json\/wp\/v2\/posts"}],"about":[{"href":"https:\/\/www.synchronsprecher.de\/blog\/wp-json\/wp\/v2\/types\/post"}],"author":[{"embeddable":true,"href":"https:\/\/www.synchronsprecher.de\/blog\/wp-json\/wp\/v2\/users\/2"}],"replies":[{"embeddable":true,"href":"https:\/\/www.synchronsprecher.de\/blog\/wp-json\/wp\/v2\/comments?post=11448"}],"version-history":[{"count":25,"href":"https:\/\/www.synchronsprecher.de\/blog\/wp-json\/wp\/v2\/posts\/11448\/revisions"}],"predecessor-version":[{"id":14778,"href":"https:\/\/www.synchronsprecher.de\/blog\/wp-json\/wp\/v2\/posts\/11448\/revisions\/14778"}],"wp:featuredmedia":[{"embeddable":true,"href":"https:\/\/www.synchronsprecher.de\/blog\/wp-json\/wp\/v2\/media\/11449"}],"wp:attachment":[{"href":"https:\/\/www.synchronsprecher.de\/blog\/wp-json\/wp\/v2\/media?parent=11448"}],"wp:term":[{"taxonomy":"category","embeddable":true,"href":"https:\/\/www.synchronsprecher.de\/blog\/wp-json\/wp\/v2\/categories?post=11448"},{"taxonomy":"post_tag","embeddable":true,"href":"https:\/\/www.synchronsprecher.de\/blog\/wp-json\/wp\/v2\/tags?post=11448"}],"curies":[{"name":"wp","href":"https:\/\/api.w.org\/{rel}","templated":true}]}}