{"id":11412,"date":"2025-01-27T12:01:01","date_gmt":"2025-01-27T11:01:01","guid":{"rendered":"https:\/\/www.synchronsprecher.de\/blog\/?p=11412"},"modified":"2025-01-27T12:01:01","modified_gmt":"2025-01-27T11:01:01","slug":"sprecher-fuer-facebook-video","status":"publish","type":"post","link":"https:\/\/www.synchronsprecher.de\/blog\/sprecher-fuer-facebook-video\/","title":{"rendered":"Sprecher f\u00fcr Facebook Video"},"content":{"rendered":"<h1><span style=\"font-size: 22px;\"><img decoding=\"async\" class=\"alignleft wp-image-11413 size-thumbnail\" src=\"https:\/\/www.synchronsprecher.de\/blog\/wp-content\/uploads\/2025\/01\/Sprecher-fuer-Facebook-Video-150x150.gif\" alt=\"\" width=\"150\" height=\"150\" data-wp-pid=\"11413\" srcset=\"https:\/\/www.synchronsprecher.de\/blog\/wp-content\/uploads\/2025\/01\/Sprecher-fuer-Facebook-Video-66x66.gif 66w, https:\/\/www.synchronsprecher.de\/blog\/wp-content\/uploads\/2025\/01\/Sprecher-fuer-Facebook-Video-150x150.gif 150w, https:\/\/www.synchronsprecher.de\/blog\/wp-content\/uploads\/2025\/01\/Sprecher-fuer-Facebook-Video-200x200.gif 200w, https:\/\/www.synchronsprecher.de\/blog\/wp-content\/uploads\/2025\/01\/Sprecher-fuer-Facebook-Video-300x300.gif 300w, https:\/\/www.synchronsprecher.de\/blog\/wp-content\/uploads\/2025\/01\/Sprecher-fuer-Facebook-Video-400x400.gif 400w\" sizes=\"(max-width: 150px) 100vw, 150px\" \/>Sprecher oder Sprecherin f\u00fcr Facebook Werbevideo<\/span><\/h1>\n<p>Du bist auf der Suche nach einer guten Stimme f\u00fcr Dein Facebook Video?<\/p>\n<p>Du suchst einen <strong>Werbesprecher<\/strong> oder eine <strong>Werbesprecherin<\/strong>?<\/p>\n<p><span style=\"text-decoration: underline;\">=&gt; Kein Problem,<\/span> in unserer umfangreichen Online-Sprecherdatenbank haben wir eine gro\u00dfe Auswahl<br \/>\nan unterschiedlichsten Werbestimmen und Synchronstimmen f\u00fcr jedes Budget.<br \/>\nVon preiswert bis exklusiv &#8211; hier wirst Du garantiert f\u00fcndig!<\/p>\n<p>Selektieren einfach in unserem Auswahlmen\u00fc Deine bevorzugten Parameter an, und schon erscheinen die gew\u00fcnschten Stimmen.<br \/>\nOder kontaktiere uns direkt. Ganz egal ob per Mail oder mit einem kurzen Anruf.<br \/>\nGemeinsam finden wir den passenden Profisprecher oder Profisprecherin f\u00fcr Deinen Facebook Clip.<\/p>\n<p>Hier geht es direkt zur Sprecherauswahl:<\/p>\n<p><a href=\"https:\/\/www.synchronsprecher.de\/werbesprecher.html\"><img decoding=\"async\" class=\"alignleft wp-image-6397 size-medium\" src=\"https:\/\/www.synchronsprecher.de\/blog\/wp-content\/uploads\/2021\/06\/Sprecher-jetzt-finden-300x41.png\" alt=\"\" width=\"300\" height=\"41\" data-wp-pid=\"6397\" srcset=\"https:\/\/www.synchronsprecher.de\/blog\/wp-content\/uploads\/2021\/06\/Sprecher-jetzt-finden-200x27.png 200w, https:\/\/www.synchronsprecher.de\/blog\/wp-content\/uploads\/2021\/06\/Sprecher-jetzt-finden-300x41.png 300w, https:\/\/www.synchronsprecher.de\/blog\/wp-content\/uploads\/2021\/06\/Sprecher-jetzt-finden-400x54.png 400w, https:\/\/www.synchronsprecher.de\/blog\/wp-content\/uploads\/2021\/06\/Sprecher-jetzt-finden-600x81.png 600w, https:\/\/www.synchronsprecher.de\/blog\/wp-content\/uploads\/2021\/06\/Sprecher-jetzt-finden-768x104.png 768w, https:\/\/www.synchronsprecher.de\/blog\/wp-content\/uploads\/2021\/06\/Sprecher-jetzt-finden-800x108.png 800w, https:\/\/www.synchronsprecher.de\/blog\/wp-content\/uploads\/2021\/06\/Sprecher-jetzt-finden-1024x139.png 1024w, https:\/\/www.synchronsprecher.de\/blog\/wp-content\/uploads\/2021\/06\/Sprecher-jetzt-finden.png 1188w\" sizes=\"(max-width: 300px) 100vw, 300px\" \/><\/a><\/p>\n<p>&nbsp;<\/p>\n<p>&nbsp;<\/p>\n","protected":false},"excerpt":{"rendered":"<p>Sprecher oder Sprecherin f\u00fcr Facebook Werbevideo Du bist auf der Suche nach einer guten Stimme f\u00fcr Dein Facebook Video? Du suchst einen Werbesprecher oder eine Werbesprecherin? =&gt; Kein Problem, in unserer umfangreichen Online-Sprecherdatenbank haben wir eine gro\u00dfe Auswahl an unterschiedlichsten Werbestimmen und Synchronstimmen f\u00fcr jedes Budget. Von preiswert bis exklusiv &#8211; hier wirst Du garantiert f\u00fcndig! Selektieren einfach in unserem Auswahlmen\u00fc Deine bevorzugten Parameter an, und schon erscheinen die gew\u00fcnschten Stimmen. Oder kontaktiere uns direkt. Ganz egal ob per Mail oder mit einem kurzen Anruf. Gemeinsam finden wir den passenden Profisprecher oder Profisprecherin f\u00fcr Deinen [&#8230;]<\/p>\n","protected":false},"author":2,"featured_media":11413,"comment_status":"open","ping_status":"open","sticky":false,"template":"","format":"standard","meta":{"_acf_changed":false,"footnotes":""},"categories":[1],"tags":[],"class_list":["post-11412","post","type-post","status-publish","format-standard","has-post-thumbnail","hentry","category-allgemein"],"acf":[],"yoast_head":"<!-- This site is optimized with the Yoast SEO plugin v27.4 - https:\/\/yoast.com\/product\/yoast-seo-wordpress\/ -->\n<title>Sprecher f\u00fcr Facebook Video - Synchronsprecher<\/title>\n<meta name=\"description\" content=\"Sprecher f\u00fcr Facebook Video - Synchronsprecher und Synchronsprecherinnen - Internationale Synchron Native Speaker, Synchronagentur\" \/>\n<meta name=\"robots\" content=\"index, follow, max-snippet:-1, max-image-preview:large, max-video-preview:-1\" \/>\n<link rel=\"canonical\" href=\"https:\/\/www.synchronsprecher.de\/blog\/sprecher-fuer-facebook-video\/\" \/>\n<meta name=\"author\" content=\"Corsta Danner\" \/>\n<script type=\"application\/ld+json\" class=\"yoast-schema-graph\">{\"@context\":\"https:\\\/\\\/schema.org\",\"@graph\":[{\"@type\":\"BreadcrumbList\",\"@id\":\"https:\\\/\\\/www.synchronsprecher.de\\\/blog\\\/sprecher-fuer-facebook-video\\\/#breadcrumb\",\"itemListElement\":[{\"@type\":\"ListItem\",\"position\":1,\"name\":\"Startseite\",\"item\":\"https:\\\/\\\/www.synchronsprecher.de\\\/blog\\\/\"},{\"@type\":\"ListItem\",\"position\":2,\"name\":\"Sprecher f\u00fcr Facebook Video\"}]}]}<\/script>\n<!-- \/ Yoast SEO plugin. -->","yoast_head_json":{"title":"Sprecher f\u00fcr Facebook Video - Synchronsprecher","description":"Sprecher f\u00fcr Facebook Video - Synchronsprecher und Synchronsprecherinnen - Internationale Synchron Native Speaker, Synchronagentur","robots":{"index":"index","follow":"follow","max-snippet":"max-snippet:-1","max-image-preview":"max-image-preview:large","max-video-preview":"max-video-preview:-1"},"canonical":"https:\/\/www.synchronsprecher.de\/blog\/sprecher-fuer-facebook-video\/","author":"Corsta Danner","schema":{"@context":"https:\/\/schema.org","@graph":[{"@type":"BreadcrumbList","@id":"https:\/\/www.synchronsprecher.de\/blog\/sprecher-fuer-facebook-video\/#breadcrumb","itemListElement":[{"@type":"ListItem","position":1,"name":"Startseite","item":"https:\/\/www.synchronsprecher.de\/blog\/"},{"@type":"ListItem","position":2,"name":"Sprecher f\u00fcr Facebook Video"}]}]}},"_links":{"self":[{"href":"https:\/\/www.synchronsprecher.de\/blog\/wp-json\/wp\/v2\/posts\/11412","targetHints":{"allow":["GET"]}}],"collection":[{"href":"https:\/\/www.synchronsprecher.de\/blog\/wp-json\/wp\/v2\/posts"}],"about":[{"href":"https:\/\/www.synchronsprecher.de\/blog\/wp-json\/wp\/v2\/types\/post"}],"author":[{"embeddable":true,"href":"https:\/\/www.synchronsprecher.de\/blog\/wp-json\/wp\/v2\/users\/2"}],"replies":[{"embeddable":true,"href":"https:\/\/www.synchronsprecher.de\/blog\/wp-json\/wp\/v2\/comments?post=11412"}],"version-history":[{"count":1,"href":"https:\/\/www.synchronsprecher.de\/blog\/wp-json\/wp\/v2\/posts\/11412\/revisions"}],"predecessor-version":[{"id":11414,"href":"https:\/\/www.synchronsprecher.de\/blog\/wp-json\/wp\/v2\/posts\/11412\/revisions\/11414"}],"wp:featuredmedia":[{"embeddable":true,"href":"https:\/\/www.synchronsprecher.de\/blog\/wp-json\/wp\/v2\/media\/11413"}],"wp:attachment":[{"href":"https:\/\/www.synchronsprecher.de\/blog\/wp-json\/wp\/v2\/media?parent=11412"}],"wp:term":[{"taxonomy":"category","embeddable":true,"href":"https:\/\/www.synchronsprecher.de\/blog\/wp-json\/wp\/v2\/categories?post=11412"},{"taxonomy":"post_tag","embeddable":true,"href":"https:\/\/www.synchronsprecher.de\/blog\/wp-json\/wp\/v2\/tags?post=11412"}],"curies":[{"name":"wp","href":"https:\/\/api.w.org\/{rel}","templated":true}]}}